{"id":30382,"date":"2017-06-01T13:50:21","date_gmt":"2017-06-01T16:50:21","guid":{"rendered":"http:\/\/catolicanet.net\/wp-cnet\/2017\/06\/01\/proibem-colocar-tercos-dentro-dos-carros-nas-filipinas\/"},"modified":"2017-06-07T14:51:47","modified_gmt":"2017-06-07T17:51:47","slug":"proibem-colocar-tercos-dentro-dos-carros-nas-filipinas","status":"publish","type":"post","link":"https:\/\/catolicanet.net\/wp-cnet\/proibem-colocar-tercos-dentro-dos-carros-nas-filipinas\/","title":{"rendered":"Pro\u00edbem colocar ter\u00e7os dentro dos carros nas Filipinas"},"content":{"rendered":"<p style=\"text-align: justify;\"><img decoding=\"async\" src=\"http:\/\/www.catolicanet.com.br\/images\/stories\/noticias2017\/rosarioauto.jpg\" border=\"0\" align=\"left\" \/>MANILA (ACI).- No confronto mais recente entre o governo e a Igreja Cat\u00f3lica nas Filipinas, as autoridades proibiram colocar ter\u00e7os e \u00edcones religiosos nos ve\u00edculos, argumentando preocupa\u00e7\u00f5es de seguran\u00e7a.<\/p>\n<p>De acordo a AFP, a proibi\u00e7\u00e3o faz parte de uma nova lei que entrar\u00e1 em vigor em 26 de maio e busca eliminar as distra\u00e7\u00f5es dos motoristas, como falar ou enviar mensagens de texto nos celulares, maquiar-se ou comer e beber.<\/p>\n<p>A proibi\u00e7\u00e3o, anunciada na semana passada, provocou recha\u00e7o nas Filipinas, onde cerca de 80% da popula\u00e7\u00e3o se diz cat\u00f3lica.<\/p>\n<p>\u201cIsto \u00e9 um exagero, insens\u00edvel e carente de senso comum\u201d, disse \u00e0 AFP o Pe. Jerome Secillano, secret\u00e1rio executivo dos assuntos p\u00fablicos na Confer\u00eancia de Bispos Cat\u00f3licos das Filipinas (CBCP, na sigla em ingl\u00eas).<\/p>\n<p>Pe. Secillano disse que a maioria dos motoristas se sente mais seguro colocando seus \u00edcones religiosos em seus ve\u00edculos, porque lhes d\u00e1 uma sensa\u00e7\u00e3o de interven\u00e7\u00e3o e prote\u00e7\u00e3o divina.<\/p>\n<p>Em um comunicado publicado no site da CBCP, Pe. Secillano disse que a proibi\u00e7\u00e3o de \u00edcones religiosos \u00e9 um excesso de uma lei que, inicialmente, buscava impedir que os motoristas ficassem distra\u00eddos com os seus telefones.<\/p>\n<p>\u201cConcordo com a proibi\u00e7\u00e3o o uso de telefones enquanto estamos dirigindo, mas absolutamente \u00e9 irrelevante proibir a exibi\u00e7\u00e3o de imagens religiosas nos carros\u201d, disse.<\/p>\n<p>A Junta de Regula\u00e7\u00e3o e Franquias de Transportes Terrestre das Filipinas, que emitiu a proibi\u00e7\u00e3o, assinalou que os objetos religiosos poder\u00e3o ser colocados no painel ou no espelho retrovisor do carro somente se n\u00e3o se mexerem ou bloquearem o campo de vis\u00e3o do motorista.<\/p>\n<p>Piston, uma associa\u00e7\u00e3o de motoristas e propriet\u00e1rios de ve\u00edculos de transporte p\u00fablico nas Filipinas, disse que n\u00e3o havia nenhuma evid\u00eancia de que os ter\u00e7os e \u00edcones religiosos causassem acidentes.<\/p>\n<p>\u201cN\u00e3o mexam com a f\u00e9 em Deus dos motoristas\u201d, disse o presidente de Piston, George San Mateo.<\/p>\n<p>A proibi\u00e7\u00e3o \u00e9 apenas o \u00faltimo confronto entre as autoridades do governo e da Igreja Cat\u00f3lica no pa\u00eds.<\/p>\n<p>A Igreja Cat\u00f3lica foi uma das maiores opositoras da guerra violenta e cruel contra as drogas do presidente das Filipinas, Rodrigo Duterte.<\/p>\n<p>Os Bispos das Filipinas tamb\u00e9m foram cr\u00edticos \u00e0s pol\u00edticas de Duterte em rela\u00e7\u00e3o \u00e0 pena de morte e \u00e0 sa\u00fade reprodutiva, que v\u00e3o contra a doutrina social da Igreja Cat\u00f3lica.<\/p>\n<p>Duterte, por sua parte, n\u00e3o demonstrou muito apre\u00e7o pela Igreja Cat\u00f3lica e insultou v\u00e1rias vezes os Bispos e inclusive o Papa Francisco.<\/p>\n<p style=\"text-align: justify;\">\u00a0<\/p>\n<p style=\"text-align: justify;\">Fonte: Acidigital<\/p>\n","protected":false},"excerpt":{"rendered":"<p>MANILA (ACI).- No confronto mais recente entre o governo e a Igreja Cat\u00f3lica nas Filipinas, as autoridades proibiram colocar ter\u00e7os e \u00edcones religiosos nos ve\u00edculos, argumentando preocupa\u00e7\u00f5es de seguran\u00e7a. De acordo a AFP, a proibi\u00e7\u00e3o faz parte de uma nova lei que entrar\u00e1 em vigor em 26 de maio e busca eliminar as distra\u00e7\u00f5es dos [&hellip;]<\/p>\n","protected":false},"author":1,"featured_media":30381,"comment_status":"open","ping_status":"open","sticky":false,"template":"","format":"standard","meta":{"footnotes":""},"categories":[4],"tags":[],"class_list":["post-30382","post","type-post","status-publish","format-standard","has-post-thumbnail","hentry","category-cotidiano"],"_links":{"self":[{"href":"https:\/\/catolicanet.net\/wp-cnet\/wp-json\/wp\/v2\/posts\/30382","targetHints":{"allow":["GET"]}}],"collection":[{"href":"https:\/\/catolicanet.net\/wp-cnet\/wp-json\/wp\/v2\/posts"}],"about":[{"href":"https:\/\/catolicanet.net\/wp-cnet\/wp-json\/wp\/v2\/types\/post"}],"author":[{"embeddable":true,"href":"https:\/\/catolicanet.net\/wp-cnet\/wp-json\/wp\/v2\/users\/1"}],"replies":[{"embeddable":true,"href":"https:\/\/catolicanet.net\/wp-cnet\/wp-json\/wp\/v2\/comments?post=30382"}],"version-history":[{"count":1,"href":"https:\/\/catolicanet.net\/wp-cnet\/wp-json\/wp\/v2\/posts\/30382\/revisions"}],"predecessor-version":[{"id":30518,"href":"https:\/\/catolicanet.net\/wp-cnet\/wp-json\/wp\/v2\/posts\/30382\/revisions\/30518"}],"wp:featuredmedia":[{"embeddable":true,"href":"https:\/\/catolicanet.net\/wp-cnet\/wp-json\/wp\/v2\/media\/30381"}],"wp:attachment":[{"href":"https:\/\/catolicanet.net\/wp-cnet\/wp-json\/wp\/v2\/media?parent=30382"}],"wp:term":[{"taxonomy":"category","embeddable":true,"href":"https:\/\/catolicanet.net\/wp-cnet\/wp-json\/wp\/v2\/categories?post=30382"},{"taxonomy":"post_tag","embeddable":true,"href":"https:\/\/catolicanet.net\/wp-cnet\/wp-json\/wp\/v2\/tags?post=30382"}],"curies":[{"name":"wp","href":"https:\/\/api.w.org\/{rel}","templated":true}]}}