{"id":30372,"date":"2017-06-01T12:07:08","date_gmt":"2017-06-01T15:07:08","guid":{"rendered":"http:\/\/catolicanet.net\/wp-cnet\/2017\/06\/01\/papa-nao-transformar-a-fe-em-ideologia-anunciar-cristo-nas-perseguicoes\/"},"modified":"2017-06-07T15:00:26","modified_gmt":"2017-06-07T18:00:26","slug":"papa-nao-transformar-a-fe-em-ideologia-anunciar-cristo-nas-perseguicoes","status":"publish","type":"post","link":"https:\/\/catolicanet.net\/wp-cnet\/papa-nao-transformar-a-fe-em-ideologia-anunciar-cristo-nas-perseguicoes\/","title":{"rendered":"Papa: n\u00e3o transformar a f\u00e9 em ideologia, anunciar Cristo nas persegui\u00e7\u00f5es"},"content":{"rendered":"<p style=\"text-align: justify;\"><img decoding=\"async\" src=\"http:\/\/www.catolicanet.com.br\/images\/stories\/papas\/ossrom9768_articolo.jpg\" border=\"0\" align=\"left\" \/>Cidade do Vaticano (RV) &#8211; O Papa Francisco presidiu a missa matutina na capela da Casa Santa Marta, nesta quinta-feira (1\u00ba\/06).<\/p>\n<p>\u201cA vida do ap\u00f3stolo Paulo \u00e9 uma vida sempre em movimento. Dif\u00edcil imaginar Paulo tomando sol na praia, se repousando. \u00c9 um homem que sempre estava em movimento\u201d, disse o Pont\u00edfice. <\/p>\n<p>O Papa se deteve na leitura do dia dos Atos dos Ap\u00f3stolos para acentuar \u201ctr\u00eas dimens\u00f5es desta vida de Paulo em movimento, sempre a caminho\u201d.<\/p>\n<p>S\u00e3o Paulo, uma vida sempre em movimento para anunciar Cristo<\/p>\n<p>A primeira \u201c\u00e9 a prega\u00e7\u00e3o, o an\u00fancio\u201d. \u201cPaulo vai de um lugar para outro anunciar Cristo e quando n\u00e3o prega num lugar, trabalha: <\/p>\n<p>\u201cMas o que ele mais faz \u00e9 a prega\u00e7\u00e3o: quando \u00e9 chamado a pregar e a anunciar Jesus Cristo, \u00e9 uma paix\u00e3o sua! N\u00e3o fica sentado diante de uma escrivaninha, n\u00e3o. Ele sempre, sempre est\u00e1 em movimento. Sempre levando adiante o an\u00fancio de Jesus Cristo. Tinha dentro de si um fogo, um zelo, um zelo apost\u00f3lico que o impelia. N\u00e3o voltava para tr\u00e1s. Sempre para frente. Esta \u00e9 uma das dimens\u00f5es que lhe traz problemas, realmente.\u201d<\/p>\n<p>Com o apoio do Esp\u00edrito Santo \u00e9 poss\u00edvel enfrentar as persegui\u00e7\u00f5es<\/p>\n<p>A segunda dimens\u00e3o desta vida de Paulo s\u00e3o \u201cas dificuldades, mais claramente as persegui\u00e7\u00f5es\u201d. Na Primeira Leitura de hoje lemos que todos est\u00e3o unidos em acus\u00e1-lo. Paulo deve ser julgado, pois \u00e9 considerado um perturbador: <\/p>\n<p>\u201cE o Esp\u00edrito deu a Paulo um pouco de esperteza e ele sabia que n\u00e3o era um, que dentre eles existiam muitas lutas internas. Sabia que os saduceus n\u00e3o acreditavam na Ressurrei\u00e7\u00e3o e que os fariseus acreditavam. Ent\u00e3o, para sair daquele momento, disse em alta voz: \u2018Irm\u00e3os, eu sou fariseu e filho de fariseus. Estou sendo julgado por causa da nossa esperan\u00e7a na ressurrei\u00e7\u00e3o dos mortos.&#8217; Quando disse isso armou-se um conflito entre fariseus e saduceus, pois os saduceus n\u00e3o acreditavam. E eles que pareciam unidos, se dividiram.\u201d <\/p>\n<p>\u201cEles eram os cust\u00f3dios da lei, os cust\u00f3dios da doutrina do Povo de Deus, os cust\u00f3dios da f\u00e9. Por\u00e9m, acreditavam em coisas diferentes. Essas pessoas tinham perdido a Lei, tinham perdido a doutrina, tinham perdido a f\u00e9, pois a transformaram em ideologia\u201d, e fizeram \u201co mesmo com a doutrina\u201d. <\/p>\n<p>A for\u00e7a de S\u00e3o Paulo \u00e9 a ora\u00e7\u00e3o, o encontro com o Senhor<\/p>\n<p>S\u00e3o Paulo, portanto, recordou o Papa, \u201cteve que lutar muito\u201d sobre este assunto. A primeira dimens\u00e3o da vida de Paulo, continuou Francisco, \u201c\u00e9 o an\u00fancio, o zelo apost\u00f3lico: levar Jesus Cristo\u201d. \u201cO segundo \u00e9: sofrer as persegui\u00e7\u00f5es, as lutas\u201d, Enfim, a terceira dimens\u00e3o: a ora\u00e7\u00e3o. \u201cPaulo &#8211; disse o Pont\u00edfice &#8211; tinha essa intimidade com o Senhor\u201d:<\/p>\n<p>\u201cEle vinha ao seu lado v\u00e1rias vezes. Uma vez ele diz que \u00e9 levado quase at\u00e9 ao s\u00e9timo c\u00e9u, na ora\u00e7\u00e3o, e n\u00e3o sabia como dizer as coisas bonitas que tinha ouvido l\u00e1. Mas este lutador, este anunciador sem limite de horizonte, sempre mais, tinha aquela dimens\u00e3o m\u00edstica do encontro com Jesus. A for\u00e7a de Paulo era este encontro com o Senhor, que ele fazia na ora\u00e7\u00e3o, como foi o primeiro encontro no caminho para Damasco, quando ele ia para perseguir os crist\u00e3os. Paulo \u00e9 o homem que encontrou o Senhor, e n\u00e3o se esque\u00e7e disso, e se deixa encontrar pelo Senhor e busca o Senhor para encontr\u00e1-lo. Homem de ora\u00e7\u00e3o\u201d.<\/p>\n<p>Estas, afirmou o Papa, \u201cs\u00e3o as tr\u00eas atitudes de Paulo que nos ensina esta passagem: o zelo apost\u00f3lico para anunciar Jesus Cristo, a resist\u00eancia &#8211; resistir \u00e0s persegui\u00e7\u00f5es &#8211; e a ora\u00e7\u00e3o: encontrar-se com o Senhor e deixar-se encontrar pelo Senhor\u201d. E assim, disse, Paulo ia para frente \u201centre as persegui\u00e7\u00f5es do mundo e as consola\u00e7\u00f5es de Deus\u201d. \u201cQue o Senhor nos d\u00ea a gra\u00e7a &#8211; concluiu o Papa &#8211; a todos n\u00f3s batizados, a gra\u00e7a de aprender essas tr\u00eas atitudes na nossa vida crist\u00e3: anunciar Jesus Cristo, resistir\u201d \u00e0s persegui\u00e7\u00f5es \u201ce \u00e0s sedu\u00e7\u00f5es que nos levam a nos distanciarmos de Jesus Cristo, e a gra\u00e7a do encontro com Jesus Cristo na ora\u00e7\u00e3o\u201d.<\/p>\n<p style=\"text-align: justify;\">\u00a0<\/p>\n<p style=\"text-align: justify;\">Fonte: R\u00e1dio Vaticano<\/p>\n","protected":false},"excerpt":{"rendered":"<p>Cidade do Vaticano (RV) &#8211; O Papa Francisco presidiu a missa matutina na capela da Casa Santa Marta, nesta quinta-feira (1\u00ba\/06). \u201cA vida do ap\u00f3stolo Paulo \u00e9 uma vida sempre em movimento. Dif\u00edcil imaginar Paulo tomando sol na praia, se repousando. \u00c9 um homem que sempre estava em movimento\u201d, disse o Pont\u00edfice. O Papa se [&hellip;]<\/p>\n","protected":false},"author":1,"featured_media":30371,"comment_status":"open","ping_status":"open","sticky":false,"template":"","format":"standard","meta":{"footnotes":""},"categories":[3],"tags":[],"class_list":["post-30372","post","type-post","status-publish","format-standard","has-post-thumbnail","hentry","category-vaticano"],"_links":{"self":[{"href":"https:\/\/catolicanet.net\/wp-cnet\/wp-json\/wp\/v2\/posts\/30372","targetHints":{"allow":["GET"]}}],"collection":[{"href":"https:\/\/catolicanet.net\/wp-cnet\/wp-json\/wp\/v2\/posts"}],"about":[{"href":"https:\/\/catolicanet.net\/wp-cnet\/wp-json\/wp\/v2\/types\/post"}],"author":[{"embeddable":true,"href":"https:\/\/catolicanet.net\/wp-cnet\/wp-json\/wp\/v2\/users\/1"}],"replies":[{"embeddable":true,"href":"https:\/\/catolicanet.net\/wp-cnet\/wp-json\/wp\/v2\/comments?post=30372"}],"version-history":[{"count":1,"href":"https:\/\/catolicanet.net\/wp-cnet\/wp-json\/wp\/v2\/posts\/30372\/revisions"}],"predecessor-version":[{"id":30523,"href":"https:\/\/catolicanet.net\/wp-cnet\/wp-json\/wp\/v2\/posts\/30372\/revisions\/30523"}],"wp:featuredmedia":[{"embeddable":true,"href":"https:\/\/catolicanet.net\/wp-cnet\/wp-json\/wp\/v2\/media\/30371"}],"wp:attachment":[{"href":"https:\/\/catolicanet.net\/wp-cnet\/wp-json\/wp\/v2\/media?parent=30372"}],"wp:term":[{"taxonomy":"category","embeddable":true,"href":"https:\/\/catolicanet.net\/wp-cnet\/wp-json\/wp\/v2\/categories?post=30372"},{"taxonomy":"post_tag","embeddable":true,"href":"https:\/\/catolicanet.net\/wp-cnet\/wp-json\/wp\/v2\/tags?post=30372"}],"curies":[{"name":"wp","href":"https:\/\/api.w.org\/{rel}","templated":true}]}}