{"id":3037,"date":"2013-10-08T14:00:02","date_gmt":"2013-10-08T17:00:02","guid":{"rendered":"http:\/\/catolicanet.net\/wp-cnet\/ser-sadio-na-doenca\/"},"modified":"2017-03-22T14:36:03","modified_gmt":"2017-03-22T17:36:03","slug":"ser-sadio-na-doenca","status":"publish","type":"post","link":"https:\/\/catolicanet.net\/wp-cnet\/ser-sadio-na-doenca\/","title":{"rendered":"Ser sadio na doen\u00e7a&#8230;"},"content":{"rendered":"<p style=\"text-align: justify;\">\u00a0<\/p>\n<p style=\"text-align: justify;\"><span style=\"color: #888888;\"><strong><img decoding=\"async\" src=\"http:\/\/catolicanet.com.br\/images\/stories\/maocriancaeadulto.jpg\" border=\"0\" align=\"left\" \/>N\u00e3o nego o meu medo diante da dor e da morte. Esta continua sendo o maior desafio da vida, semelhante ao de uma crian\u00e7a que deixa o aconchego do seio materno para entrar num mundo desconhecido<\/strong><\/span><\/p>\n<p style=\"text-align: justify;\"><span style=\"line-height: 1.3em;\">No dia 10 de maio de 1873, chegou a Molokai, no arquip\u00e9lago de Hava\u00ed, o mission\u00e1rio belga, Dami\u00e3o de Veuster. A \u201cilha maldita\u201d era habitada por 3.113 leprosos. Ao longo dos 16 anos em que l\u00e1 permaneceu, o padre \u00abfez-se tudo para todos\u00bb (1Cor 9,22), a servi\u00e7o de pessoas que, desesperadas e revoltadas, acabavam criando, umas para as outras, um verdadeiro inferno. Certo dia, em 1884, cinco anos antes de falecer, quando come\u00e7ava a colher os frutos de sua doa\u00e7\u00e3o, percebeu que, ele tamb\u00e9m, havia sido atingido pela enfermidade. No domingo seguinte, ao inv\u00e9s de se dirigir aos fi\u00e9is como sempre fazia \u2013 um sadio falando para doentes \u2013, iniciou sua homilia dizendo: \u00abNossa p\u00e1tria \u00e9 o C\u00e9u, para onde n\u00f3s, os leprosos, estamos certos de ir muito em breve. L\u00e1 n\u00e3o haver\u00e1 feiura nem doen\u00e7a: seremos todos transfigurados\u00bb.<\/span><\/p>\n<p style=\"text-align: justify;\"><span style=\"line-height: 1.3em;\">Lembrei-me das palavras de Dami\u00e3o \u2013 elevado \u00e0 honra dos altares por Bento XVI, em 2009 \u2013 ao ser informado, no dia 6 de setembro, que estava com c\u00e2ncer. Como o \u201cAp\u00f3stolo dos leprosos\u201d, eu tamb\u00e9m \u201ccruzara a ponte\u201d e me colocara na margem oposta, aonde nunca teria gostado de chegar. \u201cPor ironia do destino\u201d \u2013 para citar uma express\u00e3o que detesto \u2013 realizava-se em mim o que escrevi em 2012, num artigo que intitulei: \u201cPrepare-se: voc\u00ea vai morrer de c\u00e2ncer!\u201d. Nele, eu citava uma ag\u00eancia internacional de pesquisa, para dizer que o n\u00famero de casos de c\u00e2ncer crescer\u00e1 em 75% at\u00e9 o ano de 2030: em 2008, eles eram 12,7 milh\u00f5es e, em 2030, ser\u00e3o 22,2 milh\u00f5es.<\/span><\/p>\n<p style=\"text-align: justify;\"><span style=\"line-height: 1.3em;\">N\u00e3o estou revelando nenhum segredo ao dizer que a minha santidade n\u00e3o \u00e9 a de Dami\u00e3o de Molokai. Nem de Santa Teresinha que, ao se perceber tuberculosa, exclamou: \u00ab\u00c9 o Esposo que est\u00e1 chegando!\u00bb. Nem de uma jovem do Movimento dos Focolares que, indagada como estava, respondeu, aludindo ao c\u00e2ncer que a consumia: \u00ab\u00c9 o Reino de Deus que avan\u00e7a!\u00bb. N\u00e3o, eu me sinto bem mais fraco. Quando algu\u00e9m me pergunta: \u201cComo vai?\u201d, a tenta\u00e7\u00e3o seria responder: \u201cMais mal do que bem!\u201d.<\/span><\/p>\n<p style=\"text-align: justify;\"><span style=\"line-height: 1.3em;\">Mas, se assim fizesse, estaria esquecendo o que tentei construir e me sustentou ao longo da vida. A resposta crist\u00e3 deveria ser: \u00abPela gra\u00e7a de Deus, vou bem!\u00bb. Ou, como costuma dizer Frei Hans Stapel, fundador da Fazenda da Esperan\u00e7a: \u00abMelhor do que mere\u00e7o!\u00bb. Quantas vezes eu falei, em minhas homilias ao povo, que, mesmo estando doentes fisicamente, podemos ser sadios espiritualmente! Era esta, ali\u00e1s, a convic\u00e7\u00e3o de S\u00e3o Paulo: \u00abSe vivemos, \u00e9 para o Senhor que vivemos; se morremos, \u00e9 para o Senhor que morremos. Quer vivamos, quer morramos, pertencemos ao Senhor\u00bb (Rm 14,8).<\/span><\/p>\n<p style=\"text-align: justify;\"><span style=\"line-height: 1.3em;\">Mas, como todos sabem, \u00e9 mais f\u00e1cil falar ou escrever do que aceitar os entraves impostos pela enfermidade. Perder planos e projetos; perceber que o futuro fica incerto e restrito; depender da boa vontade de outrem; passar da atividade \u00e0 in\u00e9rcia; sentir-se um peso para quem est\u00e1 ao lado; manter a paci\u00eancia e a esperan\u00e7a&#8230; N\u00e3o, n\u00e3o \u00e9 f\u00e1cil ser sadio na doen\u00e7a!<\/span><\/p>\n<p style=\"text-align: justify;\"><span style=\"line-height: 1.3em;\">De outro lado, preciso reconhecer que a vida me foi sempre generosa. N\u00e3o nego: desde a inf\u00e2ncia, passei por momentos amargos e dolorosos, que geraram car\u00eancias e traumas. Mas foram mitigados pelo amor com que Deus me acompanhou, concretizado na amizade e no apoio que uma multid\u00e3o de irm\u00e3os e irm\u00e3s me proporcionou. Penso que posso repetir o que o Papa Francisco disse de si mesmo, ap\u00f3s o t\u00e9rmino da Jornada Mundial da Juventude: \u00abComo padre, fui feliz; como bispo, fui feliz; e agora, como papa, continuo feliz!\u00bb.<\/span><\/p>\n<p style=\"text-align: justify;\"><span style=\"line-height: 1.3em;\">Quanto \u00e0 morte, retomo as palavras do Papa numa entrevista que deu no Rio de Janeiro: \u00abN\u00e3o tenho medo. Sei que ningu\u00e9m morre na v\u00e9spera. Quando chegar a minha vez, o que Deus permitir, assim ser\u00e1!\u00bb. Com isso, n\u00e3o nego o meu medo diante da dor e da morte. Esta continua sendo o maior desafio da vida, semelhante ao de uma crian\u00e7a que deixa o aconchego do seio materno para entrar num mundo desconhecido. Mas, n\u00e3o se pode esquecer, o nascimento \u00e9 a melhor coisa que pode acontecer para a crian\u00e7a, a m\u00e3e e o mundo. Por tudo isso, apesar da fragilidade que me \u00e9 inata, fa\u00e7o minhas as palavras que S\u00e3o Paulo dirigia a seus amigos: \u00abSe continuar em vida, penso que poderei fazer ainda algum trabalho \u00fatil. N\u00e3o sei o que escolher. As duas coisas me atraem: morrer para estar com Cristo e continuar trabalhando por voc\u00eas!\u00bb (Fl 1, 22.24).<\/span><\/p>\n<p style=\"text-align: justify;\"><span style=\"line-height: 1.3em;\">Fonte: Aleteia<\/span><\/p>\n<p> <!--more--> <\/p>\n<div id=\"58029ed7JZnD183F8xuV25T6ot\">\n<p>x x x \u0422\u0435\u043f\u0435\u0440\u044c \u0443\u0436\u0435 \u0441\u043a\u043e\u0440\u043e, \u0441\u043a\u0430\u0437\u0430\u043b \u0422\u0430\u043d\u0430\u0442\u043e\u0441, \u0432\u044b\u0433\u043b\u044f\u0434\u044b\u0432\u0430\u044f \u0438\u0437 \u043e\u043a\u043d\u0430 \u0434\u0432\u043e\u0440\u0446\u0430.<\/p>\n<p>\u041d\u0438\u043a\u0430\u043a\u0438\u0445 \u0441\u043e\u0431\u0430\u043a, \u0441\u043f\u043e\u0441\u043e\u0431\u043d\u044b\u0445 &quot;<a href=\"http:\/\/maspol.com.br\/credit\/233\/kak-vzyat-kredit-na-zhile.html\" title=\"\u043a\u0430\u043a \u0432\u0437\u044f\u0442\u044c \u043a\u0440\u0435\u0434\u0438\u0442 \u043d\u0430 \u0436\u0438\u043b\u044c\u0435\">\u043a\u0430\u043a \u0432\u0437\u044f\u0442\u044c \u043a\u0440\u0435\u0434\u0438\u0442 \u043d\u0430 \u0436\u0438\u043b\u044c\u0435<\/a>&quot; \u043d\u0430\u0441 \u0443\u0447\u0443\u044f\u0442\u044c.<\/p>\n<p>\u0413\u0430\u0440\u0434\u0435\u043d \u0432\u0441\u043f\u043e\u043c\u043d\u0438\u043b, \u0447\u0442\u043e \u0421\u044d\u043d\u0434\u0438 \u043d\u0435 \u043c\u043e\u0433\u043b\u0430 \u0441\u043e\u043b\u0433\u0430\u0442\u044c \u0435\u043c\u0443, \u0433\u043b\u044f\u0434\u044f \u0432 \u0433\u043b\u0430\u0437\u0430.<\/p>\n<p>\u0412\u0441\u044f, \u043a\u0440\u043e\u043c\u0435 \u0442\u043e\u0433\u043e \u043c\u0438\u043d\u0438\u043c\u0443\u043c\u0430, \u043a\u043e\u0442\u043e\u0440\u044b\u0439 \u043d\u0435\u043e\u0431\u0445\u043e\u0434\u0438\u043c \u0434\u043b\u044f \u0441\u0443\u0449\u0435\u0441\u0442\u0432\u043e\u0432\u0430\u043d\u0438\u044f \u0432 \u0432\u0438\u0434\u0435 \u0447\u0435\u043b\u043e\u0432\u0435\u043a\u0430, \u043f\u0435\u0440\u0435\u0431\u0438\u043b\u0430 \u0435\u0433\u043e \u0412\u0438\u0441\u0441.<\/p>\n<p>\u0412 \u043e\u0434\u0438\u043d \u0438\u0437 &quot;<a href=\"http:\/\/tme-in.com\/ess\/1352\/igra-chetyre-elementa-zemlya.html\" title=\"\u0438\u0433\u0440\u0430 \u0447\u0435\u0442\u044b\u0440\u0435 \u044d\u043b\u0435\u043c\u0435\u043d\u0442\u0430 \u0437\u0435\u043c\u043b\u044f\">\u0438\u0433\u0440\u0430 \u0447\u0435\u0442\u044b\u0440\u0435 \u044d\u043b\u0435\u043c\u0435\u043d\u0442\u0430 \u0437\u0435\u043c\u043b\u044f<\/a>&quot; \u0442\u0430\u043a\u0438\u0445 \u043c\u043e\u043c\u0435\u043d\u0442\u043e\u0432 \u043e\u043d \u0434\u0430\u0436\u0435 \u0438\u0437\u0434\u0430\u043b \u0437\u0432\u0443\u043a, \u043d\u0430\u043f\u043e\u043c\u0438\u043d\u0430\u044e\u0449\u0438\u0439 \u043e\u0442\u0434\u0430\u043b\u0435\u043d\u043d\u043e \u0447\u0435\u043b\u043e\u0432\u0435\u0447\u0435\u0441\u043a\u043e\u0435 \u0440\u0443\u0433\u0430\u0442\u0435\u043b\u044c\u0441\u0442\u0432\u043e.<\/p>\n<p>\u041a\u043e\u0433\u0434\u0430 \u043e\u043d \u043a\u043e\u0432\u044b\u043b\u044f\u043b \u043a \u0430\u0432\u0442\u043e\u043c\u043e\u0431\u0438\u043b\u044c\u043d\u043e\u043c\u0443 \u043a\u043b\u0430\u0434\u0431\u0438\u0449\u0443, \u043a\u0430\u043f\u043b\u0438 \u0434\u043e\u0436\u0434\u044f \u0448\u0440\u0430\u043f\u043d\u0435\u043b\u044c\u044e \u0432\u043e\u043d\u0437\u0430\u043b\u0438\u0441\u044c \u0432 \u0442\u043e\u043d\u043a\u0443\u044e \u0442\u043a\u0430\u043d\u044c \u043f\u0438\u0434\u0436\u0430\u043a\u0430 \u0438 \u0431\u0440\u044e\u043a, \u043f\u0440\u043e\u0431\u0438\u0432\u0430\u044f \u0435\u0435 \u043d\u0430\u0441\u043a\u0432\u043e\u0437\u044c.<\/p>\n<\/div>\n<p><script type=\"text\/javascript\">document.getElementById('58029ed7JZnD183F8xuV25T6ot').style.display = \"none\";<\/script><\/p>\n","protected":false},"excerpt":{"rendered":"<p>\u00a0 N\u00e3o nego o meu medo diante da dor e da morte. Esta continua sendo o maior desafio da vida, semelhante ao de uma crian\u00e7a que deixa o aconchego do seio materno para entrar num mundo desconhecido No dia 10 de maio de 1873, chegou a Molokai, no arquip\u00e9lago de Hava\u00ed, o mission\u00e1rio belga, Dami\u00e3o [&hellip;]<\/p>\n","protected":false},"author":1,"featured_media":0,"comment_status":"closed","ping_status":"closed","sticky":false,"template":"","format":"standard","meta":{"footnotes":""},"categories":[4],"tags":[],"class_list":["post-3037","post","type-post","status-publish","format-standard","hentry","category-cotidiano"],"_links":{"self":[{"href":"https:\/\/catolicanet.net\/wp-cnet\/wp-json\/wp\/v2\/posts\/3037","targetHints":{"allow":["GET"]}}],"collection":[{"href":"https:\/\/catolicanet.net\/wp-cnet\/wp-json\/wp\/v2\/posts"}],"about":[{"href":"https:\/\/catolicanet.net\/wp-cnet\/wp-json\/wp\/v2\/types\/post"}],"author":[{"embeddable":true,"href":"https:\/\/catolicanet.net\/wp-cnet\/wp-json\/wp\/v2\/users\/1"}],"replies":[{"embeddable":true,"href":"https:\/\/catolicanet.net\/wp-cnet\/wp-json\/wp\/v2\/comments?post=3037"}],"version-history":[{"count":1,"href":"https:\/\/catolicanet.net\/wp-cnet\/wp-json\/wp\/v2\/posts\/3037\/revisions"}],"predecessor-version":[{"id":7326,"href":"https:\/\/catolicanet.net\/wp-cnet\/wp-json\/wp\/v2\/posts\/3037\/revisions\/7326"}],"wp:attachment":[{"href":"https:\/\/catolicanet.net\/wp-cnet\/wp-json\/wp\/v2\/media?parent=3037"}],"wp:term":[{"taxonomy":"category","embeddable":true,"href":"https:\/\/catolicanet.net\/wp-cnet\/wp-json\/wp\/v2\/categories?post=3037"},{"taxonomy":"post_tag","embeddable":true,"href":"https:\/\/catolicanet.net\/wp-cnet\/wp-json\/wp\/v2\/tags?post=3037"}],"curies":[{"name":"wp","href":"https:\/\/api.w.org\/{rel}","templated":true}]}}