{"id":30356,"date":"2017-06-06T03:00:00","date_gmt":"2017-06-06T06:00:00","guid":{"rendered":"http:\/\/catolicanet.net\/wp-cnet\/2017\/06\/06\/a-festa-de-pentecostes\/"},"modified":"2017-06-07T13:41:48","modified_gmt":"2017-06-07T16:41:48","slug":"a-festa-de-pentecostes","status":"publish","type":"post","link":"https:\/\/catolicanet.net\/wp-cnet\/a-festa-de-pentecostes\/","title":{"rendered":"A Festa de Pentecostes"},"content":{"rendered":"<p style=\"text-align: justify;\"><img decoding=\"async\" src=\"http:\/\/www.catolicanet.com.br\/images\/stories\/padre bruno co.jpg\" border=\"0\" align=\"left\" \/>*Padre Bruno Costa<\/p>\n<p style=\"text-align: justify;\">Pentecostes \u00e9 uma celebra\u00e7\u00e3o religiosa, crist\u00e3, 50 dias depois do domingo de P\u00e1scoa, que comemora a descida do Esp\u00edrito Santo sobre os ap\u00f3stolos de Jesus Cristo.<\/p>\n<p>Para os crist\u00e3os, Pentecostes \u00e9 uma das datas mais importantes do Calend\u00e1rio Lit\u00fargico, junto \u00e0 P\u00e1scoa e o Natal. No dia de Pentecostes, a P\u00e1scoa de Cristo se realiza na efus\u00e3o do Esp\u00edrito Santo, que \u00e9 manifestado, dado e comunicado como Pessoa Divina: de sua plenitude, Cristo, Senhor, derrama sobre n\u00f3s o Esp\u00edrito Santo.<\/p>\n<p style=\"text-align: justify;\">Essa plenitude do Esp\u00edrito n\u00e3o devia ser apenas a do Messias; devia ser comunicada a todo o povo. Por v\u00e1rias vezes Cristo prometeu essa efus\u00e3o do Esp\u00edrito Santo, promessa que realizou primeiramente no dia da P\u00e1scoa, e em seguida, de maneira mais marcante, no dia de Pentecostes.<\/p>\n<p style=\"text-align: justify;\">Os disc\u00edpulos estavam reunidos em Jerusal\u00e9m. Depois dos acontecimentos da P\u00e1scoa, ficaram cheios de medo. Viviam em grupos separados e desligados do mundo. Jesus ressuscitado aparece, re\u00fane e une esses grupos (At 2,1). A partir dessa unidade constru\u00edda em torno da mesma f\u00e9, e com o apoio espiritual de Maria Sant\u00edssima, \u00e9 que o Esp\u00edrito Santo vem sobre eles (At 1,14). Assim, aquele grupo de homens e mulheres amedrontados adquiriu a consci\u00eancia de ser uma comunidade, isto \u00e9, o corpo m\u00edstico de Cristo. Todos sentiram que Jesus estava entre eles, mais ainda do que antes, porque, na realidade, Jesus n\u00e3o mais estava com eles, estava neles.<\/p>\n<p style=\"text-align: justify;\">Repletos do Esp\u00edrito Santo, os Ap\u00f3stolos come\u00e7am a proclamar \u201cas maravilhas de Deus\u201d (At 2,11), e Pedro come\u00e7a a declarar que esta efus\u00e3o do Esp\u00edrito \u00e9 o sinal dos tempos messi\u00e2nicos.<\/p>\n<p style=\"text-align: justify;\">Somos necessitados do Esp\u00edrito Santo de Deus. Precisamos nos tempos atuais renovar cada vez mais nossa vida de ora\u00e7\u00e3o e n\u00e3o podemos perder a ESPERAN\u00c7A. Como bem sabemos, na palavra de Deus, F\u00e9 \u00e9 a certeza daquilo que ainda se espera, a demonstra\u00e7\u00e3o de realidades que n\u00e3o se veem. Repletos do Esp\u00edrito Santo, atualizando a cada dia o Pentecostes em nossa vida, seremos capazes de suportar as adversidades, tribula\u00e7\u00f5es e assumir cada vez mais nossa miss\u00e3o. Em 1 Tim\u00f3teo 1,7 diz: \u201cDeus n\u00e3o nos deu um esp\u00edrito de covardia, mas de for\u00e7a, de amor e de modera\u00e7\u00e3o\u201d.<\/p>\n<p style=\"text-align: justify;\">Quero ser como o Monsenhor Jonas Abib, fundador da Comunidade Can\u00e7\u00e3o Nova, \u00e0 qual perten\u00e7o, um homem que vive o Pentecostes diariamente e acredita que no poder do Esp\u00edrito Santo vamos al\u00e9m. Convido voc\u00ea a viver essa linda experi\u00eancia de Pentecostes para, juntos, cantarmos um c\u00e2ntico novo, uma can\u00e7\u00e3o nova.<\/p>\n<p style=\"text-align: justify;\">Pela for\u00e7a do Esp\u00edrito Santo, tudo podemos fazer. Todo aquele que ora e se abre ao Esp\u00edrito Santo, alcan\u00e7a a vit\u00f3ria. Deus aben\u00e7oe sempre!<\/p>\n<p style=\"text-align: justify;\">* Padre Bruno Costa \u00e9 mission\u00e1rio da Comunidade Can\u00e7\u00e3o Nova, Administrador do Santu\u00e1rio Pai das Miseric\u00f3rdias, autor do livro \u201cOs 7 mergulhos de Naam\u00e3 &#8211; Os bastidores do milagre\u201d , e lan\u00e7ou o CD \u201cTr\u00edduo de Ora\u00e7\u00e3o Chave de Davi\u201d e o DVD \u201cOra\u00e7\u00f5es em Can\u00e7\u00e3o\u201d<\/p>\n","protected":false},"excerpt":{"rendered":"<p>*Padre Bruno Costa Pentecostes \u00e9 uma celebra\u00e7\u00e3o religiosa, crist\u00e3, 50 dias depois do domingo de P\u00e1scoa, que comemora a descida do Esp\u00edrito Santo sobre os ap\u00f3stolos de Jesus Cristo. Para os crist\u00e3os, Pentecostes \u00e9 uma das datas mais importantes do Calend\u00e1rio Lit\u00fargico, junto \u00e0 P\u00e1scoa e o Natal. No dia de Pentecostes, a P\u00e1scoa de [&hellip;]<\/p>\n","protected":false},"author":1,"featured_media":30355,"comment_status":"open","ping_status":"open","sticky":false,"template":"","format":"standard","meta":{"footnotes":""},"categories":[9],"tags":[],"class_list":["post-30356","post","type-post","status-publish","format-standard","has-post-thumbnail","hentry","category-artigos"],"_links":{"self":[{"href":"https:\/\/catolicanet.net\/wp-cnet\/wp-json\/wp\/v2\/posts\/30356","targetHints":{"allow":["GET"]}}],"collection":[{"href":"https:\/\/catolicanet.net\/wp-cnet\/wp-json\/wp\/v2\/posts"}],"about":[{"href":"https:\/\/catolicanet.net\/wp-cnet\/wp-json\/wp\/v2\/types\/post"}],"author":[{"embeddable":true,"href":"https:\/\/catolicanet.net\/wp-cnet\/wp-json\/wp\/v2\/users\/1"}],"replies":[{"embeddable":true,"href":"https:\/\/catolicanet.net\/wp-cnet\/wp-json\/wp\/v2\/comments?post=30356"}],"version-history":[{"count":1,"href":"https:\/\/catolicanet.net\/wp-cnet\/wp-json\/wp\/v2\/posts\/30356\/revisions"}],"predecessor-version":[{"id":30473,"href":"https:\/\/catolicanet.net\/wp-cnet\/wp-json\/wp\/v2\/posts\/30356\/revisions\/30473"}],"wp:featuredmedia":[{"embeddable":true,"href":"https:\/\/catolicanet.net\/wp-cnet\/wp-json\/wp\/v2\/media\/30355"}],"wp:attachment":[{"href":"https:\/\/catolicanet.net\/wp-cnet\/wp-json\/wp\/v2\/media?parent=30356"}],"wp:term":[{"taxonomy":"category","embeddable":true,"href":"https:\/\/catolicanet.net\/wp-cnet\/wp-json\/wp\/v2\/categories?post=30356"},{"taxonomy":"post_tag","embeddable":true,"href":"https:\/\/catolicanet.net\/wp-cnet\/wp-json\/wp\/v2\/tags?post=30356"}],"curies":[{"name":"wp","href":"https:\/\/api.w.org\/{rel}","templated":true}]}}