{"id":30349,"date":"2017-05-31T13:36:56","date_gmt":"2017-05-31T16:36:56","guid":{"rendered":"http:\/\/catolicanet.net\/wp-cnet\/2017\/05\/31\/asia-jovens-cristaos-embaixadores-da-paz-na-asia\/"},"modified":"2017-06-07T15:22:39","modified_gmt":"2017-06-07T18:22:39","slug":"asia-jovens-cristaos-embaixadores-da-paz-na-asia","status":"publish","type":"post","link":"https:\/\/catolicanet.net\/wp-cnet\/asia-jovens-cristaos-embaixadores-da-paz-na-asia\/","title":{"rendered":"\u00c1SIA &#8211; Jovens crist\u00e3os embaixadores da paz na \u00c1sia"},"content":{"rendered":"<p style=\"text-align: justify;\"><img decoding=\"async\" src=\"http:\/\/www.catolicanet.com.br\/images\/stories\/noticias2017\/primopiano_4045.jpg\" border=\"0\" align=\"left\" \/>Chiang Mai (Ag\u00eancia Fides) &#8211; Os jovens s\u00e3o embaixadores de paz na \u00c1sia: este \u00e9 o tema do semin\u00e1rio aberto, em 29 de maio, promovido em Chiang Mai (na Tail\u00e2ndia) pela Confer\u00eancia Crist\u00e3 da \u00c1sia (CCA). O semin\u00e1rio re\u00fane cerca de 30 jovens l\u00edderes crist\u00e3os provenientes de v\u00e1rios pa\u00edses asi\u00e1ticos. Segundo Fides, trata-se de uma sess\u00e3o de forma\u00e7\u00e3o dedicada a l\u00edderes juvenis para explorar o tema da educa\u00e7\u00e3o \u00e0 paz segundo perspectivas inter-religiosas, atrav\u00e9s de v\u00e1rias metodologias de aprendizagem e gra\u00e7as \u00e0 presen\u00e7a de l\u00edderes e especialistas de v\u00e1rias religi\u00f5es. Nos dias desta experi\u00eancia de forma\u00e7\u00e3o, os jovens visitar\u00e3o v\u00e1rios santu\u00e1rios e mosteiros religiosos budistas, hindu\u00edstas, mu\u00e7ulmanos e sikhs, em Chiang Mai e arredores.<br \/>O semin\u00e1rio pretende conduzir os jovens \u00e0 consci\u00eancia de \u201cser agentes na constru\u00e7\u00e3o da paz e na transforma\u00e7\u00e3o dos conflitos nas comunidades locais atrav\u00e9s de abordagens interculturais e inter-religiosas\u201d.<br \/>O Secret\u00e1rio-Geral da CCA, Mathews George Chunakara, descreveu a interconex\u00e3o dos conceitos de \u201cpaz e justi\u00e7a\u201d nas religi\u00f5es e na espiritualidade asi\u00e1tica:<br \/>\u201cTodas as tradi\u00e7\u00f5es religiosas concordam com a ideia central de paz sobre a terra e sobre a mensagem de quebrar os muros da hostilidade. Os v\u00e1rios religiosos afirmam que os seres humanos s\u00e3o criados \u00e0 imagem de Deus e reconhecem os direitos e a dignidade fundamental de cada indiv\u00edduo, conjugando o princ\u00edpio de paz com a justi\u00e7a. Esta confer\u00eancia pretende motivar os jovens da \u00c1sia a serem promotores de paz nos contextos locais\u201d, declarou.<br \/>Joseph Manickam, diretor do Institute of Religion Culture and Peace (IRCP)), falou sobre o compromisso inter-religioso pela paz e justi\u00e7a: \u201cA paz \u00e9 um caminho que come\u00e7a passando da intoler\u00e2ncia \u00e0 toler\u00e2ncia em prol da constru\u00e7\u00e3o da paz. Por ser capaz de transformar os conflitos, devemos construir rela\u00e7\u00f5es fraternas e falar todos uma linguagem comum\u201d, disse Manickam.<br \/>A CCA \u00e9 um \u00f3rg\u00e3o e um f\u00f3rum de coopera\u00e7\u00e3o cont\u00ednua entre igrejas e associa\u00e7\u00f5es crist\u00e3s de v\u00e1rias confiss\u00f5es, existentes em diversas na\u00e7\u00f5es da \u00c1sia. Trabalha em prol da unidade das comunidades crist\u00e3s na \u00c1sia e constitui uma resposta crist\u00e3 aos desafios das sociedades asi\u00e1ticas, em r\u00e1pida transforma\u00e7\u00e3o.<\/p>\n<p style=\"text-align: justify;\">\u00a0<\/p>\n<p style=\"text-align: justify;\">Fonte: Ag\u00eancia Fides<\/p>\n<p style=\"text-align: justify;\">\u00a0<\/p>\n<p style=\"text-align: justify;\">\u00a0<\/p>\n","protected":false},"excerpt":{"rendered":"<p>Chiang Mai (Ag\u00eancia Fides) &#8211; Os jovens s\u00e3o embaixadores de paz na \u00c1sia: este \u00e9 o tema do semin\u00e1rio aberto, em 29 de maio, promovido em Chiang Mai (na Tail\u00e2ndia) pela Confer\u00eancia Crist\u00e3 da \u00c1sia (CCA). O semin\u00e1rio re\u00fane cerca de 30 jovens l\u00edderes crist\u00e3os provenientes de v\u00e1rios pa\u00edses asi\u00e1ticos. Segundo Fides, trata-se de uma [&hellip;]<\/p>\n","protected":false},"author":1,"featured_media":30348,"comment_status":"open","ping_status":"open","sticky":false,"template":"","format":"standard","meta":{"footnotes":""},"categories":[4],"tags":[],"class_list":["post-30349","post","type-post","status-publish","format-standard","has-post-thumbnail","hentry","category-cotidiano"],"_links":{"self":[{"href":"https:\/\/catolicanet.net\/wp-cnet\/wp-json\/wp\/v2\/posts\/30349","targetHints":{"allow":["GET"]}}],"collection":[{"href":"https:\/\/catolicanet.net\/wp-cnet\/wp-json\/wp\/v2\/posts"}],"about":[{"href":"https:\/\/catolicanet.net\/wp-cnet\/wp-json\/wp\/v2\/types\/post"}],"author":[{"embeddable":true,"href":"https:\/\/catolicanet.net\/wp-cnet\/wp-json\/wp\/v2\/users\/1"}],"replies":[{"embeddable":true,"href":"https:\/\/catolicanet.net\/wp-cnet\/wp-json\/wp\/v2\/comments?post=30349"}],"version-history":[{"count":1,"href":"https:\/\/catolicanet.net\/wp-cnet\/wp-json\/wp\/v2\/posts\/30349\/revisions"}],"predecessor-version":[{"id":30534,"href":"https:\/\/catolicanet.net\/wp-cnet\/wp-json\/wp\/v2\/posts\/30349\/revisions\/30534"}],"wp:featuredmedia":[{"embeddable":true,"href":"https:\/\/catolicanet.net\/wp-cnet\/wp-json\/wp\/v2\/media\/30348"}],"wp:attachment":[{"href":"https:\/\/catolicanet.net\/wp-cnet\/wp-json\/wp\/v2\/media?parent=30349"}],"wp:term":[{"taxonomy":"category","embeddable":true,"href":"https:\/\/catolicanet.net\/wp-cnet\/wp-json\/wp\/v2\/categories?post=30349"},{"taxonomy":"post_tag","embeddable":true,"href":"https:\/\/catolicanet.net\/wp-cnet\/wp-json\/wp\/v2\/tags?post=30349"}],"curies":[{"name":"wp","href":"https:\/\/api.w.org\/{rel}","templated":true}]}}