{"id":30343,"date":"2017-05-31T13:17:36","date_gmt":"2017-05-31T16:17:36","guid":{"rendered":"http:\/\/catolicanet.net\/wp-cnet\/2017\/05\/31\/bispo-defende-sacerdotes-ameacados-na-venezuela\/"},"modified":"2017-06-07T15:26:05","modified_gmt":"2017-06-07T18:26:05","slug":"bispo-defende-sacerdotes-ameacados-na-venezuela","status":"publish","type":"post","link":"https:\/\/catolicanet.net\/wp-cnet\/bispo-defende-sacerdotes-ameacados-na-venezuela\/","title":{"rendered":"Bispo defende sacerdotes amea\u00e7ados na Venezuela"},"content":{"rendered":"<p style=\"text-align: justify;\"><img decoding=\"async\" src=\"http:\/\/www.catolicanet.com.br\/images\/stories\/noticias2017\/monsmoront.jpg\" border=\"0\" align=\"left\" \/>CARACAS, 30 Mai. 17 \/ 04:00 pm (ACI).- O Bispo de San Crist\u00f3bal, na Venezuela, Dom Mario Moronta, defendeu os sacerdotes do estado de T\u00e1chira, que nas \u00faltimas semanas foram amea\u00e7ados anonimamente, especialmente Pe. Nepomuceno Hernandez, a quem os desconhecidos declararam \u201calvo paramilitar\u201d.<\/p>\n<p>Segundo informou \u2018Di\u00e1rio Cat\u00f3lico\u2019, nos \u00faltimos dias o Pe. Hern\u00e1ndez, p\u00e1roco da Igreja do Esp\u00edrito Santo de La Grita, \u201cfoi amea\u00e7ado por grupos desconhecidos atrav\u00e9s de panfletos que circularam na localidade, nos quais aparece seu rosto convertendo-o em um \u2018alvo paramilitar\u2019\u201d.<\/p>\n<p>Tamb\u00e9m ocorreu o caso do Pe. Domingo Pern\u00eda, \u201cacusado de organizar saques no povoado de Santa Ana\u201d e criticado pelo governador de T\u00e1chira, Jos\u00e9 Greg\u00f3rio Vielma Mora, pois foi um dos sacerdotes que presidiu o funeral do jovem Daniel Rodr\u00edguez, assassinado durante os protestos contra o governo de Nicol\u00e1s Maduro.<\/p>\n<p>\u201cAcusar dois sacerdotes de serem autores intelectuais ou organizadores de saques \u00e9 ignor\u00e2ncia e a ignor\u00e2ncia \u00e9 atrevida e arrogante. Acusar sem provas \u00e9 uma cal\u00fania e a cal\u00fania, al\u00e9m de ser um pecado, \u00e9 um crime. P\u00f5e em perigo a integridade desses sacerdotes\u201d, denunciou Dom Moronta em declara\u00e7\u00f5es ao \u2018Di\u00e1rio Cat\u00f3lico\u2019.<\/p>\n<p>O Prelado assinalou que, como Igreja, \u201cfomos mostrar a nossa solidariedade com aqueles que sofreram saques nas zonas populares como Barrancas\u201d. \u201cN\u00f3s fizemos o que dever\u00edamos fazer\u201d, expressou na entrevista publicada em 26 de maio.<\/p>\n<p>Por isso, reiterou que as pessoas que acusam os sacerdotes devem apresentar as suas provas. \u201cPreocupam-me os an\u00fancios que dizem: \u2018Eu tenho provas\u2019, mas n\u00e3o as mostram. Tenham coragem para dizer e apresentar as provas, e n\u00e3o suposi\u00e7\u00f5es\u201d, expressou.<\/p>\n<p>O Bispo de San Crist\u00f3bal assegurou que os sacerdotes n\u00e3o t\u00eam medo. \u201cConversei com os amea\u00e7ados, inclusive com o sacerdote que aparece em um folheto e n\u00e3o sabe quem o declara alvo paramilitar, ou seja, podem mat\u00e1-lo. Disse e respondeu-me: \u2018Bispo, eu permane\u00e7o aqui, tenho a minha consci\u00eancia tranquila, o meu trabalho \u00e9 com as pessoas\u2019. Eu lhes pedi para que abram os olhos, escutem com aten\u00e7\u00e3o e que mantenhamos uma boa comunica\u00e7\u00e3o\u201d, indicou.<\/p>\n<p>Perguntado se as amea\u00e7as s\u00e3o devido \u00e0 posi\u00e7\u00e3o da Igreja nos \u00faltimos dias, o Prelado assinalou que, \u201cquando uma pessoa se torna defensora da verdade que nos torna livres, tem gente que n\u00e3o gosta e pode fazer amea\u00e7as&#8221;.<\/p>\n<p>\u201cQuando as amea\u00e7as se tornam p\u00fablicas sabemos quem faz estas amea\u00e7as, mas quando s\u00e3o ocultas sabemos que s\u00e3o obras do maligno que est\u00e1 sempre na escurid\u00e3o. Acho que existem pessoas que querem nos manipular (&#8230;) e a igreja n\u00e3o vai se prestar para isso\u201d, afirmou.<\/p>\n<p>Dom Moronta recha\u00e7ou a viol\u00eancia e afirmou que \u00e9 \u201ccontra as trincheiras e os saques\u201d. Nesse sentido, exortou os venezuelanos a n\u00e3o se deixar levar \u201cpelas paix\u00f5es, nem por aquilo que nos divida e cause inquieta\u00e7\u00e3o\u201d.<\/p>\n<p>\u201cCristo derrubou todos os muros de divis\u00e3o para criar uma nova humanidade, um verdadeiro homem novo, n\u00e3o o que querem nos apresentar disfar\u00e7ado de coisas agrad\u00e1veis ?, que no fundo \u00e9 outra coisa\u201d, assinalou.<\/p>\n<p>Al\u00e9m disso, defendeu a sua participa\u00e7\u00e3o e a de outros sacerdotes no funeral de Daniel Rodr\u00edguez, cujo corpo foi carregado pelo Prelado. \u201cO ato no qual participei, e que sempre participo, n\u00e3o foi um ato pol\u00edtico, mas eminentemente religioso, lit\u00fargico e humanit\u00e1rio, de caridade\u201d, afirmou.<\/p>\n<p>Dom Moronta recordou que \u201cum sacerdote tem a obriga\u00e7\u00e3o moral de enterrar o bom e o mau. Ao bom, pedindo a Deus que recompense os seus atos e ao mau pedindo para que perdoe os seus pecados\u201d; e que n\u00e3o \u00e9 a primeira vez que carrega um caix\u00e3o. \u201cSempre acontece isso quando morre um familiar de um sacerdote e em outras oportunidades\u201d por um pouco \u201cde sensibilidade e porque \u00e0s vezes n\u00e3o temos nada mais para dar, mas um gesto, um abra\u00e7o\u201d, indicou.<\/p>\n<p>Em seguida, o Prelado reiterou o recha\u00e7o dos bispos \u00e0 Assembleia Constituinte convocada por Nicol\u00e1s Maduro, porque \u201cnunca ser\u00e1 para acabar com a fome e a desesperan\u00e7a das pessoas, mas sim para aprofundar nas diferen\u00e7as\u201d.<\/p>\n<p>\u201cN\u00f3s temos que procurar, como igreja, que as pessoas drenem e convertam as for\u00e7as negativas em positivas, em energias para a constru\u00e7\u00e3o da paz. N\u00e3o \u00e9 f\u00e1cil, pois como voc\u00ea consola uma m\u00e3e quando seu filho foi assassinado? Como consola algu\u00e9m que trabalhou a vida inteira e destru\u00edram o seu armaz\u00e9m, o seu com\u00e9rcio ou fazenda? A igreja deve permanecer criando espa\u00e7os para a paz\u201d.<\/p>\n<p>\u201cUm parente meu foi assassinado em Barinas em meio a esses protestos (&#8230;). O sobrinho do Bispo de San Carlos tamb\u00e9m foi baleado em Barinas&#8230; Esta loucura deve acabar, seja de onde venham essas balas\u201d, expressou.<\/p>\n<p style=\"text-align: justify;\">\u00a0<\/p>\n<p style=\"text-align: justify;\">Fonte: Acidigital<\/p>\n","protected":false},"excerpt":{"rendered":"<p>CARACAS, 30 Mai. 17 \/ 04:00 pm (ACI).- O Bispo de San Crist\u00f3bal, na Venezuela, Dom Mario Moronta, defendeu os sacerdotes do estado de T\u00e1chira, que nas \u00faltimas semanas foram amea\u00e7ados anonimamente, especialmente Pe. Nepomuceno Hernandez, a quem os desconhecidos declararam \u201calvo paramilitar\u201d. Segundo informou \u2018Di\u00e1rio Cat\u00f3lico\u2019, nos \u00faltimos dias o Pe. Hern\u00e1ndez, p\u00e1roco da [&hellip;]<\/p>\n","protected":false},"author":1,"featured_media":30342,"comment_status":"open","ping_status":"open","sticky":false,"template":"","format":"standard","meta":{"footnotes":""},"categories":[4],"tags":[],"class_list":["post-30343","post","type-post","status-publish","format-standard","has-post-thumbnail","hentry","category-cotidiano"],"_links":{"self":[{"href":"https:\/\/catolicanet.net\/wp-cnet\/wp-json\/wp\/v2\/posts\/30343","targetHints":{"allow":["GET"]}}],"collection":[{"href":"https:\/\/catolicanet.net\/wp-cnet\/wp-json\/wp\/v2\/posts"}],"about":[{"href":"https:\/\/catolicanet.net\/wp-cnet\/wp-json\/wp\/v2\/types\/post"}],"author":[{"embeddable":true,"href":"https:\/\/catolicanet.net\/wp-cnet\/wp-json\/wp\/v2\/users\/1"}],"replies":[{"embeddable":true,"href":"https:\/\/catolicanet.net\/wp-cnet\/wp-json\/wp\/v2\/comments?post=30343"}],"version-history":[{"count":1,"href":"https:\/\/catolicanet.net\/wp-cnet\/wp-json\/wp\/v2\/posts\/30343\/revisions"}],"predecessor-version":[{"id":30537,"href":"https:\/\/catolicanet.net\/wp-cnet\/wp-json\/wp\/v2\/posts\/30343\/revisions\/30537"}],"wp:featuredmedia":[{"embeddable":true,"href":"https:\/\/catolicanet.net\/wp-cnet\/wp-json\/wp\/v2\/media\/30342"}],"wp:attachment":[{"href":"https:\/\/catolicanet.net\/wp-cnet\/wp-json\/wp\/v2\/media?parent=30343"}],"wp:term":[{"taxonomy":"category","embeddable":true,"href":"https:\/\/catolicanet.net\/wp-cnet\/wp-json\/wp\/v2\/categories?post=30343"},{"taxonomy":"post_tag","embeddable":true,"href":"https:\/\/catolicanet.net\/wp-cnet\/wp-json\/wp\/v2\/tags?post=30343"}],"curies":[{"name":"wp","href":"https:\/\/api.w.org\/{rel}","templated":true}]}}