{"id":30341,"date":"2017-05-31T13:09:22","date_gmt":"2017-05-31T16:09:22","guid":{"rendered":"http:\/\/catolicanet.net\/wp-cnet\/2017\/05\/31\/pentecostes-e-o-aniversario-da-igreja-e-nos-presenteia-com-a-esperanca-afirma-o-papa\/"},"modified":"2017-06-07T15:27:05","modified_gmt":"2017-06-07T18:27:05","slug":"pentecostes-e-o-aniversario-da-igreja-e-nos-presenteia-com-a-esperanca-afirma-o-papa","status":"publish","type":"post","link":"https:\/\/catolicanet.net\/wp-cnet\/pentecostes-e-o-aniversario-da-igreja-e-nos-presenteia-com-a-esperanca-afirma-o-papa\/","title":{"rendered":"Pentecostes \u00e9 o anivers\u00e1rio da Igreja e nos presenteia com a esperan\u00e7a, afirma o Papa"},"content":{"rendered":"<p style=\"text-align: justify;\"><img decoding=\"async\" src=\"http:\/\/www.catolicanet.com.br\/images\/stories\/noticias2017\/papaninoau31.jpg\" border=\"0\" align=\"left\" \/>VATICANO, 31 Mai. 17 \/ 09:30 am (ACI).- A poucos dias de Pentecostes e na festa lit\u00fargica da Visita\u00e7\u00e3o da Virgem Maria, o Papa Francisco dedicou sua catequese na Audi\u00eancia Geral desta quarta-feira para ao Esp\u00edrito do Santo, que \u201cfaz com que vivamos cheios de esperan\u00e7a\u201d e assegurou que Pentecostes \u201c\u00e9 o anivers\u00e1rio da Igreja\u201d.<\/p>\n<p>\u201cO Esp\u00edrito Santo \u00e9 o vento que nos impele a ir em frente, que nos mant\u00e9m em caminho, nos faz sentir peregrinos e forasteiros, e n\u00e3o nos permite acomodarmo-nos e tornarmo-nos um povo \u2018sedent\u00e1rio\u2019\u201d, explicou.<\/p>\n<p>O Papa afirmou que \u201ca esperan\u00e7a \u00e9 como uma vela\u201d que \u201crecolhe o vento do Esp\u00edrito e o transforma em for\u00e7a motriz que empurra a barca\u201d. \u201cOs homens t\u00eam necessidade de esperan\u00e7a para viver, t\u00eam necessidade do Esp\u00edrito Santo para esperar\u201d, acrescentou.<\/p>\n<p>Nesse sentido, \u201ctransbordar na esperan\u00e7a significa nunca se desencorajar, significa esperar \u2018contra toda esperan\u00e7a\u2019, ou seja, esperar tamb\u00e9m quando faltam motivos humanos para esperar, como foi para Abra\u00e3o quando Deus lhe pediu para sacrificar seu \u00fanico filho, Isaac, e como foi, mais ainda, para a Virgem Maria sob a cruz de Jesus\u201d.<\/p>\n<p>Francisco sublinhou que \u201co Esp\u00edrito Santo torna poss\u00edvel esta esperan\u00e7a invenc\u00edvel dando-nos testemunho interior de que somos filhos de Deus e seus herdeiros\u201d.<\/p>\n<p>O Papa tamb\u00e9m explicou que o Esp\u00edrito Santo \u201cfaz com que sejamos semeadores de esperan\u00e7a\u201d e \u201cconsoladores e defensores dos irm\u00e3os\u201d.<\/p>\n<p>\u201cS\u00e3o sobretudo os pobres, os exclu\u00eddos, os n\u00e3o amados a ter necessidade de algu\u00e9m que se fa\u00e7a para eles \u2018par\u00e1clitos\u2019, ou seja, consolador e defensor\u201d. E \u201co Esp\u00edrito Santo alimenta a esperan\u00e7a n\u00e3o s\u00f3 no cora\u00e7\u00e3o dos homens, mas tamb\u00e9m em toda a cria\u00e7\u00e3o\u201d.<\/p>\n<p>O Santo Padre aproveitou para pedir que se respeite pela cria\u00e7\u00e3o, porque \u201cn\u00e3o se pode desfigurar um quadro sem ofender o artista que o criou\u201d.<\/p>\n<p>\u201cQue a pr\u00f3xima festa de Pentecostes \u2013 que \u00e9 o anivers\u00e1rio da Igreja \u2013 nos encontre em ora\u00e7\u00e3o, com Maria, a M\u00e3e de Jesus e nossa. E o dos do Esp\u00edrito Santo nos fa\u00e7a transbordar na esperan\u00e7a\u201d, concluiu o Pont\u00edfice.<\/p>\n<p style=\"text-align: justify;\">\u00a0<\/p>\n<p style=\"text-align: justify;\">Fonte: Acidigital<\/p>\n","protected":false},"excerpt":{"rendered":"<p>VATICANO, 31 Mai. 17 \/ 09:30 am (ACI).- A poucos dias de Pentecostes e na festa lit\u00fargica da Visita\u00e7\u00e3o da Virgem Maria, o Papa Francisco dedicou sua catequese na Audi\u00eancia Geral desta quarta-feira para ao Esp\u00edrito do Santo, que \u201cfaz com que vivamos cheios de esperan\u00e7a\u201d e assegurou que Pentecostes \u201c\u00e9 o anivers\u00e1rio da Igreja\u201d. [&hellip;]<\/p>\n","protected":false},"author":1,"featured_media":30340,"comment_status":"open","ping_status":"open","sticky":false,"template":"","format":"standard","meta":{"footnotes":""},"categories":[4],"tags":[],"class_list":["post-30341","post","type-post","status-publish","format-standard","has-post-thumbnail","hentry","category-cotidiano"],"_links":{"self":[{"href":"https:\/\/catolicanet.net\/wp-cnet\/wp-json\/wp\/v2\/posts\/30341","targetHints":{"allow":["GET"]}}],"collection":[{"href":"https:\/\/catolicanet.net\/wp-cnet\/wp-json\/wp\/v2\/posts"}],"about":[{"href":"https:\/\/catolicanet.net\/wp-cnet\/wp-json\/wp\/v2\/types\/post"}],"author":[{"embeddable":true,"href":"https:\/\/catolicanet.net\/wp-cnet\/wp-json\/wp\/v2\/users\/1"}],"replies":[{"embeddable":true,"href":"https:\/\/catolicanet.net\/wp-cnet\/wp-json\/wp\/v2\/comments?post=30341"}],"version-history":[{"count":1,"href":"https:\/\/catolicanet.net\/wp-cnet\/wp-json\/wp\/v2\/posts\/30341\/revisions"}],"predecessor-version":[{"id":30538,"href":"https:\/\/catolicanet.net\/wp-cnet\/wp-json\/wp\/v2\/posts\/30341\/revisions\/30538"}],"wp:featuredmedia":[{"embeddable":true,"href":"https:\/\/catolicanet.net\/wp-cnet\/wp-json\/wp\/v2\/media\/30340"}],"wp:attachment":[{"href":"https:\/\/catolicanet.net\/wp-cnet\/wp-json\/wp\/v2\/media?parent=30341"}],"wp:term":[{"taxonomy":"category","embeddable":true,"href":"https:\/\/catolicanet.net\/wp-cnet\/wp-json\/wp\/v2\/categories?post=30341"},{"taxonomy":"post_tag","embeddable":true,"href":"https:\/\/catolicanet.net\/wp-cnet\/wp-json\/wp\/v2\/tags?post=30341"}],"curies":[{"name":"wp","href":"https:\/\/api.w.org\/{rel}","templated":true}]}}