{"id":30333,"date":"2017-05-31T12:11:32","date_gmt":"2017-05-31T15:11:32","guid":{"rendered":"http:\/\/catolicanet.net\/wp-cnet\/2017\/05\/31\/papa-a-bispos-albaneses-imitem-os-martires-de-seu-pais\/"},"modified":"2017-06-07T15:37:10","modified_gmt":"2017-06-07T18:37:10","slug":"papa-a-bispos-albaneses-imitem-os-martires-de-seu-pais","status":"publish","type":"post","link":"https:\/\/catolicanet.net\/wp-cnet\/papa-a-bispos-albaneses-imitem-os-martires-de-seu-pais\/","title":{"rendered":"Papa a bispos albaneses: imitem os m\u00e1rtires de seu pa\u00eds"},"content":{"rendered":"<p style=\"text-align: justify;\"><img decoding=\"async\" src=\"http:\/\/www.catolicanet.com.br\/images\/stories\/noticias2017\/ansa1206987_articolo.jpg\" border=\"0\" align=\"left\" \/>Cidade do Vaticano (RV) &#8211; O Papa Francisco recebeu em audi\u00eancia, nesta sexta-feira (30\/05), os bispos albaneses em visita ad Limina. <\/p>\n<p>Um di\u00e1logo intenso no qual os prelados manifestaram as esperan\u00e7as e dificuldades desta pequena comunidade. A Igreja na Alb\u00e2nia tem um lugar especial no cora\u00e7\u00e3o do Papa. Uma Igreja que sofreu 50 anos de uma ditadura comunista que procurou cancel\u00e1-la, sem conseguir.<\/p>\n<p style=\"text-align: justify;\">\u00a0<\/p>\n<p style=\"text-align: justify;\"><a href=\"http:\/\/media02.radiovaticana.va\/audio\/audio2\/mp3\/00583648.mp3\">Clique aqui para ouvir:<\/a><\/p>\n<p style=\"text-align: justify;\">\u00a0<\/p>\n<p style=\"text-align: justify;\">Francisco visitou Tirana, capital da Alb\u00e2nia, em 2014. Naquele per\u00edodo, o Papa convidou a comunidade cat\u00f3lica a voar alto como a \u00e1guia da bandeira albanesa, mas sem se esquecer do ninho, ou seja, os sofrimentos dos m\u00e1rtires. <\/p>\n<p>Em novembro passado, foram beatificados 38 m\u00e1rtires albaneses, torturados e assassinados durante a ditadura comunista. <\/p>\n<p>Esta manh\u00e3, o Papa exortou os bispos albaneses a imitar o exemplo dessas testemunhas do Evangelho que pagaram com suas vidas a fidelidade a Cristo. <\/p>\n<p>\u201cFoi uma experi\u00eancia muito bonita, paterna. Uma hora e meia de di\u00e1logo, sem pressa. Est\u00e1vamos muito \u00e0 vontade, como se estiv\u00e9ssemos em casa\u201d, disse o Arcebispo de Scutari, Dom Angelo Massafra, a prop\u00f3sito do encontro com o Papa.<\/p>\n<p>\u201cFalamos com o Santo Padre de uma Igreja muito viva, bonita, mas pobre e m\u00e1rtir. Um ponto em que insistiu muito foi o da Igreja em sa\u00edda, o ter zelo, esperan\u00e7a, utopia, ou seja, um olhar intenso e esperan\u00e7oso em Deus. Esta utopia \u00e9 muito bonita. Devemos ir adiante porque Cristo ressuscitou e n\u00f3s devemos proceder com Cristo. Depois, ele nos convidou a promover as voca\u00e7\u00f5es, pastoral que passa sempre pelo testemunho, pelo estar unidos entre n\u00f3s e estar tamb\u00e9m serenos, felizes, pois se uma pessoa \u00e9 tranquila e\u00a0 feliz, se torna tamb\u00e9m um modelo\u201d, disse o prelado. <\/p>\n<p>Foi falado tamb\u00e9m sobre o di\u00e1logo inter-religioso, em particular com o Isl\u00e3. \u201cDissemos ao Papa que na semana passada houve um acordo entre as for\u00e7as governamentais e a oposi\u00e7\u00e3o, porque havia problemas. N\u00f3s fizemos, como compromisso p\u00fablico, uma declara\u00e7\u00e3o comum. Todos os credos, cat\u00f3licos, ortodoxos, evang\u00e9licos, mu\u00e7ulmanos e bektashis, fizemos uma declara\u00e7\u00e3o unit\u00e1ria, convidando a n\u00e3o criar desordens, convidando \u00e0 colabora\u00e7\u00e3o, \u00e0 solidariedade, a entrar num acordo e dialogar, convidando a fazer alguma coisa contra a compra e venda de votos em vista das elei\u00e7\u00f5es. Essa foi uma declara\u00e7\u00e3o muito corajosa. Essa foi uma declara\u00e7\u00e3o unit\u00e1ria do Conselho inter-religioso e o Papa ficou muito feliz com isso. Tamb\u00e9m gra\u00e7as \u00e0 nossa contribui\u00e7\u00e3o, conseguimos fazer entrar de acordo as for\u00e7as pol\u00edticas que decidiram postergar a data das elei\u00e7\u00f5es de modo que todos pudessem participar. Isso tamb\u00e9m foi um fruto do nosso esfor\u00e7o inter-religioso e ecum\u00eanico\u201d, frisou o Arcebispo de Scutari. <\/p>\n<p>Sobre a mensagem que os bispos levar\u00e3o \u00e0 Igreja na Alb\u00e2nia depois do encontro com o Papa, o prelado disse que \u201ca mensagem fundamental \u00e9 a de estar em comunh\u00e3o entre n\u00f3s, nos comprometer com a fam\u00edlia e os pobres. J\u00e1 temos um compromisso com os encarcerados e as fam\u00edlias com pessoas com necessidades especiais. Com base nas palavras do Papa, convidaremos a ter esperan\u00e7a, a rezar, a praticar a adora\u00e7\u00e3o eucar\u00edstica. Com Cristo podemos ir adiante e ter este olhar rumo ao futuro e o Papa nos encorajou e aben\u00e7oou.\u201d<\/p>\n<p style=\"text-align: justify;\">\u00a0<\/p>\n<p style=\"text-align: justify;\">Fonte: R\u00e1dio Vaticano<\/p>\n","protected":false},"excerpt":{"rendered":"<p>Cidade do Vaticano (RV) &#8211; O Papa Francisco recebeu em audi\u00eancia, nesta sexta-feira (30\/05), os bispos albaneses em visita ad Limina. Um di\u00e1logo intenso no qual os prelados manifestaram as esperan\u00e7as e dificuldades desta pequena comunidade. A Igreja na Alb\u00e2nia tem um lugar especial no cora\u00e7\u00e3o do Papa. Uma Igreja que sofreu 50 anos de [&hellip;]<\/p>\n","protected":false},"author":1,"featured_media":30332,"comment_status":"open","ping_status":"open","sticky":false,"template":"","format":"standard","meta":{"footnotes":""},"categories":[3],"tags":[],"class_list":["post-30333","post","type-post","status-publish","format-standard","has-post-thumbnail","hentry","category-vaticano"],"_links":{"self":[{"href":"https:\/\/catolicanet.net\/wp-cnet\/wp-json\/wp\/v2\/posts\/30333","targetHints":{"allow":["GET"]}}],"collection":[{"href":"https:\/\/catolicanet.net\/wp-cnet\/wp-json\/wp\/v2\/posts"}],"about":[{"href":"https:\/\/catolicanet.net\/wp-cnet\/wp-json\/wp\/v2\/types\/post"}],"author":[{"embeddable":true,"href":"https:\/\/catolicanet.net\/wp-cnet\/wp-json\/wp\/v2\/users\/1"}],"replies":[{"embeddable":true,"href":"https:\/\/catolicanet.net\/wp-cnet\/wp-json\/wp\/v2\/comments?post=30333"}],"version-history":[{"count":1,"href":"https:\/\/catolicanet.net\/wp-cnet\/wp-json\/wp\/v2\/posts\/30333\/revisions"}],"predecessor-version":[{"id":30542,"href":"https:\/\/catolicanet.net\/wp-cnet\/wp-json\/wp\/v2\/posts\/30333\/revisions\/30542"}],"wp:featuredmedia":[{"embeddable":true,"href":"https:\/\/catolicanet.net\/wp-cnet\/wp-json\/wp\/v2\/media\/30332"}],"wp:attachment":[{"href":"https:\/\/catolicanet.net\/wp-cnet\/wp-json\/wp\/v2\/media?parent=30333"}],"wp:term":[{"taxonomy":"category","embeddable":true,"href":"https:\/\/catolicanet.net\/wp-cnet\/wp-json\/wp\/v2\/categories?post=30333"},{"taxonomy":"post_tag","embeddable":true,"href":"https:\/\/catolicanet.net\/wp-cnet\/wp-json\/wp\/v2\/tags?post=30333"}],"curies":[{"name":"wp","href":"https:\/\/api.w.org\/{rel}","templated":true}]}}