{"id":30331,"date":"2017-05-31T12:03:51","date_gmt":"2017-05-31T15:03:51","guid":{"rendered":"http:\/\/catolicanet.net\/wp-cnet\/2017\/05\/31\/papa-na-audiencia-cristaos-sejam-semeadores-de-esperanca\/"},"modified":"2017-06-07T15:38:20","modified_gmt":"2017-06-07T18:38:20","slug":"papa-na-audiencia-cristaos-sejam-semeadores-de-esperanca","status":"publish","type":"post","link":"https:\/\/catolicanet.net\/wp-cnet\/papa-na-audiencia-cristaos-sejam-semeadores-de-esperanca\/","title":{"rendered":"Papa na Audi\u00eancia: crist\u00e3os sejam semeadores de esperan\u00e7a"},"content":{"rendered":"<p style=\"text-align: justify;\"><img decoding=\"async\" src=\"http:\/\/www.catolicanet.com.br\/images\/stories\/papas\/afp6674160_articolo.jpg\" border=\"0\" align=\"left\" \/>Cidade do Vaticano (RV) \u2013 O Papa recebeu na manh\u00e3 desta quarta-feira (31\/5) na Pra\u00e7a S\u00e3o Pedro, os peregrinos e fi\u00e9is, provenientes de diversas partes do mundo, para a tradicional Audi\u00eancia Geral.<\/p>\n<p style=\"text-align: justify;\">\u00a0<\/p>\n<p style=\"text-align: justify;\"><a href=\"http:\/\/media02.radiovaticana.va\/audio\/audio2\/mp3\/00583680.mp3\">Clique aqui para ouvir:<\/a><\/p>\n<p style=\"text-align: justify;\">\u00a0<\/p>\n<p style=\"text-align: justify;\"><a href=\"https:\/\/www.youtube.com\/watch?time_continue=9&#038;v=V_mIoyoUHkA\">Clique aqui para assistir o v\u00eddeo:<\/a><\/p>\n<p style=\"text-align: justify;\">\u00a0<\/p>\n<p style=\"text-align: justify;\">Em sua catequese semanal, Francisco falou sobre a iminente Solenidade de Pentecostes, que a Igreja celebra no pr\u00f3ximo domingo, 4 de junho.<\/p>\n<p>Ao aproximar-se desta Solenidade o Papa refletiu sobre a rela\u00e7\u00e3o entre a esperan\u00e7a crist\u00e3 e o Esp\u00edrito Santo. Na Carta aos Hebreus, a esperan\u00e7a \u00e9 comparada a uma \u00e2ncora, pois d\u00e1 seguran\u00e7a e estabilidade \u00e0 \u201cbarca\u201d da nossa vida em meio \u00e0s ondas turbulentas.<\/p>\n<p>A esperan\u00e7a \u2013 disse o Pont\u00edfice &#8211; \u00e9 semelhante a uma vela, que recebe o \u201cvento\u201d do Esp\u00edrito Santo, converte-o em for\u00e7a e nos impele a atravessar o oceano da exist\u00eancia.<\/p>\n<p>O Esp\u00edrito Santo faz com que vivamos cheios de esperan\u00e7a, sem nunca desanimar, \u201cesperando contra toda a esperan\u00e7a\u201d. A esperan\u00e7a n\u00e3o decepciona porque o amor de Deus encheu os nossos cora\u00e7\u00f5es de esperan\u00e7a.<\/p>\n<p>Por isso, o Papa convidou todos os presentes a \u201cser semeadores de esperan\u00e7a. Um crist\u00e3o pode semear amarguras, perplexidades, mas este modo de agir n\u00e3o \u00e9 crist\u00e3o:<\/p>\n<p>\u201cO crist\u00e3o semeia esperan\u00e7a, semeia o \u00f3leo da esperan\u00e7a, semeia o perfume da esperan\u00e7a e n\u00e3o o vinagre da amargura e da desesperan\u00e7a\u201d. <\/p>\n<p>Francisco concluiu sua catequese exortando os fi\u00e9is a serem outros par\u00e1clitos, ou seja, consoladores e defensores dos nossos irm\u00e3os, sobretudo dos pobres, exclu\u00eddos e n\u00e3o amados: defensores da cria\u00e7\u00e3o.<\/p>\n<p>A seguir, o Papa passou a cumprimentar os diversos grupos de peregrinos presentes na Pra\u00e7a S\u00e3o Pedro. Eis a sauda\u00e7\u00e3o que dirigiu aos fi\u00e9is de l\u00edngua portuguesa:<\/p>\n<p>\u201cSa\u00fado cordialmente todos os peregrinos de l\u00edngua portuguesa, de modo particular os fi\u00e9is de Angola, Sendim, Serrinha, Florian\u00f3polis e Minas Gerais. Queridos amigos, nestes dias de prepara\u00e7\u00e3o para a festa de Pentecostes, pe\u00e7amos ao Senhor que derrame, abundantemente, sobre n\u00f3s os dons do seu Esp\u00edrito, para que possamos ser testemunhas de Jesus at\u00e9 aos confins da terra. Obrigado pela sua presen\u00e7a.\u201d<\/p>\n<p>Ao t\u00e9rmino da sua catequese, o Papa concedeu a todos a sua B\u00ean\u00e7\u00e3o apost\u00f3lica.<\/p>\n<p style=\"text-align: justify;\">\u00a0<\/p>\n<p style=\"text-align: justify;\">Fonte: R\u00e1dio Vaticano<\/p>\n","protected":false},"excerpt":{"rendered":"<p>Cidade do Vaticano (RV) \u2013 O Papa recebeu na manh\u00e3 desta quarta-feira (31\/5) na Pra\u00e7a S\u00e3o Pedro, os peregrinos e fi\u00e9is, provenientes de diversas partes do mundo, para a tradicional Audi\u00eancia Geral. \u00a0 Clique aqui para ouvir: \u00a0 Clique aqui para assistir o v\u00eddeo: \u00a0 Em sua catequese semanal, Francisco falou sobre a iminente Solenidade [&hellip;]<\/p>\n","protected":false},"author":1,"featured_media":30330,"comment_status":"open","ping_status":"open","sticky":false,"template":"","format":"standard","meta":{"footnotes":""},"categories":[3],"tags":[],"class_list":["post-30331","post","type-post","status-publish","format-standard","has-post-thumbnail","hentry","category-vaticano"],"_links":{"self":[{"href":"https:\/\/catolicanet.net\/wp-cnet\/wp-json\/wp\/v2\/posts\/30331","targetHints":{"allow":["GET"]}}],"collection":[{"href":"https:\/\/catolicanet.net\/wp-cnet\/wp-json\/wp\/v2\/posts"}],"about":[{"href":"https:\/\/catolicanet.net\/wp-cnet\/wp-json\/wp\/v2\/types\/post"}],"author":[{"embeddable":true,"href":"https:\/\/catolicanet.net\/wp-cnet\/wp-json\/wp\/v2\/users\/1"}],"replies":[{"embeddable":true,"href":"https:\/\/catolicanet.net\/wp-cnet\/wp-json\/wp\/v2\/comments?post=30331"}],"version-history":[{"count":1,"href":"https:\/\/catolicanet.net\/wp-cnet\/wp-json\/wp\/v2\/posts\/30331\/revisions"}],"predecessor-version":[{"id":30543,"href":"https:\/\/catolicanet.net\/wp-cnet\/wp-json\/wp\/v2\/posts\/30331\/revisions\/30543"}],"wp:featuredmedia":[{"embeddable":true,"href":"https:\/\/catolicanet.net\/wp-cnet\/wp-json\/wp\/v2\/media\/30330"}],"wp:attachment":[{"href":"https:\/\/catolicanet.net\/wp-cnet\/wp-json\/wp\/v2\/media?parent=30331"}],"wp:term":[{"taxonomy":"category","embeddable":true,"href":"https:\/\/catolicanet.net\/wp-cnet\/wp-json\/wp\/v2\/categories?post=30331"},{"taxonomy":"post_tag","embeddable":true,"href":"https:\/\/catolicanet.net\/wp-cnet\/wp-json\/wp\/v2\/tags?post=30331"}],"curies":[{"name":"wp","href":"https:\/\/api.w.org\/{rel}","templated":true}]}}