{"id":30317,"date":"2017-05-29T18:40:38","date_gmt":"2017-05-29T21:40:38","guid":{"rendered":"http:\/\/catolicanet.net\/wp-cnet\/2017\/05\/29\/conheca-a-primeira-lavanderia-com-trabalhadores-com-sindrome-de-down-na-america-latina\/"},"modified":"2017-06-07T15:45:17","modified_gmt":"2017-06-07T18:45:17","slug":"conheca-a-primeira-lavanderia-com-trabalhadores-com-sindrome-de-down-na-america-latina","status":"publish","type":"post","link":"https:\/\/catolicanet.net\/wp-cnet\/conheca-a-primeira-lavanderia-com-trabalhadores-com-sindrome-de-down-na-america-latina\/","title":{"rendered":"Conhe\u00e7a a primeira lavanderia com trabalhadores com s\u00edndrome de Down na Am\u00e9rica Latina"},"content":{"rendered":"<p style=\"text-align: justify;\"><img decoding=\"async\" src=\"http:\/\/www.catolicanet.com.br\/images\/stories\/noticias2017\/lavanderia21-3.jpg\" border=\"0\" align=\"left\" \/>SANTIAGO, 29 Mai. 17 \/ 06:00 am (ACI).- H\u00e1 tr\u00eas anos, a Igreja no Chile lan\u00e7ou a \u201cLavanderia 21\u201d, um novo projeto de inclus\u00e3o profissional para pessoas com S\u00edndrome de Down, cujo resultado hoje superou muito o esperado.<\/p>\n<p>Tudo come\u00e7ou em 2012, quando o Arcebispo de Concepci\u00f3n, Dom Fernando Chomali, conheceu esta inciativa exitosa na Europa e nos Estados Unidos, por isso, decidiu organiz\u00e1-la em sua Arquidiocese.<\/p>\n<p>Foi assim que, em 2014, abriu suas portas ao p\u00fablico a \u201cLavanderia 21\u201d, nome que surgiu precisamente pela altera\u00e7\u00e3o no par do cromossomo 21 que produz a S\u00edndrome de Down.<\/p>\n<p>\u201c\u00c9 um projeto \u00fanico na Am\u00e9rica Latina\u201d, comentou ao Grupo ACI Paula Abarz\u00faa, educadora diferencial e membro da equipe respons\u00e1vel pela lavanderia.<\/p>\n<p>Abarz\u00faa explicou que o projeto come\u00e7ou com 11 jovens e atualmente s\u00e3o 15, al\u00e9m de outros 6 que come\u00e7aram ali, mas que hoje trabalham em outros lugares, como na Arquidiocese de Concepci\u00f3n e na Casa de Retiro Betania.<\/p>\n<p>Existem dois turnos de trabalho, um na manh\u00e3 e outro na tarde. Entre os clientes est\u00e3o cl\u00ednicas, hot\u00e9is e \u00f4nibus.<\/p>\n<p>Sobre o processo de trabalho, Arbaz\u00faa assinalou que \u201cs\u00e3o os meninos que selecionam, separam, pesam e carregam as m\u00e1quinas\u201d.<\/p>\n<p><img decoding=\"async\" src=\"http:\/\/www.catolicanet.com.br\/images\/stories\/noticias2017\/lavanderia21-1.jpg\" border=\"0\" align=\"right\" \/>\u201cAl\u00e9m disso, quando o processo de lavagem termina, eles tiram a roupa e colocam para secar. Em seguida, passam e dobram\u201d, disse ao Grupo ACI.<\/p>\n<p>Abarz\u00faa trabalha com os jovens desde que o projeto come\u00e7ou e afirmou que \u201ca mudan\u00e7a que tiveram \u00e9 muito grande\u201d.<\/p>\n<p>\u201cAgora, sentem-se mais aut\u00f4nomos, independentes, o fato de receber um sal\u00e1rio os dignifica muito\u201d, assegurou.<\/p>\n<p>Al\u00e9m disso, \u201co crescimento pessoal, a maturidade que gerou neles e o compromisso com seu trabalho \u00e9 muito satisfat\u00f3rio para todos n\u00f3s. Eles valorizam seu trabalho\u201d.<\/p>\n<p><img decoding=\"async\" src=\"http:\/\/www.catolicanet.com.br\/images\/stories\/noticias2017\/lavanderia21-2.jpg\" border=\"0\" align=\"left\" \/>\u201cMinha experi\u00eancia pessoal \u00e9 incr\u00edvel \u2013 continuou Abarz\u00faa \u2013 o bem-estar e a satisfa\u00e7\u00e3o que eles te passam \u00e9 muito grande\u201d.<\/p>\n<p>\u201cNingu\u00e9m aqui fica triste. Todo o dia est\u00e1 feliz, ent\u00e3o, esse amor que eles te passam \u00e9 o que te preenche e faz com que queira seguir crescendo cada dia para estar bem para eles\u201d, acrescentou.<\/p>\n<p>Para a profissional, \u201co fato de estarmos na Igreja demonstra que realmente est\u00e1 comprometida com o tema da inclus\u00e3o e deveria ser uma ideia a se replicar em todo o mundo\u201d.<\/p>\n<p>Finalmente, Abarz\u00faa afirmou que \u201co tema dainclus\u00e3o profissional \u00e9 dif\u00edcil, custa, mas eu convido todas as pessoas a assumir o desafio e faz\u00ea-lo pr\u00f3prio\u201d.<\/p>\n<p>\u201cEsta lavanderia demonstra que \u00e9 poss\u00edvel trabalhar com pessoas em situa\u00e7\u00e3o de defici\u00eancias e fazem muito bem. S\u00e3o brilhantes\u201d, sustentou a educadora.<\/p>\n<p style=\"text-align: justify;\">\u00a0<\/p>\n<p style=\"text-align: justify;\">Fonte: Acidigital<\/p>\n","protected":false},"excerpt":{"rendered":"<p>SANTIAGO, 29 Mai. 17 \/ 06:00 am (ACI).- H\u00e1 tr\u00eas anos, a Igreja no Chile lan\u00e7ou a \u201cLavanderia 21\u201d, um novo projeto de inclus\u00e3o profissional para pessoas com S\u00edndrome de Down, cujo resultado hoje superou muito o esperado. Tudo come\u00e7ou em 2012, quando o Arcebispo de Concepci\u00f3n, Dom Fernando Chomali, conheceu esta inciativa exitosa na [&hellip;]<\/p>\n","protected":false},"author":1,"featured_media":30316,"comment_status":"open","ping_status":"open","sticky":false,"template":"","format":"standard","meta":{"footnotes":""},"categories":[4],"tags":[],"class_list":["post-30317","post","type-post","status-publish","format-standard","has-post-thumbnail","hentry","category-cotidiano"],"_links":{"self":[{"href":"https:\/\/catolicanet.net\/wp-cnet\/wp-json\/wp\/v2\/posts\/30317","targetHints":{"allow":["GET"]}}],"collection":[{"href":"https:\/\/catolicanet.net\/wp-cnet\/wp-json\/wp\/v2\/posts"}],"about":[{"href":"https:\/\/catolicanet.net\/wp-cnet\/wp-json\/wp\/v2\/types\/post"}],"author":[{"embeddable":true,"href":"https:\/\/catolicanet.net\/wp-cnet\/wp-json\/wp\/v2\/users\/1"}],"replies":[{"embeddable":true,"href":"https:\/\/catolicanet.net\/wp-cnet\/wp-json\/wp\/v2\/comments?post=30317"}],"version-history":[{"count":1,"href":"https:\/\/catolicanet.net\/wp-cnet\/wp-json\/wp\/v2\/posts\/30317\/revisions"}],"predecessor-version":[{"id":30550,"href":"https:\/\/catolicanet.net\/wp-cnet\/wp-json\/wp\/v2\/posts\/30317\/revisions\/30550"}],"wp:featuredmedia":[{"embeddable":true,"href":"https:\/\/catolicanet.net\/wp-cnet\/wp-json\/wp\/v2\/media\/30316"}],"wp:attachment":[{"href":"https:\/\/catolicanet.net\/wp-cnet\/wp-json\/wp\/v2\/media?parent=30317"}],"wp:term":[{"taxonomy":"category","embeddable":true,"href":"https:\/\/catolicanet.net\/wp-cnet\/wp-json\/wp\/v2\/categories?post=30317"},{"taxonomy":"post_tag","embeddable":true,"href":"https:\/\/catolicanet.net\/wp-cnet\/wp-json\/wp\/v2\/tags?post=30317"}],"curies":[{"name":"wp","href":"https:\/\/api.w.org\/{rel}","templated":true}]}}