{"id":30300,"date":"2017-05-29T17:16:56","date_gmt":"2017-05-29T20:16:56","guid":{"rendered":"http:\/\/catolicanet.net\/wp-cnet\/2017\/05\/29\/arquidiocese-lanca-campanha-de-solidariedade-a-familias-atingidas-por-chuvas-em-alagoas\/"},"modified":"2017-06-07T15:55:17","modified_gmt":"2017-06-07T18:55:17","slug":"arquidiocese-lanca-campanha-de-solidariedade-a-familias-atingidas-por-chuvas-em-alagoas","status":"publish","type":"post","link":"https:\/\/catolicanet.net\/wp-cnet\/arquidiocese-lanca-campanha-de-solidariedade-a-familias-atingidas-por-chuvas-em-alagoas\/","title":{"rendered":"Arquidiocese lan\u00e7a campanha de solidariedade a fam\u00edlias atingidas por chuvas em Alagoas"},"content":{"rendered":"<p style=\"text-align: justify;\"><img decoding=\"async\" src=\"http:\/\/www.catolicanet.com.br\/images\/stories\/noticias2017\/deslizamento_maceio.jpg\" border=\"0\" align=\"left\" \/>Macei\u00f3, 29 Mai. 17 \/ 12:00 pm (ACI).- A Arquidiocese de Macei\u00f3 (AL) lan\u00e7ou uma campanha para ajudar os atingidos pelas fortes chuvas que atingiram a cidade no \u00faltimo fim de semana, deixando 4 mortos e 5 desaparecidos na regi\u00e3o metropolitana.<\/p>\n<p>O estado de Alagoas vem enfrentando fortes chuvas h\u00e1 cerca de uma semana, por\u00e9m, os estragos se intensificaram a partir da madrugada de s\u00e1bado, 27 de maio. Em todo o estado, mais de mil fam\u00edlias tiveram que deixar suas casas.<\/p>\n<p>Na capital, Macei\u00f3, 212 fam\u00edlias est\u00e3o desabrigadas e 650 desalojadas. Por conta das chuvas, ocorreram deslizamentos de barreiras e alagamentos. Foram registradas 4 mortes durante o temporal. Al\u00e9m disso, o Corpo de Bombeiros segue na busca por 4 desaparecidos pertencentes \u00e0 mesma fam\u00edlia, que ficaram soterrados em um deslizamento, na capital alagoana.<\/p>\n<p>O quinto desaparecido \u00e9 um adolescente de 13 anos que sumiu ao nadas no Rio Munda\u00fa, pr\u00f3ximo \u00e0 cidade de Satuba, Regi\u00e3o Metropolitana de Macei\u00f3.<\/p>\n<p>No domingo, 28, em nota publicada no site da Arquidiocese, o Arcebispo de Macei\u00f3, Dom Ant\u00f4nio Muniz Fernandes, expressou sua solidariedade aos afetados pelas chuvas e convocou \u201ctodos os homens e mulheres de boa vontade a participarem da campanha \u2018Juntos Ajudamos Mais\u2019, em benef\u00edcio das fam\u00edlias alagoanas que foram atingidas pelas chuvas desse fim de semana\u201d.<\/p>\n<p>\u201cA solidariedade pode ser concretizada com a doa\u00e7\u00e3o de roupas, \u00e1gua, alimentos n\u00e3o perec\u00edveis e tamb\u00e9m de material de higiene pessoal, como fraldas descart\u00e1veis\u201d, indica a nota, ao exortar: \u201cAjude voc\u00ea tamb\u00e9m!\u201d.<\/p>\n<p>De acordo com a Arquidiocese, desde s\u00e1bado as par\u00f3quias \u201cest\u00e3o envolvidas nesse trabalho crist\u00e3o de ajudar o pr\u00f3ximo, recebendo donativos e alojando fam\u00edlias tanto na capital quanto no interior\u201d.<\/p>\n<p>\u201cDom Muniz, sabendo da generosidade dos diocesanos, pede urg\u00eancia nas doa\u00e7\u00f5es, tendo em vista que muitos irm\u00e3os e irm\u00e3s, em especial crian\u00e7as e idosos estarem em situa\u00e7\u00f5es cr\u00edticas\u201d, refor\u00e7a o comunicado.<\/p>\n<p>Nesse sentido, indica que foram estabelecidos novos pontos de coleta na Igreja S\u00e3o Gon\u00e7alo, no bairro Farol; e no Semin\u00e1rio Menor S\u00e3o Jo\u00e3o XXIII (Ordem Terceira), em Marechal Deodoro, um dos munic\u00edpios mais atingidos pelas tempestades.<\/p>\n<p>A nota recorda ainda que n\u00e3o foi apenas a capital Macei\u00f3 que sofreu os estragos causados pela chuva, mas tamb\u00e9m \u201ccidades banhadas pelas lagoas Munda\u00fa e Manguaba, como Marechal Deodoro e Pilar, bem como munic\u00edpios banhados pelos rios Jacu\u00edpe \u2013 Col\u00f4nia Leopoldina, Campestre, Jacu\u00edpe; Para\u00edba \u2013 como Atalaia e Vi\u00e7osa; Munda\u00fa \u2013 como Uni\u00e3o dos Palmares, Murici e Santana; S\u00e3o Miguel dos Campos e outras cidades da Zona da Mata do estado\u201d.<\/p>\n<p style=\"text-align: justify;\">\u00a0<\/p>\n<p style=\"text-align: justify;\">Fonte: Acidigital<\/p>\n","protected":false},"excerpt":{"rendered":"<p>Macei\u00f3, 29 Mai. 17 \/ 12:00 pm (ACI).- A Arquidiocese de Macei\u00f3 (AL) lan\u00e7ou uma campanha para ajudar os atingidos pelas fortes chuvas que atingiram a cidade no \u00faltimo fim de semana, deixando 4 mortos e 5 desaparecidos na regi\u00e3o metropolitana. O estado de Alagoas vem enfrentando fortes chuvas h\u00e1 cerca de uma semana, por\u00e9m, [&hellip;]<\/p>\n","protected":false},"author":1,"featured_media":30299,"comment_status":"open","ping_status":"open","sticky":false,"template":"","format":"standard","meta":{"footnotes":""},"categories":[4],"tags":[],"class_list":["post-30300","post","type-post","status-publish","format-standard","has-post-thumbnail","hentry","category-cotidiano"],"_links":{"self":[{"href":"https:\/\/catolicanet.net\/wp-cnet\/wp-json\/wp\/v2\/posts\/30300","targetHints":{"allow":["GET"]}}],"collection":[{"href":"https:\/\/catolicanet.net\/wp-cnet\/wp-json\/wp\/v2\/posts"}],"about":[{"href":"https:\/\/catolicanet.net\/wp-cnet\/wp-json\/wp\/v2\/types\/post"}],"author":[{"embeddable":true,"href":"https:\/\/catolicanet.net\/wp-cnet\/wp-json\/wp\/v2\/users\/1"}],"replies":[{"embeddable":true,"href":"https:\/\/catolicanet.net\/wp-cnet\/wp-json\/wp\/v2\/comments?post=30300"}],"version-history":[{"count":1,"href":"https:\/\/catolicanet.net\/wp-cnet\/wp-json\/wp\/v2\/posts\/30300\/revisions"}],"predecessor-version":[{"id":30558,"href":"https:\/\/catolicanet.net\/wp-cnet\/wp-json\/wp\/v2\/posts\/30300\/revisions\/30558"}],"wp:featuredmedia":[{"embeddable":true,"href":"https:\/\/catolicanet.net\/wp-cnet\/wp-json\/wp\/v2\/media\/30299"}],"wp:attachment":[{"href":"https:\/\/catolicanet.net\/wp-cnet\/wp-json\/wp\/v2\/media?parent=30300"}],"wp:term":[{"taxonomy":"category","embeddable":true,"href":"https:\/\/catolicanet.net\/wp-cnet\/wp-json\/wp\/v2\/categories?post=30300"},{"taxonomy":"post_tag","embeddable":true,"href":"https:\/\/catolicanet.net\/wp-cnet\/wp-json\/wp\/v2\/tags?post=30300"}],"curies":[{"name":"wp","href":"https:\/\/api.w.org\/{rel}","templated":true}]}}