{"id":30287,"date":"2017-05-26T20:03:31","date_gmt":"2017-05-26T23:03:31","guid":{"rendered":"http:\/\/catolicanet.net\/wp-cnet\/2017\/05\/26\/dom-darci-nicioli-apesar-dessa-barafunda-politica-vamos-manter-viva-nossa-esperanca\/"},"modified":"2017-06-07T16:07:13","modified_gmt":"2017-06-07T19:07:13","slug":"dom-darci-nicioli-apesar-dessa-barafunda-politica-vamos-manter-viva-nossa-esperanca","status":"publish","type":"post","link":"https:\/\/catolicanet.net\/wp-cnet\/dom-darci-nicioli-apesar-dessa-barafunda-politica-vamos-manter-viva-nossa-esperanca\/","title":{"rendered":"Dom Darci Nicioli: \u201cApesar dessa barafunda pol\u00edtica, vamos manter viva nossa esperan\u00e7a\u201d"},"content":{"rendered":"<p style=\"text-align: justify;\"><img decoding=\"async\" src=\"http:\/\/www.catolicanet.com.br\/images\/stories\/noticias2017\/darci-1200x762_c.jpg\" border=\"0\" align=\"left\" \/>Dom Darci Jos\u00e9 Nicioli \u00e9 mineiro, de Jacutinga. Mission\u00e1rio Redentorista, atuou, por quase duas d\u00e9cadas, como administrador e reitor do Santu\u00e1rio Nacional de Aparecida (SP). O Papa em\u00e9rito Bento XVI o nomeou bispo auxiliar da terra da Padroeira, em 2012. Semana antes de ser nomeado arcebispo de Diamantina \u2013 seu estado natal, em 2016, pelo Papa Francisco, foi eleito, pela Assembleia dos Bispos, presidente da Comiss\u00e3o Episcopal para a Comunica\u00e7\u00e3o.<\/p>\n<p>Animado, sorridente, apreciador de uma boa conversa, o arcebispo das terras de Juscelino Kubistchek e de Chica da Silva \u2013 sua resid\u00eancia oficial est\u00e1 instalada no antigo casar\u00e3o do contratador Jo\u00e3o Fernandes \u2013\u00a0 gosta muito de tratar de assuntos ligados \u00e0 comunica\u00e7\u00e3o e coordenou um trabalho de prepara\u00e7\u00e3o para o Dia Mundial das Comunica\u00e7\u00f5es, celebrado neste domingo, 28 de maio, com muita ansiedade: \u201cFico entusiasmado ao contemplar o trabalho dos comunicadores da Igreja no Brasil!\u201d.<\/p>\n<p>Dom Darci concedeu entrevista \u00e0 equipe de assessoria de imprensa da CNBB, via e-mail, na sexta-feira, 26 de maio.<\/p>\n<p>Est\u00e1 chegando hora de celebrar o Dia Mundial das Comunica\u00e7\u00f5es. Como o senhor se sente?<\/p>\n<p>Sinto-me profundamente agradecido a Deus por ter me concedido o privil\u00e9gio de conhecer mais e de acompanhar essa gente boa que lida com comunica\u00e7\u00e3o em nome da Igreja no Brasil. Fico entusiasmado ao contemplar o trabalho dos comunicadores! Nestes \u00faltimos dois anos, tenho conhecido pessoas e comunidades que atuam na evangeliza\u00e7\u00e3o acolhendo, com empenho, as contribui\u00e7\u00f5es do universo moderno da comunica\u00e7\u00e3o. Gente corajosa, dedicada, muitas vezes at\u00e9 mesmo disposta ao sacrif\u00edcio, que usam da criatividade, da tecnologia para fazer com que a pessoa de Jesus Cristo, nosso Redentor, seja conhecida e amada no cora\u00e7\u00e3o do mundo. Ao se aproximar o dia 28 de maio, Dia Mundial das Comunica\u00e7\u00f5es Sociais, fico muito satisfeito com o caminho percorrido at\u00e9 agora pela Comiss\u00e3o Episcopal Pastoral para Comunica\u00e7\u00e3o da CNBB. L\u00e1, eu conto com a ajuda constante e o apoio de dom Devair Ara\u00fajo, bispo auxiliar de S\u00e3o Paulo e dom Roque Souza, auxiliar do Rio de Janeiro; al\u00e9m do trabalho de nossos assessores padre Ant\u00f4nio Xavier e padre Rafael Vieira, que \u00e9 bastante significativo.<\/p>\n<p>A Comiss\u00e3o animou a prepara\u00e7\u00e3o para esse Dia Mundial das Comunica\u00e7\u00f5es. Quais foram as iniciativas mais importantes nesse tempo?<\/p>\n<p>Em primeiro lugar, colocamos a bel\u00edssima mensagem do Papa Francisco para esta ocasi\u00e3o como prioridade da nossa prepara\u00e7\u00e3o. Desde o lan\u00e7amento do documento, em 24 de janeiro, n\u00e3o temos feito outra coisa, a n\u00e3o ser insistir, em todo canto, para que leiam, reflitam e apliquem o que o Santo Padre nos ensina nessa mensagem. Nesse esfor\u00e7o, o padre Ant\u00f4nio Xavier, assessor da nossa Comiss\u00e3o, coordenou os trabalhos de prepara\u00e7\u00e3o, culminando na oferta de um livreto em formato digital, apresentado para auxiliar os agentes da Pastoral da Comunica\u00e7\u00e3o. Neste subs\u00eddio, oferecemos algumas chaves-de-leitura para a leitura da mensagem do Papa e sugest\u00f5es para as celebra\u00e7\u00f5es.<\/p>\n<p>Tenho visto nas redes sociais, em todo o Brasil, nossos agentes mobilizados e traduzindo o conte\u00fado da mensagem em iniciativas de estudos, encontros, caf\u00e9s com a imprensa, cursos e outras modalidades de divulga\u00e7\u00e3o. O Papa pede que sejamos criativos e, vejo, que esse apelo tem sido escutado por nossas equipes de trabalho nas dioceses, par\u00f3quias e comunidades. Criativos e corajosos! A mensagem deste ano, tamb\u00e9m, pede que o crist\u00e3o se dedique a buscar as coisas boas que s\u00e3o \u201cmo\u00eddas\u201d com as coisas ruins, diariamente, pela comunica\u00e7\u00e3o no mundo inteiro.<\/p>\n<p>Uma outra iniciativa, tentamos organizar e realizar, pela segunda vez, uma Romaria de Comunicadores ao Santu\u00e1rio de Aparecida. Fizemos, isso poucos dias depois do lan\u00e7amento da mensagem do Papa Francisco. J\u00e1 avaliamos e estamos animados com a possibilidade para a terceira edi\u00e7\u00e3o dessa romaria, possamos contar com a participa\u00e7\u00e3o dos bispos referenciais dos regionais e dos coordenadores da Pastoral da Comunica\u00e7\u00e3o de todo o Brasil. Estou com muita esperan\u00e7a nesse nosso pr\u00f3ximo passo e acredito que poderemos promover um belo encontro dos pastores, coordenadores da comunica\u00e7\u00e3o na Igreja do Brasil aos p\u00e9s da M\u00e3e Aparecida.<\/p>\n<p>O senhor fala muito de Nossa Senhora Aparecida, mesmo depois de ter deixado o trabalho no Santu\u00e1rio e na Arquidiocese de Aparecida. Qual a raz\u00e3o dessa insist\u00eancia?<\/p>\n<p>O fundador da minha congrega\u00e7\u00e3o religiosa, bispo e \u00e9 Doutor da Igreja, chamava Nossa Senhora de \u201cM\u00e3e do Belo Amor\u201d. Em Aparecida, Ela manifestou seu carinho para com os pescadores, escravos e pobres h\u00e1 300 anos. Desde aquele encontro singelo da imagem enegrecida, Nossa Senhora chama o povo brasileiro para a ora\u00e7\u00e3o, para a convers\u00e3o, pedindo que fa\u00e7amos tudo o que Jesus, seu filho, nos disser. Eu amo Nossa Senhora. Gosto muito de Aparecida. Estou hoje conhecendo outras faces bonitas da devo\u00e7\u00e3o \u00e0 Nossa M\u00e3e. Na frente da casa onde eu resido, em Diamantina, h\u00e1 uma bel\u00edssima igreja do s\u00e9culo 18 dedicada \u00e0 Nossa Senhora do Carmo.<\/p>\n<p>Nossa arquidiocese de Diamantina, tem 22 par\u00f3quias, tendo Nossa Senhora como padroeira: Amparo, Dores, Concei\u00e7\u00e3o, F\u00e1tima, Gra\u00e7a, Anjos, Livramento, Piedade, M\u00e3e da Igreja, e, claro, Aparecida! Al\u00e9m disso, esse assunto se torna relevante para todo o Brasil, tamb\u00e9m, pois vivemos no Ano Nacional Mariano. E tem mais: Nossa Senhora \u00e9 a comunicadora por excel\u00eancia, porque a Palavra se fez carne em seu ventre! E Ela que a tudo acompanhava na vida de Jesus e da Igreja nascente, meditava tudo no cora\u00e7\u00e3o! Meditar no cora\u00e7\u00e3o \u00e9 atitude indispens\u00e1vel para toda a comunica\u00e7\u00e3o crist\u00e3!<\/p>\n<p>A comunica\u00e7\u00e3o da Igreja no Brasil se expressa bastante pela TV e pelo R\u00e1dio. H\u00e1 v\u00e1rias emissoras espalhadas pelo pa\u00eds. Como o senhor avalia essa comunica\u00e7\u00e3o?<\/p>\n<p>Por tr\u00e1s de cada emissora cat\u00f3lica de R\u00e1dio ou de Televis\u00e3o h\u00e1 sempre uma ideia ou uma proposta de espiritualidade. N\u00e3o podemos esquecer isso. Algumas pertencem a funda\u00e7\u00f5es constitu\u00eddas por dioceses e funda\u00e7\u00f5es religiosas, outras por fi\u00e9is leigos. H\u00e1, ainda, emissoras de car\u00e1ter mais comercial, mantendo com foco a evangeliza\u00e7\u00e3o. Cada uma dessas emissoras traz uma proposta diferente e positiva para o conjunto da comunica\u00e7\u00e3o na Igreja. A diversidade que elas apresentam em suas programa\u00e7\u00f5es \u00e9 um sinal de riqueza da f\u00e9 e da liberdade do Esp\u00edrito que sopra onde quer e como quer. No painel dessas emissoras, aqui e ali, naturalmente pode ocorrer algum tipo de descompasso em rela\u00e7\u00e3o \u00e0 orienta\u00e7\u00e3o do episcopado, do Papa ou at\u00e9 mesmo do Evangelho. Precisamos nos lembrar do que ensina o Papa Francisco: \u201cSomos todos pecadores e todos podemos ser alcan\u00e7ados pela miseric\u00f3rdia divina\u201d.<\/p>\n<p>Eu tenho insistido, nos encontros dos bispos, para que elaboremos algumas orienta\u00e7\u00f5es mais atualizadas considerando as grandes linhas da a\u00e7\u00e3o evangelizadora da Igreja para ajudar as emissoras de R\u00e1dio e TV. Esse \u00e9 um caminho longo, mas j\u00e1 come\u00e7ou a ser feito. Precisamos da ora\u00e7\u00e3o de todos para o \u00eaxito desse projeto. Enquanto isso, estimulamos nossos operadores da comunica\u00e7\u00e3o a buscarem, sempre com maior profundidade, a forma\u00e7\u00e3o a partir dos principais documentos da Igreja nesse campo. As mensagens dos Papas para o Dia Mundial das Comunica\u00e7\u00f5es Sociais publicadas, sem interrup\u00e7\u00e3o, desde 1967, trazem uma riqueza enorme de conte\u00fado para nos conservar no caminho da saud\u00e1vel comunica\u00e7\u00e3o nos meios de comunica\u00e7\u00e3o mantidos pela Igreja.<\/p>\n<p>A comunica\u00e7\u00e3o no seu sentido amplo e como realidade da sociedade tamb\u00e9m tem recebido uma aten\u00e7\u00e3o especial da Igreja. No Brasil, o senhor acha que a Comunica\u00e7\u00e3o Social tem desempenhado um papel de exemplo como comunica\u00e7\u00e3o que opera para o bem do progresso e do entendimento entre as pessoas?<\/p>\n<p>O Brasil \u00e9 um pa\u00eds maravilhoso. Dizer isso nesses tempos de esc\u00e2ndalos de corrup\u00e7\u00e3o pol\u00edtica parece um pecado. Mas, n\u00e3o \u00e9. Eu me refiro \u00e0s potencialidades de comunica\u00e7\u00e3o do povo brasileiro. Somos criativos, competentes, vision\u00e1rios. Formamos aqui verdadeiras escolas de comunica\u00e7\u00e3o que influenciam grupos no mundo inteiro. Do ponto de vista t\u00e9cnico, temos uma das melhores express\u00f5es de TV do planeta. N\u00e3o sou eu apenas que digo isso, basta que se fa\u00e7a uma leitura mais aprofundada e essa \u00e9 constata\u00e7\u00e3o com respaldo dos pesquisadores s\u00e9rios. No campo do r\u00e1dio n\u00e3o ficamos por baixo. Foi um padre brasileiro que fez parte do come\u00e7o da hist\u00f3ria do r\u00e1dio no mundo:\u00a0 o ga\u00facho Roberto Landell de Moura.<\/p>\n<p>Agora, \u00e9 claro que n\u00e3o estou dizendo que o uso feito dessa pot\u00eancia brasileira em comunica\u00e7\u00e3o \u00e9 a melhor do mundo. O predom\u00ednio de interesses econ\u00f4mico, por exemplo, colocou-nos numa posi\u00e7\u00e3o escandalosa de sermos h\u00f3spedes de oito a dez conglomerados de comunica\u00e7\u00e3o de \u201cpropriedade\u201d de poucas fam\u00edlias no Brasil \u2013 o triste monop\u00f3lio. Eu coloco a palavra entre aspas porque o exerc\u00edcio da radiodifus\u00e3o \u00e9 uma concess\u00e3o p\u00fablica e ningu\u00e9m poderia ser considerado dono, uma vez que os concession\u00e1rios recebem um direito por tempo delimitado e regras muito claras a respeito do uso da concess\u00e3o.<\/p>\n<p>O uso pol\u00edtico, no entanto, \u00e9 o mais complicado. Acho que os estudiosos de comunica\u00e7\u00e3o t\u00eam uma palavra clara sobre esse aspecto e n\u00e3o me atrevo a acrescentar. O que ocorre, contudo, que \u00e9 preciso denunciar todas as formas de coopta\u00e7\u00e3o da comunica\u00e7\u00e3o pelos interesses de partido, seja qual for. Os meios de comunica\u00e7\u00e3o s\u00e3o instrumentos de debate livre dos conte\u00fados de interesse do bem comum do povo brasileiro e n\u00e3o de grupos ideol\u00f3gicos de qualquer tonalidade.<\/p>\n<p>Uma \u00faltima coisa: a comunica\u00e7\u00e3o veloz e acess\u00edvel tem nos levado a acompanhar em tempo real uma espantosa sucess\u00e3o de esc\u00e2ndalos pol\u00edticos. Esse \u00e9 um m\u00e9rito da comunica\u00e7\u00e3o. E, \u00e9 em tempos como de hoje que precisamos observar como os meios de comunica\u00e7\u00e3o s\u00e3o usados para defender esse ou aquele interesse econ\u00f4mico e pol\u00edtico. Est\u00e1 expl\u00edcito, basta observar.<\/p>\n<p>O Dia Mundial das Comunica\u00e7\u00f5es coincide com uma crise pol\u00edtica grave em nosso Brasil. O senhor disse, um dia, que era preciso pisar nas \u201cjararacas\u201d. Elas ainda est\u00e3o \u00e0 solta?<\/p>\n<p>Sim, est\u00e3o. Infelizmente. Os fatos investigados de corrup\u00e7\u00e3o no Brasil est\u00e3o mostrando onde elas se escondem. N\u00e3o podemos perder essa hora de grande import\u00e2ncia para o amadurecimento da nossa cidadania. Falo do ponto de vista da comunica\u00e7\u00e3o: observemos os discursos feitos, as a\u00e7\u00f5es realizadas, o debate p\u00fablico. Podemos nos tornar melhores comunicadores se tirarmos proveito do acompanhamento de momentos t\u00e3o s\u00e9rios como o estamos atravessando nos \u00faltimos meses no Brasil. Diante do tudo, \u00e9 hora de reapresentar os valores do Evangelho que nos pedem honestidade, transpar\u00eancia, reto uso do dinheiro p\u00fablico e a defesa constante dos pobres e dos pequenos.<\/p>\n<p>A CNBB nos deu uma orienta\u00e7\u00e3o extraordin\u00e1ria nos \u00faltimos meses e nessa dire\u00e7\u00e3o tem nos feito ver que, no meio desse furac\u00e3o, n\u00e3o podemos nos esquecer que o Brasil precisa de \u00e9tica p\u00fablica, respeito aos trabalhadores e de di\u00e1logo com a sociedade. Essa tem sido a \u201ctecla fixa\u201d: di\u00e1logo. As principais reformas que o pa\u00eds tanto precisa, por exemplo, precisam ser elaboradas, discutidas e aprovadas mediante di\u00e1logo amplo e com tempo suficiente para o aprofundamento das quest\u00f5es mais complexas.<\/p>\n<p>Uma palavra final?<\/p>\n<p>Sim. Apesar dessa barafunda pol\u00edtica, vamos manter viva nossa esperan\u00e7a, pois no cora\u00e7\u00e3o do crist\u00e3o n\u00e3o cabe o desespero. H\u00e1 males que v\u00eam para o bem e, se estes tempos dif\u00edceis ajudarem para o crescimento em nossa responsabilidade cidad\u00e3, o povo redescobrir a import\u00e2ncia da participa\u00e7\u00e3o pol\u00edtica consciente, benditos sejam esses dias dif\u00edceis pelos quais estamos passando. Como nos pede o Papa Francisco:\u00a0\u00a0\u00a0 \u201cComuniquemos esperan\u00e7a e confian\u00e7a no nosso tempo. Coragem, sejamos arautos da Boa Nova!\u201d<\/p>\n<p style=\"text-align: justify;\">\u00a0<\/p>\n<p style=\"text-align: justify;\">Fonte: CNBB<\/p>\n","protected":false},"excerpt":{"rendered":"<p>Dom Darci Jos\u00e9 Nicioli \u00e9 mineiro, de Jacutinga. Mission\u00e1rio Redentorista, atuou, por quase duas d\u00e9cadas, como administrador e reitor do Santu\u00e1rio Nacional de Aparecida (SP). O Papa em\u00e9rito Bento XVI o nomeou bispo auxiliar da terra da Padroeira, em 2012. Semana antes de ser nomeado arcebispo de Diamantina \u2013 seu estado natal, em 2016, pelo [&hellip;]<\/p>\n","protected":false},"author":1,"featured_media":30286,"comment_status":"open","ping_status":"open","sticky":false,"template":"","format":"standard","meta":{"footnotes":""},"categories":[7],"tags":[],"class_list":["post-30287","post","type-post","status-publish","format-standard","has-post-thumbnail","hentry","category-cnbb"],"_links":{"self":[{"href":"https:\/\/catolicanet.net\/wp-cnet\/wp-json\/wp\/v2\/posts\/30287","targetHints":{"allow":["GET"]}}],"collection":[{"href":"https:\/\/catolicanet.net\/wp-cnet\/wp-json\/wp\/v2\/posts"}],"about":[{"href":"https:\/\/catolicanet.net\/wp-cnet\/wp-json\/wp\/v2\/types\/post"}],"author":[{"embeddable":true,"href":"https:\/\/catolicanet.net\/wp-cnet\/wp-json\/wp\/v2\/users\/1"}],"replies":[{"embeddable":true,"href":"https:\/\/catolicanet.net\/wp-cnet\/wp-json\/wp\/v2\/comments?post=30287"}],"version-history":[{"count":1,"href":"https:\/\/catolicanet.net\/wp-cnet\/wp-json\/wp\/v2\/posts\/30287\/revisions"}],"predecessor-version":[{"id":30570,"href":"https:\/\/catolicanet.net\/wp-cnet\/wp-json\/wp\/v2\/posts\/30287\/revisions\/30570"}],"wp:featuredmedia":[{"embeddable":true,"href":"https:\/\/catolicanet.net\/wp-cnet\/wp-json\/wp\/v2\/media\/30286"}],"wp:attachment":[{"href":"https:\/\/catolicanet.net\/wp-cnet\/wp-json\/wp\/v2\/media?parent=30287"}],"wp:term":[{"taxonomy":"category","embeddable":true,"href":"https:\/\/catolicanet.net\/wp-cnet\/wp-json\/wp\/v2\/categories?post=30287"},{"taxonomy":"post_tag","embeddable":true,"href":"https:\/\/catolicanet.net\/wp-cnet\/wp-json\/wp\/v2\/tags?post=30287"}],"curies":[{"name":"wp","href":"https:\/\/api.w.org\/{rel}","templated":true}]}}