{"id":30283,"date":"2017-05-28T03:00:00","date_gmt":"2017-05-28T06:00:00","guid":{"rendered":"http:\/\/catolicanet.net\/wp-cnet\/2017\/05\/28\/oculos-da-esperanca\/"},"modified":"2017-06-07T16:01:28","modified_gmt":"2017-06-07T19:01:28","slug":"oculos-da-esperanca","status":"publish","type":"post","link":"https:\/\/catolicanet.net\/wp-cnet\/oculos-da-esperanca\/","title":{"rendered":"\u00d3culos da Esperan\u00e7a"},"content":{"rendered":"<p style=\"text-align: justify;\"><img decoding=\"async\" src=\"http:\/\/www.catolicanet.com.br\/images\/stories\/artigos\/7b640mfh.jpg\" border=\"0\" align=\"left\" \/>* Osvaldo Luiz <\/p>\n<p> O Papa Francisco pede para que n\u00e3o se d\u00ea protagonismo ao mal. O pedido, feito na sua mensagem para o dia das Comunica\u00e7\u00f5es (28 de maio), \u00e9 um convite para n\u00e3o se fixar ou se deixar envolver por tantas not\u00edcias ruins: guerras, viol\u00eancias, corrup\u00e7\u00e3o. O Papa se preocupa com o c\u00edrculo de ang\u00fastia e uma espiral de medo que pode ocorrer com quem todo dia se alimenta por esse tipo de notici\u00e1rio.<br \/> O melhor seria, ent\u00e3o, fazer um jornal \u201ccor-de-rosa\u201d? N\u00e3o, o Papa n\u00e3o prop\u00f5e uma desinforma\u00e7\u00e3o ou um otimismo ing\u00eanuo. N\u00e3o d\u00e1 para virar as costas para tanto sofrimento e injusti\u00e7a. Mas tamb\u00e9m n\u00e3o \u00e9 o caso extremo de se explorar a dor alheia ao ponto de se tornar a not\u00edcia uma esp\u00e9cie de espet\u00e1culo. Porque, quando isso acontece, dois perigos se apresentam \u00e0s pessoas: as consci\u00eancias ficam anestesiadas ou entram em desespero. E as duas posturas nada favorecem \u00e0 transforma\u00e7\u00e3o da sociedade.<br \/> \u00c9 importante questionar quem, todos os dias, se informa sob essa \u00f3tica \u201cmarrom\u201d. O Papa, no in\u00edcio de seu texto, cita a imagem da M\u00f3 de Azenha, comparando-a com a mente humana. Assim como a \u00e1gua corrente faz as pedras esmagarem sem parar o que ali se coloca, nossa mente absorve sem parar o que vemos e ouvimos. A escolha do conte\u00fado que iremos assistir, ler ou ouvir, se faz, ent\u00e3o, essencial. O que iremos moer? Joio ou trigo?<br \/> A partir do exemplo de Jesus, o Papa Francisco prop\u00f5e uma mudan\u00e7a de \u201clente\u201d em nossa comunica\u00e7\u00e3o. Importante ressaltar que em Jesus tamb\u00e9m h\u00e1 sofrimento, e de cruz! E essa dor tamanha n\u00e3o foi a palavra final, mas fonte de imensa transforma\u00e7\u00e3o. Assim, nossa comunica\u00e7\u00e3o deve ser tal que, mesmo ao tratar do sofrimento, transmita acalento, como diz o Santo Padre: \u201co amor consegue sempre encontrar o caminho da proximidade e suscitar cora\u00e7\u00f5es capazes de se comover, rostos capazes de n\u00e3o se abater, m\u00e3os prontas a construir.\u201d Precisamos assimilar e propagar o tema desta mensagem do Papa Francisco: \u201c&#8217;N\u00e3o tenhas medo, que eu estou contigo\u2019 (Is 43,5). Comunicar esperan\u00e7a e confian\u00e7a, no nosso tempo\u201d. Saber que, apesar dos pesares, nada est\u00e1 perdido.<br \/> \u00c9 preciso colocar os \u00f3culos da esperan\u00e7a para se perceber na hist\u00f3ria, mesmo em suas p\u00e1ginas mais dram\u00e1ticas, a liberta\u00e7\u00e3o. Novamente o Papa ensina: \u201cO fio, com que se tece esta hist\u00f3ria sagrada, \u00e9 a esperan\u00e7a, e o seu tecedor s\u00f3 pode ser o Esp\u00edrito Consolador. A esperan\u00e7a \u00e9 a mais humilde das virtudes, porque permanece escondida nas pregas da vida, mas \u00e9 semelhante ao fermento que faz levedar toda a massa\u201d.<br \/> Ent\u00e3o, m\u00e3os \u00e0 obra, para levar esperan\u00e7a \u00e0s redes sociais, nas nossas falas, nos Meios de Comunica\u00e7\u00e3o. Esperan\u00e7a que pode se materializar num ato de solidariedade, num escutar com paci\u00eancia, num ombro que ampara, num sorriso que enxerga sa\u00eddas. E como diz a can\u00e7\u00e3o, \u201cdesesperar jamais\u201d!<\/p>\n<p>* Osvaldo Luiz Silva \u00e9 jornalista, autor dos livros &#8220;Ternura de Deus&#8221; e \u201cA vida \u00e9 caminhar\u201d, pela Editora Can\u00e7\u00e3o Nova e editor da Revista Can\u00e7\u00e3o Nova. Presidente da ACLA &#8211; Academia Cachoeirense de Letras e Artes em Cachoeira Paulista\/SP.<\/p>\n","protected":false},"excerpt":{"rendered":"<p>* Osvaldo Luiz O Papa Francisco pede para que n\u00e3o se d\u00ea protagonismo ao mal. O pedido, feito na sua mensagem para o dia das Comunica\u00e7\u00f5es (28 de maio), \u00e9 um convite para n\u00e3o se fixar ou se deixar envolver por tantas not\u00edcias ruins: guerras, viol\u00eancias, corrup\u00e7\u00e3o. O Papa se preocupa com o c\u00edrculo de [&hellip;]<\/p>\n","protected":false},"author":1,"featured_media":18436,"comment_status":"open","ping_status":"open","sticky":false,"template":"","format":"standard","meta":{"footnotes":""},"categories":[9],"tags":[],"class_list":["post-30283","post","type-post","status-publish","format-standard","has-post-thumbnail","hentry","category-artigos"],"_links":{"self":[{"href":"https:\/\/catolicanet.net\/wp-cnet\/wp-json\/wp\/v2\/posts\/30283","targetHints":{"allow":["GET"]}}],"collection":[{"href":"https:\/\/catolicanet.net\/wp-cnet\/wp-json\/wp\/v2\/posts"}],"about":[{"href":"https:\/\/catolicanet.net\/wp-cnet\/wp-json\/wp\/v2\/types\/post"}],"author":[{"embeddable":true,"href":"https:\/\/catolicanet.net\/wp-cnet\/wp-json\/wp\/v2\/users\/1"}],"replies":[{"embeddable":true,"href":"https:\/\/catolicanet.net\/wp-cnet\/wp-json\/wp\/v2\/comments?post=30283"}],"version-history":[{"count":1,"href":"https:\/\/catolicanet.net\/wp-cnet\/wp-json\/wp\/v2\/posts\/30283\/revisions"}],"predecessor-version":[{"id":30566,"href":"https:\/\/catolicanet.net\/wp-cnet\/wp-json\/wp\/v2\/posts\/30283\/revisions\/30566"}],"wp:featuredmedia":[{"embeddable":true,"href":"https:\/\/catolicanet.net\/wp-cnet\/wp-json\/wp\/v2\/media\/18436"}],"wp:attachment":[{"href":"https:\/\/catolicanet.net\/wp-cnet\/wp-json\/wp\/v2\/media?parent=30283"}],"wp:term":[{"taxonomy":"category","embeddable":true,"href":"https:\/\/catolicanet.net\/wp-cnet\/wp-json\/wp\/v2\/categories?post=30283"},{"taxonomy":"post_tag","embeddable":true,"href":"https:\/\/catolicanet.net\/wp-cnet\/wp-json\/wp\/v2\/tags?post=30283"}],"curies":[{"name":"wp","href":"https:\/\/api.w.org\/{rel}","templated":true}]}}