{"id":3026,"date":"2023-10-08T00:00:00","date_gmt":"2023-10-08T03:00:00","guid":{"rendered":"http:\/\/catolicanet.net\/wp-cnet\/santa-pelagia-penitente\/"},"modified":"2023-01-02T17:23:02","modified_gmt":"2023-01-02T20:23:02","slug":"santa-pelagia-penitente","status":"publish","type":"post","link":"https:\/\/catolicanet.net\/wp-cnet\/santa-pelagia-penitente\/","title":{"rendered":"Santa Pel\u00e1gia Penitente"},"content":{"rendered":"<p style=\"text-align: justify;\"><span style=\"line-height: 1.3em;\">S\u00e3o duas as santas com este nome \u2014 ou quatro, segundo o Martirol\u00f3gio romano. Mas se trata de um desdobramento.<\/span><\/p>\n<p style=\"text-align: justify;\"><span style=\"line-height: 1.3em;\">A primeira \u00e9 uma jovem m\u00e1rtir de Antioquia, que se jogou da janela para evitar a perda da virgindade. E s\u00e3o Jo\u00e3o Cris\u00f3stomo louva sua coragem, dando origem a intermin\u00e1veis discuss\u00f5es.<\/span><\/p>\n<p style=\"text-align: justify;\">O mesmo santo bispo narra as vicissitudes de uma c\u00e9lebre atriz, bel\u00edssima tanto quanto dissoluta, que depois da convers\u00e3o levou vida austera de penit\u00eancia. Mas n\u00e3o diz seu nome.<\/p>\n<p style=\"text-align: justify;\">Assim, um autor desconhecido, que se nomeia Tiago, julgou bom dar-lhe o nome de Pel\u00e1gia e escrever um longo relato sobre sua hist\u00f3ria.<\/p>\n<p style=\"text-align: justify;\"><span style=\"line-height: 1.3em;\">Ao chegar a Antioquia junto com uma companhia de comediantes, a mulher provocou logo esc\u00e2ndalo em raz\u00e3o de \u201ccostumes vulgares\u201d, virando a cabe\u00e7a de v\u00e1rios homens, at\u00e9 do irm\u00e3o do imperador. Mas h\u00e1 mais. Conseguiu distrair o pr\u00f3prio bispo Nono: o bom velho se p\u00f4s a olh\u00e1-la enquanto se dirigia em prociss\u00e3o para o s\u00ednodo. <\/span><\/p>\n<p style=\"text-align: justify;\"><span style=\"line-height: 1.3em;\">Desta leviandade o bispo extraiu um \u00fatil assunto para seu serm\u00e3o: se uma mulher se embeleza desse modo para agradar a um simples mortal, como deveremos n\u00f3s adornar nossa alma destinada \u00e0s m\u00edsticas n\u00fapcias com Deus? E com a ora\u00e7\u00e3o e a boa palavra conseguiu realmente recolocar no redil aquela bela criatura. <\/span><\/p>\n<p style=\"text-align: justify;\"><span style=\"line-height: 1.3em;\">Pel\u00e1gia mudou de vida, recebeu o batismo e se retirou para viver como eremita em uma cela escavada junto ao monte das Oliveiras.<\/span><\/p>\n<p style=\"text-align: justify;\"><span style=\"line-height: 1.3em;\">O pseudo-Tiago acrescenta que a mulher, para n\u00e3o ser objeto de desejos, travestiu-se de homem e viveu longamente em penit\u00eancia, purificando-se assim dos passados desregramentos.<\/span><\/p>\n<div>\u00a0Santa Pel\u00e1gia Penitente, rogai por n\u00f3s!<\/div>\n","protected":false},"excerpt":{"rendered":"<p>S\u00e3o duas as santas com este nome \u2014 ou quatro, segundo o Martirol\u00f3gio romano. Mas se trata de um desdobramento. A primeira \u00e9 uma jovem m\u00e1rtir de Antioquia, que se jogou da janela para evitar a perda da virgindade. E s\u00e3o Jo\u00e3o Cris\u00f3stomo louva sua coragem, dando origem a intermin\u00e1veis discuss\u00f5es. O mesmo santo bispo [&hellip;]<\/p>\n","protected":false},"author":1,"featured_media":22884,"comment_status":"closed","ping_status":"closed","sticky":false,"template":"","format":"standard","meta":{"footnotes":""},"categories":[32],"tags":[],"class_list":["post-3026","post","type-post","status-publish","format-standard","has-post-thumbnail","hentry","category-santo-do-dia"],"_links":{"self":[{"href":"https:\/\/catolicanet.net\/wp-cnet\/wp-json\/wp\/v2\/posts\/3026","targetHints":{"allow":["GET"]}}],"collection":[{"href":"https:\/\/catolicanet.net\/wp-cnet\/wp-json\/wp\/v2\/posts"}],"about":[{"href":"https:\/\/catolicanet.net\/wp-cnet\/wp-json\/wp\/v2\/types\/post"}],"author":[{"embeddable":true,"href":"https:\/\/catolicanet.net\/wp-cnet\/wp-json\/wp\/v2\/users\/1"}],"replies":[{"embeddable":true,"href":"https:\/\/catolicanet.net\/wp-cnet\/wp-json\/wp\/v2\/comments?post=3026"}],"version-history":[{"count":3,"href":"https:\/\/catolicanet.net\/wp-cnet\/wp-json\/wp\/v2\/posts\/3026\/revisions"}],"predecessor-version":[{"id":22886,"href":"https:\/\/catolicanet.net\/wp-cnet\/wp-json\/wp\/v2\/posts\/3026\/revisions\/22886"}],"wp:featuredmedia":[{"embeddable":true,"href":"https:\/\/catolicanet.net\/wp-cnet\/wp-json\/wp\/v2\/media\/22884"}],"wp:attachment":[{"href":"https:\/\/catolicanet.net\/wp-cnet\/wp-json\/wp\/v2\/media?parent=3026"}],"wp:term":[{"taxonomy":"category","embeddable":true,"href":"https:\/\/catolicanet.net\/wp-cnet\/wp-json\/wp\/v2\/categories?post=3026"},{"taxonomy":"post_tag","embeddable":true,"href":"https:\/\/catolicanet.net\/wp-cnet\/wp-json\/wp\/v2\/tags?post=3026"}],"curies":[{"name":"wp","href":"https:\/\/api.w.org\/{rel}","templated":true}]}}