{"id":30252,"date":"2017-05-26T12:30:17","date_gmt":"2017-05-26T15:30:17","guid":{"rendered":"http:\/\/catolicanet.net\/wp-cnet\/2017\/05\/26\/audacia-liberdade-criatividade-papa-propoe-o-qmanual-do-missionarioq\/"},"modified":"2017-06-07T16:25:17","modified_gmt":"2017-06-07T19:25:17","slug":"audacia-liberdade-criatividade-papa-propoe-o-qmanual-do-missionarioq","status":"publish","type":"post","link":"https:\/\/catolicanet.net\/wp-cnet\/audacia-liberdade-criatividade-papa-propoe-o-qmanual-do-missionarioq\/","title":{"rendered":"Aud\u00e1cia, liberdade, criatividade: Papa prop\u00f5e o &#8220;manual do mission\u00e1rio&#8221;"},"content":{"rendered":"<p style=\"text-align: justify;\"><img decoding=\"async\" src=\"http:\/\/www.catolicanet.com.br\/images\/stories\/noticias2017\/ap3942767_articolo.jpg\" border=\"0\" align=\"left\" \/>Cidade do Vaticano (RV) \u2013 Um pequeno \u201cmanual do mission\u00e1rio\u201d: foi o que prop\u00f4s o Papa Francisco ao concluir sua s\u00e9rie de audi\u00eancias na manh\u00e3 desta sexta-feira (26\/05) recebendo as Pequenas Irm\u00e3s Mission\u00e1rias da Caridade, reunidas em Roma para seu 12\u00ba Cap\u00edtulo Geral.<\/p>\n<p>O Instituto, da fam\u00edlia orionita, tem como carisma desenvolver um amplo apostolado junto aos mais pobres da sociedade e tem uma natureza mission\u00e1ria. E foi justamente a esta caracter\u00edstica que o Papa dedicou o seu discurso. O m\u00e9todo mission\u00e1rio, afirmou, deve ser marcado pela proximidade, pelo encontro, pelo di\u00e1logo e pelo acompanhamento.<\/p>\n<p>Aud\u00e1cia e criatividade<\/p>\n<p>\u201cA miss\u00e3o e o servi\u00e7o aos pobres as coloca \u2018em sa\u00edda\u2019 e as ajudar\u00e1 a superar os riscos da autorreferencialidade, do limitar-se a sobreviver e da rigidez autodefensiva\u201d, destacou Francisco. Ao mission\u00e1rio, acrescentou, pede-se que seja uma pessoa audaz e criativa. \u201cN\u00e3o vale o c\u00f4modo crit\u00e9rio do \u2018sempre se fez assim\u2019. Repensem os objetivos, as estruturas, o estilo e os m\u00e9todos da miss\u00e3o. Estamos vivendo num tempo em que \u00e9 necess\u00e1rio repensar tudo \u00e0 luz daquilo que o Esp\u00edrito nos pede\u201d, aconselhou.<\/p>\n<p>Liberdade e simplicidade<\/p>\n<p>O mission\u00e1rio, prosseguiu o Papa, deve ser tamb\u00e9m uma pessoa livre, que vive sem nada de sua propriedade. \u201cN\u00e3o me canso de repetir que a comodidade, a pregui\u00e7a e a mundanidade s\u00e3o for\u00e7as que impedem o mission\u00e1rio de \u2018sair\u2019, de \u2018partir\u2019 e de se colocar em caminho e de compartilhar o dom do Evangelho. O mission\u00e1rio n\u00e3o pode colocar-se em caminho com o cora\u00e7\u00e3o repleto de coisas (comodidade), com o cora\u00e7\u00e3o vazio (pregui\u00e7a) ou em busca de coisas alheias \u00e0 gl\u00f3ria de Deus (mundanidade). O mission\u00e1rio \u00e9 uma pessoa livre de lastros e correntes; uma pessoa que vive sem nada de sua propriedade; somente para o Senhor e o seu Evangelho; uma pessoa que vive num caminho constante de convers\u00e3o pessoal e trabalha sem cessar para a convers\u00e3o pastoral.\u201d<\/p>\n<p>Espiritualidade hol\u00edstica e profeta da miseric\u00f3rdia<\/p>\n<p>Outra caracter\u00edstica do mission\u00e1rio \u00e9 ser uma pessoa habitada pelo Esp\u00edrito Santo e que tenha uma espiritualidade fundada em Cristo, na Palavra de Deus e na liturgia. Uma espiritualidade \u201chol\u00edstica\u201d, que envolva toda a pessoa nas suas v\u00e1rias dimens\u00f5es. Por fim, o mission\u00e1rio deve ser um profeta da miseric\u00f3rdia, isto \u00e9, pessoa centralizada em Deus e nos crucifixos deste mundo. \u201cDeixem-se provocar pelo clamor de tantas situa\u00e7\u00f5es de dor e de sofrimento. Como profetas da miseric\u00f3rdia, anunciem o perd\u00e3o e o abra\u00e7o do Pai.\u201d<\/p>\n<p>O Papa Francisco concluiu seu discurso propondo o \u00edcone da Visita\u00e7\u00e3o: \u201cAssim com a Virgem Maria, coloquem-se em caminho, com pressa \u2013 n\u00e3o a pressa do mundo, mas a pressa de Deus \u2013 e repletas da alegria que habita em seu cora\u00e7\u00e3o cantem o magnificat. Cantem o amor de Deus por cada criatura. Anunciem aos homens e \u00e0s mulheres de hoje que Deus \u00e9 amor\u201d.<\/p>\n<p>As Pequenas Irm\u00e3s Mission\u00e1rias da Caridade est\u00e3o presentes em v\u00e1rias cidades do Brasil, reunidas na Prov\u00edncia Nossa Senhora Aparecida.<\/p>\n<p style=\"text-align: justify;\">\u00a0<\/p>\n<p style=\"text-align: justify;\">Fonte: CNBB<\/p>\n","protected":false},"excerpt":{"rendered":"<p>Cidade do Vaticano (RV) \u2013 Um pequeno \u201cmanual do mission\u00e1rio\u201d: foi o que prop\u00f4s o Papa Francisco ao concluir sua s\u00e9rie de audi\u00eancias na manh\u00e3 desta sexta-feira (26\/05) recebendo as Pequenas Irm\u00e3s Mission\u00e1rias da Caridade, reunidas em Roma para seu 12\u00ba Cap\u00edtulo Geral. O Instituto, da fam\u00edlia orionita, tem como carisma desenvolver um amplo apostolado [&hellip;]<\/p>\n","protected":false},"author":1,"featured_media":30251,"comment_status":"open","ping_status":"open","sticky":false,"template":"","format":"standard","meta":{"footnotes":""},"categories":[3],"tags":[],"class_list":["post-30252","post","type-post","status-publish","format-standard","has-post-thumbnail","hentry","category-vaticano"],"_links":{"self":[{"href":"https:\/\/catolicanet.net\/wp-cnet\/wp-json\/wp\/v2\/posts\/30252","targetHints":{"allow":["GET"]}}],"collection":[{"href":"https:\/\/catolicanet.net\/wp-cnet\/wp-json\/wp\/v2\/posts"}],"about":[{"href":"https:\/\/catolicanet.net\/wp-cnet\/wp-json\/wp\/v2\/types\/post"}],"author":[{"embeddable":true,"href":"https:\/\/catolicanet.net\/wp-cnet\/wp-json\/wp\/v2\/users\/1"}],"replies":[{"embeddable":true,"href":"https:\/\/catolicanet.net\/wp-cnet\/wp-json\/wp\/v2\/comments?post=30252"}],"version-history":[{"count":1,"href":"https:\/\/catolicanet.net\/wp-cnet\/wp-json\/wp\/v2\/posts\/30252\/revisions"}],"predecessor-version":[{"id":30587,"href":"https:\/\/catolicanet.net\/wp-cnet\/wp-json\/wp\/v2\/posts\/30252\/revisions\/30587"}],"wp:featuredmedia":[{"embeddable":true,"href":"https:\/\/catolicanet.net\/wp-cnet\/wp-json\/wp\/v2\/media\/30251"}],"wp:attachment":[{"href":"https:\/\/catolicanet.net\/wp-cnet\/wp-json\/wp\/v2\/media?parent=30252"}],"wp:term":[{"taxonomy":"category","embeddable":true,"href":"https:\/\/catolicanet.net\/wp-cnet\/wp-json\/wp\/v2\/categories?post=30252"},{"taxonomy":"post_tag","embeddable":true,"href":"https:\/\/catolicanet.net\/wp-cnet\/wp-json\/wp\/v2\/tags?post=30252"}],"curies":[{"name":"wp","href":"https:\/\/api.w.org\/{rel}","templated":true}]}}