{"id":30250,"date":"2017-05-26T12:19:16","date_gmt":"2017-05-26T15:19:16","guid":{"rendered":"http:\/\/catolicanet.net\/wp-cnet\/2017\/05\/26\/papa-qcristaos-olhem-para-o-ceu-e-anunciem-jesus-ao-mundoq\/"},"modified":"2017-06-07T16:26:14","modified_gmt":"2017-06-07T19:26:14","slug":"papa-qcristaos-olhem-para-o-ceu-e-anunciem-jesus-ao-mundoq","status":"publish","type":"post","link":"https:\/\/catolicanet.net\/wp-cnet\/papa-qcristaos-olhem-para-o-ceu-e-anunciem-jesus-ao-mundoq\/","title":{"rendered":"Papa: &#8220;Crist\u00e3os olhem para o C\u00e9u e anunciem Jesus ao mundo&#8221;"},"content":{"rendered":"<p style=\"text-align: justify;\"><img decoding=\"async\" src=\"http:\/\/www.catolicanet.com.br\/images\/stories\/papas\/1949230_articolo.jpg\" border=\"0\" align=\"left\" \/>Cidade do Vaticano (RV) \u2013 Nesta sexta-feira (26\/05), o Papa Francisco presidiu a missa matutina na capela da Casa Santa Marta e na homilia, afirmou que \u201cas Escrituras nos indicam tr\u00eas pontos de refer\u00eancia no caminho crist\u00e3o\u201d.<\/p>\n<p style=\"text-align: justify;\">\u00a0<\/p>\n<p style=\"text-align: justify;\"><a href=\"http:\/\/media02.radiovaticana.va\/audio\/audio2\/mp3\/00583053.mp3\">Clique aqui para ouvir:<\/a><\/p>\n<p style=\"text-align: justify;\">\u00a0<\/p>\n<p style=\"text-align: justify;\">O primeiro \u00e9 a mem\u00f3ria. Jesus ressuscitado diz aos disc\u00edpulos que o precedam na Galileia: este foi o primeiro encontro com o Senhor. E \u201ccada um de n\u00f3s tem a sua pr\u00f3pria Galileia\u201d, aquele lugar aonde Jesus se manifestou pela primeira vez, o conhecemos e \u201ctivemos a alegria e o entusiasmo de segui-lo\u201d. Para ser um bom crist\u00e3o, precisamos sempre nos lembrar do primeiro encontro com Jesus ou dos seguintes\u201d. Esta \u00e9 \u201ca gra\u00e7a da mem\u00f3ria\u201d, que \u201cno momento da prova\u00e7\u00e3o, me d\u00e1 a certeza\u201d.<\/p>\n<p>O segundo ponto de refer\u00eancia \u00e9 a ora\u00e7\u00e3o. Quando Jesus sobe ao C\u00e9u, ele n\u00e3o se separa de n\u00f3s: \u201cfisicamente sim, mas fica sempre ligado, para interceder por n\u00f3s. Mostra ao Pai as chagas, o pre\u00e7o que pagou por n\u00f3s e pela nossa salva\u00e7\u00e3o\u201d. Assim, \u201cdevemos pedir a gra\u00e7a de contemplar o C\u00e9u, a gra\u00e7a da ora\u00e7\u00e3o, a rela\u00e7\u00e3o com Jesus na ora\u00e7\u00e3o que neste momento nos ouve, est\u00e1 conosco\u201d:<\/p>\n<p>\u201cEnfim, o terceiro: o mundo. Antes de ir, Jesus diz aos disc\u00edpulos: \u2018Ide mundo afora e fa\u00e7am disc\u00edpulos\u2019. Ide. O lugar dos crist\u00e3os \u00e9 o mundo no qual anunciar a Palavra de Jesus, para dizer que fomos salvos, que Ele veio para nos dar a gra\u00e7a, para nos levar com Ele diante do Pai\u201d.<\/p>\n<p>Esta \u00e9 \u2013 observou Francisco \u2013 a \u201ctopografia do esp\u00edrito crist\u00e3o\u201d, os tr\u00eas lugares de refer\u00eancia de nossa vida: a mem\u00f3ria, a ora\u00e7\u00e3o e a miss\u00e3o; e as tr\u00eas palavras de nosso caminho: Galileia, C\u00e9u e Mundo:<\/p>\n<p>\u201cUm crist\u00e3o deve agir nestas tr\u00eas dimens\u00f5es e pedir a gra\u00e7a da mem\u00f3ria: \u201cQue n\u00e3o me esque\u00e7a do momento que me elegeu, que n\u00e3o esque\u00e7a do momento em que nos encontramos\u201d, dizendo ao Senhor. Depois, rezar e olhar ao C\u00e9u, porque Ele est\u00e1 ali para interceder. Ele intercede por n\u00f3s. E depois, sair em miss\u00e3o&#8230; n\u00e3o quer dizer que todos devem ir ao exterior; ir em miss\u00e3o \u00e9 viver e dar testemunho do Evangelho; \u00e9 fazer saber aos outros como \u00e9 Jesus. Mas fazer isso com o testemunho e com a Palavra, porque se eu falar como Jesus e como a vida crist\u00e3, mas viver como um pag\u00e3o, n\u00e3o adianta. A miss\u00e3o n\u00e3o funciona\u201d.<\/p>\n<p>Se, ao contr\u00e1rio, vivermos na mem\u00f3ria, na ora\u00e7\u00e3o e em miss\u00e3o \u2013 concluiu Francisco \u2013 a vida crist\u00e3 ser\u00e1 bela e tamb\u00e9m alegre:<\/p>\n<p>\u201cE esta \u00e9 a \u00faltima frase que Jesus nos diz no Evangelho de hoje: \u201cNaquele dia, no dia em que viverem a vida crist\u00e3 assim,\u00a0 voc\u00eas saber\u00e3o tudo e ningu\u00e9m poder\u00e1 lhes tirar a alegria\u201d. Ningu\u00e9m, porque terei a mem\u00f3ria do encontro com Jesus e a certeza que Jesus est\u00e1 no C\u00e9u e intercede por mim, est\u00e1 comigo, eu rezo e tenho a coragem de dizer, de sair de mim, dizer aos outros e dar testemunho com a minha vida que o Senhor ressuscitou, est\u00e1 vivo. Mem\u00f3ria, ora\u00e7\u00e3o e miss\u00e3o. Que o Senhor nos d\u00ea a gra\u00e7a de entender esta topografia da vida crist\u00e3 e seguir adiante com alegria, aquela alegria que ningu\u00e9m pode nos tirar\u201d.<\/p>\n<p style=\"text-align: justify;\">\u00a0<\/p>\n<p style=\"text-align: justify;\">Fonte: R\u00e1dio Vaticano<\/p>\n","protected":false},"excerpt":{"rendered":"<p>Cidade do Vaticano (RV) \u2013 Nesta sexta-feira (26\/05), o Papa Francisco presidiu a missa matutina na capela da Casa Santa Marta e na homilia, afirmou que \u201cas Escrituras nos indicam tr\u00eas pontos de refer\u00eancia no caminho crist\u00e3o\u201d. \u00a0 Clique aqui para ouvir: \u00a0 O primeiro \u00e9 a mem\u00f3ria. Jesus ressuscitado diz aos disc\u00edpulos que o [&hellip;]<\/p>\n","protected":false},"author":1,"featured_media":30249,"comment_status":"open","ping_status":"open","sticky":false,"template":"","format":"standard","meta":{"footnotes":""},"categories":[3],"tags":[],"class_list":["post-30250","post","type-post","status-publish","format-standard","has-post-thumbnail","hentry","category-vaticano"],"_links":{"self":[{"href":"https:\/\/catolicanet.net\/wp-cnet\/wp-json\/wp\/v2\/posts\/30250","targetHints":{"allow":["GET"]}}],"collection":[{"href":"https:\/\/catolicanet.net\/wp-cnet\/wp-json\/wp\/v2\/posts"}],"about":[{"href":"https:\/\/catolicanet.net\/wp-cnet\/wp-json\/wp\/v2\/types\/post"}],"author":[{"embeddable":true,"href":"https:\/\/catolicanet.net\/wp-cnet\/wp-json\/wp\/v2\/users\/1"}],"replies":[{"embeddable":true,"href":"https:\/\/catolicanet.net\/wp-cnet\/wp-json\/wp\/v2\/comments?post=30250"}],"version-history":[{"count":1,"href":"https:\/\/catolicanet.net\/wp-cnet\/wp-json\/wp\/v2\/posts\/30250\/revisions"}],"predecessor-version":[{"id":30588,"href":"https:\/\/catolicanet.net\/wp-cnet\/wp-json\/wp\/v2\/posts\/30250\/revisions\/30588"}],"wp:featuredmedia":[{"embeddable":true,"href":"https:\/\/catolicanet.net\/wp-cnet\/wp-json\/wp\/v2\/media\/30249"}],"wp:attachment":[{"href":"https:\/\/catolicanet.net\/wp-cnet\/wp-json\/wp\/v2\/media?parent=30250"}],"wp:term":[{"taxonomy":"category","embeddable":true,"href":"https:\/\/catolicanet.net\/wp-cnet\/wp-json\/wp\/v2\/categories?post=30250"},{"taxonomy":"post_tag","embeddable":true,"href":"https:\/\/catolicanet.net\/wp-cnet\/wp-json\/wp\/v2\/tags?post=30250"}],"curies":[{"name":"wp","href":"https:\/\/api.w.org\/{rel}","templated":true}]}}