{"id":30246,"date":"2017-05-26T11:53:56","date_gmt":"2017-05-26T14:53:56","guid":{"rendered":"http:\/\/catolicanet.net\/wp-cnet\/2017\/05\/26\/o-avanco-enlouquecedor-da-crueldade\/"},"modified":"2017-06-07T16:30:20","modified_gmt":"2017-06-07T19:30:20","slug":"o-avanco-enlouquecedor-da-crueldade","status":"publish","type":"post","link":"https:\/\/catolicanet.net\/wp-cnet\/o-avanco-enlouquecedor-da-crueldade\/","title":{"rendered":"O Avan\u00e7o enlouquecedor da crueldade"},"content":{"rendered":"<p style=\"text-align: justify;\">\u00c9 terrivelmente assustador o crescimento da viol\u00eancia, da criminalidade, do consumo das drogas, das doen\u00e7as, do consumismo depressivo, da corrup\u00e7\u00e3o, do terrorismo, da desigualdade social, do individualismo idol\u00e1trico pelo poder. Vivemos os extremismos da carnificina humana, do desrespeito pela dignidade das pessoas e seus direitos, a desconstru\u00e7\u00e3o dos valores \u00e9ticos. A ideologia \u00e9 enlouquecer, lucrar com a cultura de morte! A crueldade das guerras, a cria\u00e7\u00e3o de v\u00edrus mortais, alimentos danosos e a maldade do ataque cibern\u00e9tico que prejudica o sistema de computadores no mundo inteiro. A perversidade, mentiras e difama\u00e7\u00f5es propagadas pelas derdes sociais. Na onda das redes sociais, a espetaculariza\u00e7\u00e3o \u00e9 navegar no mar de tubar\u00f5es e de piranhas, e n\u00f3s sabemos o fim desses nadadores. Projetam divis\u00e3o na pol\u00edtica, separa\u00e7\u00e3o familiar e cismas religiosos e o sectarismo fundamentalista para perseguir, difamar e matar em nome de Deus. As incompatibilidades religiosas e seus esc\u00e2ndalos caminham na mesma velocidade da internet e o conjunto da maldade\u00a0 na sociedade avan\u00e7a no mesmo n\u00edvel da ci\u00eancia e da tecnologia. A m\u00eddia \u00e9 uma ind\u00fastria de produzir bo\u00e7ais e motivar a lux\u00faria. \u00c9 uma marca deplor\u00e1vel da nossa era: a indiferen\u00e7a e o descaso entre as pessoas que vivem na mesma casa, no mesmo local de trabalho, na sala de aula e na comunidade religiosa. Nesse contexto o desamor, a aus\u00eancia de afetividade, o ass\u00e9dio moral e a destrui\u00e7\u00e3o emocional do seu semelhante. Tem-se\u00a0 usado demais\u00a0 a palavra ofensiva e com viol\u00eancia avassaladora como armas mortais. O signo da p\u00f3s-modernidade \u00e9 avan\u00e7o enlouquecedor da crueldade.<\/p>\n<p style=\"text-align: justify;\">Estado Isl\u00e2mico<\/p>\n<p style=\"text-align: justify;\">O grupo Estado Isl\u00e2mico (EI) coloca explosivos nas casas, com seus habitantes dentro, e bloqueia as portas para evitar que fujam da cidade de Mossul. \u201cAtualmente, a fome mata mais gente que os bombardeios e combates\u201d, afirma Hossameddine al Abbar, membro do conselho provincial de N\u00ednive, a prov\u00edncia cuja capital \u00e9 Mossul.<\/p>\n<p style=\"text-align: justify;\"> \u201cAtr\u00e1s das paredes das casas, h\u00e1 quartos inteiros, s\u00f3t\u00e3os cheios de gente muito aterrorizada para fugir. E agora morrem de fome\u201d, descreve por telefone \u00e0 AFP Abu Imad, um ex-funcion\u00e1rio de restaurante que vive no bairro de Zinjili com sua esposa e seus quatro filhos. \u201cConhe\u00e7o pessoas que come\u00e7aram a comer plantas e que fervem papel (para com\u00ea-lo depois)\u201d, confessa. \u201cA este passo, as pessoas comer\u00e3o em pouco tempo os cachorros e os gatos\u201d, conclui.<\/p>\n<p style=\"text-align: justify;\">Dom Auza na ONU: combater viol\u00eancia contra mulheres nos conflitos<\/p>\n<p style=\"text-align: justify;\"> O Observador Permanente da Santa S\u00e9 na ONU, em Nova Iorque, Dom Bernardito Auza, fez um apelo em prol do combate \u00e0 viol\u00eancia sexual nos conflitos, durante seu pronunciamento no Conselho de Seguran\u00e7a das Na\u00e7\u00f5es Unidas,\u00a0 (15\/05\/2017).<\/p>\n<p style=\"text-align: justify;\">O arcebispo filipino, no debate p\u00fablico sobre o tema \u201cMulheres, paz e seguran\u00e7a\u201d, pediu aos Estados e \u00e0 comunidade internacional para que seja dada prioridade a essa quest\u00e3o. \u201cO sofrimento incalcul\u00e1vel de v\u00e1rias mulheres que ainda hoje continuam sendo v\u00edtimas dessa crueldade deve nos impelir a agir\u201d, disse o prelado.<\/p>\n<p style=\"text-align: justify;\">Com palavras fortes, Dom Auza fez refer\u00eancia ao \u00faltimo relat\u00f3rio apresentado pelo Secret\u00e1rio-Geral da ONU sobre a viol\u00eancia sexual nos conflitos, recordando que nessa express\u00e3o est\u00e3o inclu\u00eddos sequestros e tr\u00e1fico de pessoas, escravid\u00e3o sexual, prostitui\u00e7\u00e3o, aborto, esteriliza\u00e7\u00e3o e casamentos for\u00e7ados. Nesse contexto \u201cterr\u00edvel e criminoso\u201d, o representante da Santa S\u00e9 chamou a aten\u00e7\u00e3o para o uso da viol\u00eancia sexual como \u201ct\u00e1tica de terrorismo\u201d.<\/p>\n<p style=\"text-align: justify;\">\u201cOs motivos por tr\u00e1s desse crime perverso, citados no relat\u00f3rio, s\u00e3o uma ladainha do mal: incentivar o recrutamento de terroristas, aterrorizar e dispersar as popula\u00e7\u00f5es, for\u00e7ar convers\u00f5es atrav\u00e9s de casamentos, suprimir os direitos fundamentais das mulheres, tirar proveito do tr\u00e1fico sexual, extorquir dinheiro das fam\u00edlias desesperadas, oferecer mulheres e garotas como v\u00edtimas de guerra para compensar os combatentes, que podem ser vendidas ou exploradas por eles como quiserem, e usar mulheres e garotas como escudos humanos e camicases\u201d.<\/p>\n<p style=\"text-align: justify;\">\u201cN\u00e3o s\u00e3o necess\u00e1rias outras provas para documentar que mulheres e garotas s\u00e3o especificamente orientadas como t\u00e1tica para criar medo, aniquilar sua vontade e obter dinheiro para a m\u00e1quina terrorista.\u201d<\/p>\n<p style=\"text-align: justify;\">\u201cEm resposta a essa cultura da viol\u00eancia, o mundo, especialmente as mulheres e garotas cuja dignidade \u00e9 violada ferozmente, olham ao Conselho de Seguran\u00e7a com esperan\u00e7a e aguardam uma a\u00e7\u00e3o\u201d. \u201cQue elas n\u00e3o esperem em v\u00e3o\u201d, concluiu Dom Auza.<\/p>\n<p style=\"text-align: justify;\">Essa nossa era, requer de todos n\u00f3s uma profunda convers\u00e3o, um renascer no abissal interior do nosso ser em afeto, hipotal\u00e1ssicas mudan\u00e7as&#8230; Nada muda, se a gente n\u00e3o mudar!<\/p>\n<p style=\"text-align: justify;\">Frei In\u00e1cio Jos\u00e9 do Vale<\/p>\n<p style=\"text-align: justify;\">Psicanalista Cl\u00ednico<br \/>Professor e Conferencista<br \/>Soci\u00f3logo em Ci\u00eancia da Religi\u00e3o<br \/>Formador do Instituto dos Irm\u00e3ozinhos de Charles de Foucauld<br \/>E-mail: pe.inacio.jose@gmail.com<br \/>Fontes:<br \/>https:\/\/pt.aleteia.org\/2017\/05\/11\/estado-islamico-faz-de-habitantes-de-mossul-refens-em-suas-proprias-casas\/?utm_campaign=NL_pt&#038;utm_source=daily_newsletter&#038;utm_medium=mail&#038;utm_content=NL_pt<br \/>http:\/\/br.radiovaticana.va\/news\/2017\/05\/16\/dom_auza_na_onu_combater_viol%C3%AAncia_contra_mulheres_nos_con\/1312703<\/p>\n","protected":false},"excerpt":{"rendered":"<p>\u00c9 terrivelmente assustador o crescimento da viol\u00eancia, da criminalidade, do consumo das drogas, das doen\u00e7as, do consumismo depressivo, da corrup\u00e7\u00e3o, do terrorismo, da desigualdade social, do individualismo idol\u00e1trico pelo poder. Vivemos os extremismos da carnificina humana, do desrespeito pela dignidade das pessoas e seus direitos, a desconstru\u00e7\u00e3o dos valores \u00e9ticos. A ideologia \u00e9 enlouquecer, lucrar [&hellip;]<\/p>\n","protected":false},"author":16,"featured_media":0,"comment_status":"open","ping_status":"open","sticky":false,"template":"","format":"standard","meta":{"footnotes":""},"categories":[9],"tags":[],"class_list":["post-30246","post","type-post","status-publish","format-standard","hentry","category-artigos"],"_links":{"self":[{"href":"https:\/\/catolicanet.net\/wp-cnet\/wp-json\/wp\/v2\/posts\/30246","targetHints":{"allow":["GET"]}}],"collection":[{"href":"https:\/\/catolicanet.net\/wp-cnet\/wp-json\/wp\/v2\/posts"}],"about":[{"href":"https:\/\/catolicanet.net\/wp-cnet\/wp-json\/wp\/v2\/types\/post"}],"author":[{"embeddable":true,"href":"https:\/\/catolicanet.net\/wp-cnet\/wp-json\/wp\/v2\/users\/16"}],"replies":[{"embeddable":true,"href":"https:\/\/catolicanet.net\/wp-cnet\/wp-json\/wp\/v2\/comments?post=30246"}],"version-history":[{"count":1,"href":"https:\/\/catolicanet.net\/wp-cnet\/wp-json\/wp\/v2\/posts\/30246\/revisions"}],"predecessor-version":[{"id":30590,"href":"https:\/\/catolicanet.net\/wp-cnet\/wp-json\/wp\/v2\/posts\/30246\/revisions\/30590"}],"wp:attachment":[{"href":"https:\/\/catolicanet.net\/wp-cnet\/wp-json\/wp\/v2\/media?parent=30246"}],"wp:term":[{"taxonomy":"category","embeddable":true,"href":"https:\/\/catolicanet.net\/wp-cnet\/wp-json\/wp\/v2\/categories?post=30246"},{"taxonomy":"post_tag","embeddable":true,"href":"https:\/\/catolicanet.net\/wp-cnet\/wp-json\/wp\/v2\/tags?post=30246"}],"curies":[{"name":"wp","href":"https:\/\/api.w.org\/{rel}","templated":true}]}}