{"id":30236,"date":"2017-05-25T13:10:54","date_gmt":"2017-05-25T16:10:54","guid":{"rendered":"http:\/\/catolicanet.net\/wp-cnet\/2017\/05\/25\/arquidiocese-do-mexico-desmente-morte-de-sacerdote-apunhalado-na-catedral\/"},"modified":"2017-06-07T16:37:17","modified_gmt":"2017-06-07T19:37:17","slug":"arquidiocese-do-mexico-desmente-morte-de-sacerdote-apunhalado-na-catedral","status":"publish","type":"post","link":"https:\/\/catolicanet.net\/wp-cnet\/arquidiocese-do-mexico-desmente-morte-de-sacerdote-apunhalado-na-catedral\/","title":{"rendered":"Arquidiocese do M\u00e9xico desmente morte de sacerdote apunhalado na Catedral"},"content":{"rendered":"<p style=\"text-align: justify;\"><img decoding=\"async\" src=\"http:\/\/www.catolicanet.com.br\/images\/stories\/noticias2017\/catedralmexico_flickr.jpg\" border=\"0\" align=\"left\" \/>Cidade do M\u00e9xico (ACI).- Frente aos rumores nas redes sociais, a Arquidiocese Primaz do M\u00e9xico desmentiu que o Pe. Jos\u00e9 Miguel Machorro, apunhalado na Catedral no dia 15 de maio, tenha morrido.<\/p>\n<p>Em um comunicado remetido ao Grupo ACI, a Arquidiocese explicou que, \u201cde acordo com o \u00faltimo boletim m\u00e9dico, a sa\u00fade do Pe. Jos\u00e9 Miguel Machorro est\u00e1 melhorando, embora de forma lenta\u201d.<\/p>\n<p>Citando o documento m\u00e9dico, assinalou que a condi\u00e7\u00e3o do Pe. Machorro \u201csegue melhorando paulatinamente. Apesar disso, ser\u00e1 necess\u00e1rio mant\u00ea-lo entubado e em terapia intensiva\u201d.<\/p>\n<p>O sacerdote foi apunhalado por volta das 19h do dia 15 de maios, ap\u00f3s terminar a \u00faltima Missa do dia na Catedral Primaz do M\u00e9xico. Segundo testemunhos, o agressor tentou, sem \u00eaxito, degol\u00e1-lo, ferindo-o no lado direito do pesco\u00e7o.<\/p>\n<p>Pe. Machoro, de 55 anos, est\u00e1 internado em terapia intensiva no Hospital Mocel, na Cidade do M\u00e9xico. Seu agressor, identificado pelas autoridades como Juan Ren\u00e9 Silva Mart\u00ednez, segundo perito psiqui\u00e1trico, sofre de \u201ctranstorno psic\u00f3tico\u201d.<\/p>\n<p>Inicialmente, um juiz declarou Silva Mart\u00ednez como \u201cinimput\u00e1vel\u201d da tentativa de assassinato, mas o Tribunal Superior de Justi\u00e7a da Cidade do M\u00e9xico indicou no dia 22 de maio que foi vinculado ao processo.<\/p>\n<p style=\"text-align: justify;\">\u00a0<\/p>\n<p style=\"text-align: justify;\">Fonte: Acidigital<\/p>\n","protected":false},"excerpt":{"rendered":"<p>Cidade do M\u00e9xico (ACI).- Frente aos rumores nas redes sociais, a Arquidiocese Primaz do M\u00e9xico desmentiu que o Pe. Jos\u00e9 Miguel Machorro, apunhalado na Catedral no dia 15 de maio, tenha morrido. Em um comunicado remetido ao Grupo ACI, a Arquidiocese explicou que, \u201cde acordo com o \u00faltimo boletim m\u00e9dico, a sa\u00fade do Pe. Jos\u00e9 [&hellip;]<\/p>\n","protected":false},"author":1,"featured_media":30235,"comment_status":"open","ping_status":"open","sticky":false,"template":"","format":"standard","meta":{"footnotes":""},"categories":[4],"tags":[],"class_list":["post-30236","post","type-post","status-publish","format-standard","has-post-thumbnail","hentry","category-cotidiano"],"_links":{"self":[{"href":"https:\/\/catolicanet.net\/wp-cnet\/wp-json\/wp\/v2\/posts\/30236","targetHints":{"allow":["GET"]}}],"collection":[{"href":"https:\/\/catolicanet.net\/wp-cnet\/wp-json\/wp\/v2\/posts"}],"about":[{"href":"https:\/\/catolicanet.net\/wp-cnet\/wp-json\/wp\/v2\/types\/post"}],"author":[{"embeddable":true,"href":"https:\/\/catolicanet.net\/wp-cnet\/wp-json\/wp\/v2\/users\/1"}],"replies":[{"embeddable":true,"href":"https:\/\/catolicanet.net\/wp-cnet\/wp-json\/wp\/v2\/comments?post=30236"}],"version-history":[{"count":1,"href":"https:\/\/catolicanet.net\/wp-cnet\/wp-json\/wp\/v2\/posts\/30236\/revisions"}],"predecessor-version":[{"id":30596,"href":"https:\/\/catolicanet.net\/wp-cnet\/wp-json\/wp\/v2\/posts\/30236\/revisions\/30596"}],"wp:featuredmedia":[{"embeddable":true,"href":"https:\/\/catolicanet.net\/wp-cnet\/wp-json\/wp\/v2\/media\/30235"}],"wp:attachment":[{"href":"https:\/\/catolicanet.net\/wp-cnet\/wp-json\/wp\/v2\/media?parent=30236"}],"wp:term":[{"taxonomy":"category","embeddable":true,"href":"https:\/\/catolicanet.net\/wp-cnet\/wp-json\/wp\/v2\/categories?post=30236"},{"taxonomy":"post_tag","embeddable":true,"href":"https:\/\/catolicanet.net\/wp-cnet\/wp-json\/wp\/v2\/tags?post=30236"}],"curies":[{"name":"wp","href":"https:\/\/api.w.org\/{rel}","templated":true}]}}