{"id":30234,"date":"2017-05-25T12:55:31","date_gmt":"2017-05-25T15:55:31","guid":{"rendered":"http:\/\/catolicanet.net\/wp-cnet\/2017\/05\/25\/terroristas-ligados-ao-isis-incendeiam-catedral-e-sequestram-sacerdote-e-fieis-nas-filipinas\/"},"modified":"2017-06-07T16:39:31","modified_gmt":"2017-06-07T19:39:31","slug":"terroristas-ligados-ao-isis-incendeiam-catedral-e-sequestram-sacerdote-e-fieis-nas-filipinas","status":"publish","type":"post","link":"https:\/\/catolicanet.net\/wp-cnet\/terroristas-ligados-ao-isis-incendeiam-catedral-e-sequestram-sacerdote-e-fieis-nas-filipinas\/","title":{"rendered":"Terroristas ligados ao ISIS incendeiam catedral e sequestram sacerdote e fi\u00e9is nas Filipinas"},"content":{"rendered":"<p style=\"text-align: justify;\"><img decoding=\"async\" src=\"http:\/\/www.catolicanet.com.br\/images\/stories\/noticias2017\/marawi_twitter240517.jpg\" border=\"0\" align=\"left\" \/>Roma,\u00a0 (ACI).- Um grupo terrorista que jurou lealdade ao Estado Isl\u00e2mico (ISIS) atacou na ter\u00e7a-feira a Catedral de Marawi, na ilha filipina de Mindanao, e sequestrou um sacerdote, religiosas e v\u00e1rios fi\u00e9is que estavam rezando no \u00faltimo dia da novena a Nossa Senhora Auxiliadora.<\/p>\n<p>Em declara\u00e7\u00f5es \u00e0 ag\u00eancia vaticana Fides, o Bispo de Marawi, Dom Edwin de la Pe\u00f1a, assinalou que s\u00e3o militantes do grupo islamista Maute. \u201cAtacaram a catedral cat\u00f3lica em Marawi City, e sequestraram cerca de 15 fi\u00e9is, entre eles um sacerdote \u2013 o Pe. Chito Sunganob \u2013, algumas religiosas e v\u00e1rios leigos que estavam rezando na igreja\u201d, informou o Prelado.<\/p>\n<p>O ataque em Marawi come\u00e7ou em 23 de maio \u00e0s 12h, quando o ex\u00e9rcito filipino come\u00e7ou uma opera\u00e7\u00e3o contra \u201calvos de alto valor\u201d pertencentes aos grupos terroristas Abu Sayyaf e Maute na \u00e1rea comercial e residencial de Marawi.<\/p>\n<p>Em repres\u00e1lia, entre 100 e 200 homens armados apoiados por simpatizantes locais ocuparam o centro m\u00e9dico Amai Pakpak, em Marawi. Uma hora depois, o grupo terrorista ocupou a pris\u00e3o e incendiou a instala\u00e7\u00e3o. Foram divulgadas na Internet imagens da bandeira negra do ISIS em v\u00e1rios lugares da cidade.<\/p>\n<p>Mais tarde, a imprensa filipina informou dois inc\u00eandios em Dansalan College e na Catedral de Nossa Senhora Auxiliadora.<\/p>\n<p>O Bispo disse \u00e0 ag\u00eancia Fides que \u201cisto ocorreu justamente na v\u00e9spera da Festa de Maria: pedimos ajuda a Ela, que \u00e9 o aux\u00edlio dos crist\u00e3os. Pedimos a salva\u00e7\u00e3o dos nossos fi\u00e9is. Somente ela pode vir em nosso socorro\u201d.<\/p>\n<p>\u201cDirigimos um apelo tamb\u00e9m ao Papa Francisco para que reze por n\u00f3s e possa pedir aos terroristas para libertar os ref\u00e9ns, em nome de nossa comum humanidade. Viol\u00eancia e \u00f3dio trazem somente destrui\u00e7\u00e3o: pe\u00e7amos aos fi\u00e9is em todo o mundo para rezarem junto conosco pela paz\u201d, pediu.<\/p>\n<p>Dom Edwin de la Pe\u00f1a disse \u00e0 Fides que \u201cos fi\u00e9is estavam na igreja para rezar a Maria no \u00faltimo dia da novena. Os terroristas entraram na igreja, fizeram alguns ref\u00e9ns e os levaram para uma localidade desconhecida. Entraram na resid\u00eancia do Bispo e sequestraram o Vig\u00e1rio Geral, Pe. Teresito Soganub. Depois colocaram fogo na Catedral e na sede do episcopado. Tudo est\u00e1 destru\u00eddo. Estamos consternados\u201d, expressou.<\/p>\n<p>Segundo a ag\u00eancia vaticana, o bispo foi salvo porque ontem estava em uma visita pastoral em um povoado distante de Marawi, uma cidade de maioria mu\u00e7ulmana.<\/p>\n<p>Indicou que os terroristas ocuparam a cidade e as pessoas est\u00e3o trancadas em suas casas. \u201cAgora, estamos aguardando a rea\u00e7\u00e3o do ex\u00e9rcito. Por enquanto \u00e9 necess\u00e1rio retomar a cidade com o m\u00ednimo de mortes poss\u00edvel\u201d.<\/p>\n<p>\u201cN\u00e3o temos not\u00edcias dos ref\u00e9ns. Ativamos nossos canais, a Igreja, os l\u00edderes isl\u00e2micos e esperamos iniciar imediatamente as negocia\u00e7\u00f5es para que sejam libertados s\u00e3os e salvos\u201d, assinalou o Prelado e recordou que nos \u00faltimos meses a Igreja recebeu amea\u00e7as.<\/p>\n<p>Por sua parte, o presidente da Confer\u00eancia dos Bispos Cat\u00f3licos das Filipinas, Dom S\u00f3crates Villegas, pediu aos fi\u00e9is que rezem pela seguran\u00e7a do Pe. Soganub e pelos outros ref\u00e9ns.<\/p>\n<p>\u201cMembros do grupo guerrilheiro Maute amea\u00e7aram matar os ref\u00e9ns caso as for\u00e7as do governo n\u00e3o se retirassem. Na medida em que as for\u00e7as do governo garantirem que a lei ser\u00e1 cumprida, pedimos que a seguran\u00e7a dos ref\u00e9ns seja primordial\u201d, solicitou o Prelado.<\/p>\n<p>Em resposta ao ataque, o presidente Rodrigo Duterte interrompeu a sua visita a Moscou para voltar \u00e0s Filipinas, declarando a lei marcial no sul do pa\u00eds, onde o grupo isl\u00e2mico atua.<\/p>\n<p style=\"text-align: justify;\">\u00a0<\/p>\n<p style=\"text-align: justify;\">Fonte: Acidigital<\/p>\n","protected":false},"excerpt":{"rendered":"<p>Roma,\u00a0 (ACI).- Um grupo terrorista que jurou lealdade ao Estado Isl\u00e2mico (ISIS) atacou na ter\u00e7a-feira a Catedral de Marawi, na ilha filipina de Mindanao, e sequestrou um sacerdote, religiosas e v\u00e1rios fi\u00e9is que estavam rezando no \u00faltimo dia da novena a Nossa Senhora Auxiliadora. Em declara\u00e7\u00f5es \u00e0 ag\u00eancia vaticana Fides, o Bispo de Marawi, Dom [&hellip;]<\/p>\n","protected":false},"author":1,"featured_media":30233,"comment_status":"open","ping_status":"open","sticky":false,"template":"","format":"standard","meta":{"footnotes":""},"categories":[4],"tags":[],"class_list":["post-30234","post","type-post","status-publish","format-standard","has-post-thumbnail","hentry","category-cotidiano"],"_links":{"self":[{"href":"https:\/\/catolicanet.net\/wp-cnet\/wp-json\/wp\/v2\/posts\/30234","targetHints":{"allow":["GET"]}}],"collection":[{"href":"https:\/\/catolicanet.net\/wp-cnet\/wp-json\/wp\/v2\/posts"}],"about":[{"href":"https:\/\/catolicanet.net\/wp-cnet\/wp-json\/wp\/v2\/types\/post"}],"author":[{"embeddable":true,"href":"https:\/\/catolicanet.net\/wp-cnet\/wp-json\/wp\/v2\/users\/1"}],"replies":[{"embeddable":true,"href":"https:\/\/catolicanet.net\/wp-cnet\/wp-json\/wp\/v2\/comments?post=30234"}],"version-history":[{"count":1,"href":"https:\/\/catolicanet.net\/wp-cnet\/wp-json\/wp\/v2\/posts\/30234\/revisions"}],"predecessor-version":[{"id":30597,"href":"https:\/\/catolicanet.net\/wp-cnet\/wp-json\/wp\/v2\/posts\/30234\/revisions\/30597"}],"wp:featuredmedia":[{"embeddable":true,"href":"https:\/\/catolicanet.net\/wp-cnet\/wp-json\/wp\/v2\/media\/30233"}],"wp:attachment":[{"href":"https:\/\/catolicanet.net\/wp-cnet\/wp-json\/wp\/v2\/media?parent=30234"}],"wp:term":[{"taxonomy":"category","embeddable":true,"href":"https:\/\/catolicanet.net\/wp-cnet\/wp-json\/wp\/v2\/categories?post=30234"},{"taxonomy":"post_tag","embeddable":true,"href":"https:\/\/catolicanet.net\/wp-cnet\/wp-json\/wp\/v2\/tags?post=30234"}],"curies":[{"name":"wp","href":"https:\/\/api.w.org\/{rel}","templated":true}]}}