{"id":30230,"date":"2017-05-25T12:24:22","date_gmt":"2017-05-25T15:24:22","guid":{"rendered":"http:\/\/catolicanet.net\/wp-cnet\/2017\/05\/25\/a-contribuicao-da-santa-se-para-reduzir-os-riscos-de-desastres\/"},"modified":"2017-06-07T16:42:20","modified_gmt":"2017-06-07T19:42:20","slug":"a-contribuicao-da-santa-se-para-reduzir-os-riscos-de-desastres","status":"publish","type":"post","link":"https:\/\/catolicanet.net\/wp-cnet\/a-contribuicao-da-santa-se-para-reduzir-os-riscos-de-desastres\/","title":{"rendered":"A contribui\u00e7\u00e3o da Santa S\u00e9 para reduzir os riscos de desastres"},"content":{"rendered":"<p style=\"text-align: justify;\">Canc\u00fan (RV) \u2013 A cidade <img decoding=\"async\" src=\"http:\/\/www.catolicanet.com.br\/images\/stories\/noticias2017\/reuters2108800_articolo.jpg\" border=\"0\" align=\"left\" \/>mexicana de Canc\u00fan est\u00e1 sediando o encontro da Plataforma Global para a Redu\u00e7\u00e3o dos Riscos de Desastres.<\/p>\n<p style=\"text-align: justify;\">\u00a0<\/p>\n<p style=\"text-align: justify;\"><a href=\"http:\/\/media02.radiovaticana.va\/audio\/audio2\/mp3\/00582929.mp3\">Clique aqui para ouvir:<\/a><\/p>\n<p style=\"text-align: justify;\">\u00a0<\/p>\n<p style=\"text-align: justify;\">O evento, que re\u00fane mais 5.000 participantes, tem a finalidade de reduzir o risco de cat\u00e1strofes em todo o mundo, apostando numa maior responsabilidade para refor\u00e7ar a resili\u00eancia aos desastres.<\/p>\n<p>O encontro \u00e9 a primeira oportunidade para a comunidade internacional de avaliar os progressos globais do acordo assinado em Sendai, no Jap\u00e3o, em 2015. A Santa S\u00e9 se fez presente atrav\u00e9s de uma carta do Secret\u00e1rio de Estado, Card. Pietro Parolin, enviado ao Presidente mexicano e Presidente da Plataforma global 2017, Enrique Pe\u00f1a Nieto.<\/p>\n<p>Pobres: principais v\u00edtimas<\/p>\n<p>No texto, o Cardeal insiste na necessidade de refor\u00e7ar as atividades de preven\u00e7\u00e3o, educa\u00e7\u00e3o e forma\u00e7\u00e3o para reduzir as perdas humanas, f\u00edsicas e econ\u00f4micas causadas pelos desastres naturais.<\/p>\n<p>\u201cCom frequ\u00eancia, s\u00e3o os mais pobres as principais v\u00edtimas dos desastres naturais, que desestabilizam as economias e as sociedades mais fr\u00e1geis ou as regi\u00f5es mais prec\u00e1rias\u201d, escreve o Secret\u00e1rio de Estado, recordando que as pr\u00f3prias v\u00edtimas devem ser envolvidas no processo de conscientiza\u00e7\u00e3o.<\/p>\n<p>Tradi\u00e7\u00f5es religiosas e cat\u00e1strofes naturais<\/p>\n<p>\u201cA capacidade de mobiliza\u00e7\u00e3o das comunidades locais jamais deveria ser subestimada em situa\u00e7\u00f5es de cat\u00e1strofes. Neste contexto, as tradi\u00e7\u00f5es religiosas e culturais s\u00e3o muito importantes e representam fonte de enriquecimento para a resili\u00eancia. Tudo isso requer ampla participa\u00e7\u00e3o, colabora\u00e7\u00e3o, integra\u00e7\u00e3o e di\u00e1logo de toda a sociedade.\u201d<\/p>\n<p>O Card. Parolin defende ainda uma mudan\u00e7a de mentalidade e estilos de vida. \u201cQuando levamos em considera\u00e7\u00e3o o futuro da humanidade, n\u00e3o podemos nos limitar a \u00e1reas t\u00e9cnicas: estamos falando de valores, de responsabilidade compartilhada, que chamam em causa o bem de toda a fam\u00edlia humana.\u201d<\/p>\n<p>Os votos do Papa Francisco<\/p>\n<p>Em nome do Papa Francisco, o Secret\u00e1rio de Estado faz votos que os trabalhos da Plataforma Global sejam prof\u00edcuos, frut\u00edferos e permitam que a resili\u00eancia caminhe passo a passo com o desenvolvimento de uma real, respons\u00e1vel e fraterna colabora\u00e7\u00e3o fundada sobre o bem comum. \u201cNesta perspectiva, a Santa S\u00e9 est\u00e1 sempre pronta a oferecer a sua contribui\u00e7\u00e3o.\u201d<\/p>\n<p>A Plataforma Global estar\u00e1 reunida em Canc\u00fan at\u00e9 o dia 26 de maio.<\/p>\n<p style=\"text-align: justify;\">\u00a0<\/p>\n<p style=\"text-align: justify;\">Fonte: R\u00e1dio Vaticano<\/p>\n","protected":false},"excerpt":{"rendered":"<p>Canc\u00fan (RV) \u2013 A cidade mexicana de Canc\u00fan est\u00e1 sediando o encontro da Plataforma Global para a Redu\u00e7\u00e3o dos Riscos de Desastres. \u00a0 Clique aqui para ouvir: \u00a0 O evento, que re\u00fane mais 5.000 participantes, tem a finalidade de reduzir o risco de cat\u00e1strofes em todo o mundo, apostando numa maior responsabilidade para refor\u00e7ar a [&hellip;]<\/p>\n","protected":false},"author":1,"featured_media":30229,"comment_status":"open","ping_status":"open","sticky":false,"template":"","format":"standard","meta":{"footnotes":""},"categories":[3],"tags":[],"class_list":["post-30230","post","type-post","status-publish","format-standard","has-post-thumbnail","hentry","category-vaticano"],"_links":{"self":[{"href":"https:\/\/catolicanet.net\/wp-cnet\/wp-json\/wp\/v2\/posts\/30230","targetHints":{"allow":["GET"]}}],"collection":[{"href":"https:\/\/catolicanet.net\/wp-cnet\/wp-json\/wp\/v2\/posts"}],"about":[{"href":"https:\/\/catolicanet.net\/wp-cnet\/wp-json\/wp\/v2\/types\/post"}],"author":[{"embeddable":true,"href":"https:\/\/catolicanet.net\/wp-cnet\/wp-json\/wp\/v2\/users\/1"}],"replies":[{"embeddable":true,"href":"https:\/\/catolicanet.net\/wp-cnet\/wp-json\/wp\/v2\/comments?post=30230"}],"version-history":[{"count":1,"href":"https:\/\/catolicanet.net\/wp-cnet\/wp-json\/wp\/v2\/posts\/30230\/revisions"}],"predecessor-version":[{"id":30599,"href":"https:\/\/catolicanet.net\/wp-cnet\/wp-json\/wp\/v2\/posts\/30230\/revisions\/30599"}],"wp:featuredmedia":[{"embeddable":true,"href":"https:\/\/catolicanet.net\/wp-cnet\/wp-json\/wp\/v2\/media\/30229"}],"wp:attachment":[{"href":"https:\/\/catolicanet.net\/wp-cnet\/wp-json\/wp\/v2\/media?parent=30230"}],"wp:term":[{"taxonomy":"category","embeddable":true,"href":"https:\/\/catolicanet.net\/wp-cnet\/wp-json\/wp\/v2\/categories?post=30230"},{"taxonomy":"post_tag","embeddable":true,"href":"https:\/\/catolicanet.net\/wp-cnet\/wp-json\/wp\/v2\/tags?post=30230"}],"curies":[{"name":"wp","href":"https:\/\/api.w.org\/{rel}","templated":true}]}}