{"id":3023,"date":"2013-10-07T14:00:44","date_gmt":"2013-10-07T17:00:44","guid":{"rendered":"http:\/\/catolicanet.net\/wp-cnet\/a-magnitude-da-gratidao\/"},"modified":"2017-03-22T14:46:45","modified_gmt":"2017-03-22T17:46:45","slug":"a-magnitude-da-gratidao","status":"publish","type":"post","link":"https:\/\/catolicanet.net\/wp-cnet\/a-magnitude-da-gratidao\/","title":{"rendered":"A magnitude da gratid\u00e3o"},"content":{"rendered":"<p style=\"text-align: justify;\">\u00a0<\/p>\n<p style=\"text-align: justify;\">Narra S\u00e3o Lucas que Jesus na sua caminhada para Jerusal\u00e9m \u201cteve que passar entre a Samaria e a Galil\u00e9ia (Lc 17,11). \u00a0A Samaria era uma regi\u00e3o de estrangeiros her\u00e9ticos que possu\u00eda um templo e uma religi\u00e3o pr\u00f3pria. Os judeus tinham um profundo desprezo para com os samaritanos e estes n\u00e3o menor desd\u00e9m em rela\u00e7\u00e3o os judeus. A Galil\u00e9ia era um territ\u00f3rio fronteiri\u00e7o com a S\u00edria, terra de m\u00e1 reputa\u00e7\u00e3o, para onde conflu\u00edam pessoas \u00a0de toda parte, expulsas ou perseguidas por seus crimes. O Mestre divino transitava, portanto, por caminhos \u00a0de gente \u00a0malquista pelos judeus ou de p\u00e9ssima fama. Foi a\u00ed que Ele encontra dez leprosos, doentes ainda mais indesej\u00e1veis na sociedade de ent\u00e3o, seja onde fosse. A lepra era uma enfermidade social abomin\u00e1vel, tanto mais que se pensava ser Deus que enviava tal doen\u00e7a como puni\u00e7\u00e3o dos pecados. Eis que alguns leprosos se aventuraram at\u00e9 Jesus, na esperan\u00e7a de ser curados, persuadidos de que uma palavra sa\u00edda de sua boca transformaria suas almas e seus corpos. Entretanto, plenamente curado ficou apenas um, pois nove conservaram no cora\u00e7\u00e3o a lepra da ingratid\u00e3o. \u00a0Apenas aquele que era samaritano conheceu a total recupera\u00e7\u00e3o, dado que o reconhecimento brilhou em sua alma. Jesus \u00a0atrav\u00e9s de uma simples admira\u00e7\u00e3o. que patenteava \u00a0seguramente sua \u00a0tristeza recriminou os ingratos. \u00a0Viu de perto \u00a0a que ponto pode chegar \u00a0o ser humano esquecendo os benef\u00edcios recebidos.. Hoje, mais do que nunca num contexto de transa\u00e7\u00f5es comerciais marcado pela vantagem a ser obtida, muitas vezes a qualquer pre\u00e7o, n\u00e3o \u00e9 f\u00e1cil \u00a0manifestar gratid\u00e3o. Esta n\u00e3o \u00e9 apenas, por\u00e9m, dizer \u201cobrigado\u201d, mas \u00e9 tamb\u00e9m a maneira com que se trata os outros dos quais se recebem tantos favores. \u00c9 o que se d\u00e1 com tantos \u00a0empregadores que pensam que lhes basta pagar o sal\u00e1rio convencionado, mas no dia a dia n\u00e3o s\u00e3o corteses com seus funcion\u00e1rios, n\u00e3o se interessam por seus problemas, n\u00e3o tomam conhecimento de suas \u00a0preocupa\u00e7\u00f5es. Sob este aspecto, horr\u00edvel, por vezes, \u00e9 a atitude de tantos filhos para com seus pais. N\u00e3o sabem retribuir com aten\u00e7\u00f5es a tantos sacrif\u00edcios que eles fazem, o carinho que eles demonstram Certo dia, uma m\u00e3e veio se queixar com este sacerdote dizendo: \u201cSempre fiz tudo para minha filha, lhe pedi, por\u00e9m, \u00a0para me trazer um copo de \u00e1gua e ela respondeu: \u201cN\u00e3o sou sua empregada\u201d! Fato lament\u00e1vel, ingratid\u00e3o profunda, fruto inclusive de uma total aus\u00eancia de urbanidade. Um pai assim se desabafou: \u201cSacrifico-me por meus filhos e hoje ao fazer uma observa\u00e7\u00e3o a um deles, ele me redarg\u00fciu: \u201cCuide de sua vida que eu cuido da minha\u201d! Sem d\u00favida, gesto pior do que a dos nove leprosos ingratos \u00a0os quais n\u00e3o voltaram para agradecer a Jesus. A ingratid\u00e3o \u00e9 uma lepra do cora\u00e7\u00e3o mais terr\u00edvel do que a lepra do corpo! O ingrato n\u00e3o sabe interpretar a grandiosidade dos benef\u00edcios recebidos e se mostra at\u00e9 rude com o benfeitor. A gratid\u00e3o, por\u00e9m, \u00e9 uma atitude nobre envolta na do\u00e7ura de uma mente esclarecida. Quem \u00e9 grato e gentil com o pr\u00f3ximo, ser\u00e1 tamb\u00e9m reconhecido em tudo \u00e0s gra\u00e7as recebidas de Deus. Quantos, por\u00e9m, chegam at\u00e9 a recriminar o Ser Supremo na hora das prova\u00e7\u00f5es e dos naturais sofrimentos inerentes a este ex\u00edlio terreno. Isto \u00e9 ind\u00edcio certo de falta de f\u00e9. \u00a0Cumpre sempre um ato de abandono de todo o ser a Deus que sabe o que \u00e9 melhor para cada um. Crer em Jesus \u00e9 reconhecer que Ele \u00e9 o Senhor. Tornar-se seu disc\u00edpulo significa que se est\u00e1 maravilhado pela gratuidade da salva\u00e7\u00e3o que Ele oferece e que n\u00e3o se pode viver sem Ele. Sente ent\u00e3o, quem \u00e9 grato a Ele, a necessidade de estabelecer cada dia mais uma uni\u00e3o mais profunda com seu Benfeitor. Ent\u00e3o, a Missa dominical, por exemplo, n\u00e3o \u00e9 um mero preceito, mas uma necessidade interior, porque participar da Eucaristia significa precisamente render gra\u00e7as. \u00c9 o momento salutar de se sair do ativismo cotidiano para agradecer os benef\u00edcios da semana que passou e tantos outros dons concedidos por Deus pela vida afora. Na Igreja, a f\u00e9 dos agraciados por Deus se torna um hino gratulat\u00f3rio por interm\u00e9dio de Jesus. Ent\u00e3o, sim, quem \u00e9 agradecido a Deus, ser\u00e1 tamb\u00e9m reconhecido para com o pr\u00f3ximo e a gratid\u00e3o se torna um b\u00e1lsamo na sua vida, um timbre de nobreza interior, um canal de novos favores. Tal a magnitude da gratid\u00e3o que ela n\u00e3o s\u00f3 enobrece o crist\u00e3o, mas \u00e9 tamb\u00e9m garantia de salva\u00e7\u00e3o, pois permite que Jesus repita o que Ele falou ao samaritano: \u201cTua f\u00e9 te salvou\u201d<\/p>\n<p><strong> * Professor no Semin\u00e1rio de Mariana durante 40 anos.<\/strong><\/p>\n<div><\/div>\n","protected":false},"excerpt":{"rendered":"<p>\u00a0 Narra S\u00e3o Lucas que Jesus na sua caminhada para Jerusal\u00e9m \u201cteve que passar entre a Samaria e a Galil\u00e9ia (Lc 17,11). \u00a0A Samaria era uma regi\u00e3o de estrangeiros her\u00e9ticos que possu\u00eda um templo e uma religi\u00e3o pr\u00f3pria. Os judeus tinham um profundo desprezo para com os samaritanos e estes n\u00e3o menor desd\u00e9m em rela\u00e7\u00e3o [&hellip;]<\/p>\n","protected":false},"author":7,"featured_media":0,"comment_status":"closed","ping_status":"closed","sticky":false,"template":"","format":"standard","meta":{"footnotes":""},"categories":[9],"tags":[],"class_list":["post-3023","post","type-post","status-publish","format-standard","hentry","category-artigos"],"_links":{"self":[{"href":"https:\/\/catolicanet.net\/wp-cnet\/wp-json\/wp\/v2\/posts\/3023","targetHints":{"allow":["GET"]}}],"collection":[{"href":"https:\/\/catolicanet.net\/wp-cnet\/wp-json\/wp\/v2\/posts"}],"about":[{"href":"https:\/\/catolicanet.net\/wp-cnet\/wp-json\/wp\/v2\/types\/post"}],"author":[{"embeddable":true,"href":"https:\/\/catolicanet.net\/wp-cnet\/wp-json\/wp\/v2\/users\/7"}],"replies":[{"embeddable":true,"href":"https:\/\/catolicanet.net\/wp-cnet\/wp-json\/wp\/v2\/comments?post=3023"}],"version-history":[{"count":1,"href":"https:\/\/catolicanet.net\/wp-cnet\/wp-json\/wp\/v2\/posts\/3023\/revisions"}],"predecessor-version":[{"id":7338,"href":"https:\/\/catolicanet.net\/wp-cnet\/wp-json\/wp\/v2\/posts\/3023\/revisions\/7338"}],"wp:attachment":[{"href":"https:\/\/catolicanet.net\/wp-cnet\/wp-json\/wp\/v2\/media?parent=3023"}],"wp:term":[{"taxonomy":"category","embeddable":true,"href":"https:\/\/catolicanet.net\/wp-cnet\/wp-json\/wp\/v2\/categories?post=3023"},{"taxonomy":"post_tag","embeddable":true,"href":"https:\/\/catolicanet.net\/wp-cnet\/wp-json\/wp\/v2\/tags?post=3023"}],"curies":[{"name":"wp","href":"https:\/\/api.w.org\/{rel}","templated":true}]}}