{"id":30226,"date":"2017-05-25T12:13:27","date_gmt":"2017-05-25T15:13:27","guid":{"rendered":"http:\/\/catolicanet.net\/wp-cnet\/2017\/05\/25\/patriarca-kirill-envia-antigo-icone-de-sao-nicolau-ao-papa-francisco\/"},"modified":"2017-06-08T08:34:38","modified_gmt":"2017-06-08T11:34:38","slug":"patriarca-kirill-envia-antigo-icone-de-sao-nicolau-ao-papa-francisco","status":"publish","type":"post","link":"https:\/\/catolicanet.net\/wp-cnet\/patriarca-kirill-envia-antigo-icone-de-sao-nicolau-ao-papa-francisco\/","title":{"rendered":"Patriarca Kirill envia antigo \u00edcone de S\u00e3o Nicolau ao Papa Francisco"},"content":{"rendered":"<p style=\"text-align: justify;\"><img decoding=\"async\" src=\"http:\/\/www.catolicanet.com.br\/images\/stories\/noticias2017\/epa2463578_articolo.jpg\" border=\"0\" align=\"left\" \/>Moscou (RV) \u2013 O Patriarca de Moscou e de todas as R\u00fassias Kirill enviou um antigo \u00edcone de S\u00e3o Nicolau ao Papa Francisco para expressar sua gratid\u00e3o pelo aux\u00edlio do Papa na organiza\u00e7\u00e3o da hist\u00f3rica visita das rel\u00edquias de S\u00e3o Nicolau \u00e0 R\u00fassia.<\/p>\n<p>A pedido do Patriarca, o \u00edcone ser\u00e1 entregue ao Arcebispo Francesco Paolo Cacucci de Bari, que se reuniu com o Patriarca Kirill em Moscou na segunda-feira ap\u00f3s uma celebra\u00e7\u00e3o com as rel\u00edquias de S\u00e3o Nicolau, que foram levados para Moscou da Bas\u00edlica Pontif\u00edcia de Bari, sul da It\u00e1lia, dias antes.<\/p>\n<p>&#8220;Nos dif\u00edceis tempos atuais, quando observamos uma escalada de conflitos e confrontos nas rela\u00e7\u00f5es internacionais, a coopera\u00e7\u00e3o cultural e espiritual \u00e9 um dos meios mais eficientes com os quais as Igrejas podem ajudar a superar a inimizade entre os povos&#8221;, disse o Patriarca Kirill \u00e0 delega\u00e7\u00e3o cat\u00f3lica que acompanhou o traslado das rel\u00edquias.<\/p>\n<p>A R\u00fassia e a It\u00e1lia t\u00eam uma &#8220;enorme heran\u00e7a cultural&#8221;, que &#8220;foi formada em primeiro lugar pela f\u00e9 crist\u00e3 de nossos povos, e n\u00f3s n\u00e3o dever\u00edamos perder esse fundamento de nosso di\u00e1logo cultural sob nenhuma circunst\u00e2ncia hoje&#8221;, afirmou.<\/p>\n<p>O Arcebispo de Bari, por sua vez, disse que a Igreja Cat\u00f3lica vinha recebendo reiterados pedidos para compartilhar as rel\u00edquias de S\u00e3o Nicolau.<\/p>\n<p>As rel\u00edquias foram levadas a Moscou pela primeira vez em 930 anos, o que demonstra o &#8220;status privilegiado&#8221; das rela\u00e7\u00f5es entre cat\u00f3licos e a Igreja Ortodoxa Russa, disse Kirill.<\/p>\n<p>As rel\u00edquias de S\u00e3o Nicolau foram levadas para a R\u00fassia como parte de um acordo alcan\u00e7ado entre o Papa Francisco e o Patriarca Kirill durante seu hist\u00f3rico encontro em Havana, em fevereiro de 2016.<\/p>\n<p>Cerca de 18.600 fi\u00e9is j\u00e1 haviam ido \u00e0 Catedral de Moscou de Cristo Salvador para reverenciar as rel\u00edquias de S\u00e3o Nicolau somente na segunda-feira, revelou o Diretor do Departamento de Pol\u00edtica \u00c9tnica e V\u00ednculos Inter-regionais de Moscou, Vitaly Suchkov.<\/p>\n<p style=\"text-align: justify;\">\u00a0<\/p>\n<p style=\"text-align: justify;\">Fonte: R\u00e1dio Vaticano<\/p>\n","protected":false},"excerpt":{"rendered":"<p>Moscou (RV) \u2013 O Patriarca de Moscou e de todas as R\u00fassias Kirill enviou um antigo \u00edcone de S\u00e3o Nicolau ao Papa Francisco para expressar sua gratid\u00e3o pelo aux\u00edlio do Papa na organiza\u00e7\u00e3o da hist\u00f3rica visita das rel\u00edquias de S\u00e3o Nicolau \u00e0 R\u00fassia. A pedido do Patriarca, o \u00edcone ser\u00e1 entregue ao Arcebispo Francesco Paolo [&hellip;]<\/p>\n","protected":false},"author":1,"featured_media":30225,"comment_status":"open","ping_status":"open","sticky":false,"template":"","format":"standard","meta":{"footnotes":""},"categories":[3],"tags":[],"class_list":["post-30226","post","type-post","status-publish","format-standard","has-post-thumbnail","hentry","category-vaticano"],"_links":{"self":[{"href":"https:\/\/catolicanet.net\/wp-cnet\/wp-json\/wp\/v2\/posts\/30226","targetHints":{"allow":["GET"]}}],"collection":[{"href":"https:\/\/catolicanet.net\/wp-cnet\/wp-json\/wp\/v2\/posts"}],"about":[{"href":"https:\/\/catolicanet.net\/wp-cnet\/wp-json\/wp\/v2\/types\/post"}],"author":[{"embeddable":true,"href":"https:\/\/catolicanet.net\/wp-cnet\/wp-json\/wp\/v2\/users\/1"}],"replies":[{"embeddable":true,"href":"https:\/\/catolicanet.net\/wp-cnet\/wp-json\/wp\/v2\/comments?post=30226"}],"version-history":[{"count":1,"href":"https:\/\/catolicanet.net\/wp-cnet\/wp-json\/wp\/v2\/posts\/30226\/revisions"}],"predecessor-version":[{"id":30601,"href":"https:\/\/catolicanet.net\/wp-cnet\/wp-json\/wp\/v2\/posts\/30226\/revisions\/30601"}],"wp:featuredmedia":[{"embeddable":true,"href":"https:\/\/catolicanet.net\/wp-cnet\/wp-json\/wp\/v2\/media\/30225"}],"wp:attachment":[{"href":"https:\/\/catolicanet.net\/wp-cnet\/wp-json\/wp\/v2\/media?parent=30226"}],"wp:term":[{"taxonomy":"category","embeddable":true,"href":"https:\/\/catolicanet.net\/wp-cnet\/wp-json\/wp\/v2\/categories?post=30226"},{"taxonomy":"post_tag","embeddable":true,"href":"https:\/\/catolicanet.net\/wp-cnet\/wp-json\/wp\/v2\/tags?post=30226"}],"curies":[{"name":"wp","href":"https:\/\/api.w.org\/{rel}","templated":true}]}}