{"id":30214,"date":"2017-05-24T17:20:25","date_gmt":"2017-05-24T20:20:25","guid":{"rendered":"http:\/\/catolicanet.net\/wp-cnet\/2017\/05\/24\/o-demonio-mudo-e-as-confissoes-sacrilegas\/"},"modified":"2017-06-08T08:38:35","modified_gmt":"2017-06-08T11:38:35","slug":"o-demonio-mudo-e-as-confissoes-sacrilegas","status":"publish","type":"post","link":"https:\/\/catolicanet.net\/wp-cnet\/o-demonio-mudo-e-as-confissoes-sacrilegas\/","title":{"rendered":"O dem\u00f4nio mudo e as confiss\u00f5es sacr\u00edlegas"},"content":{"rendered":"<p style=\"text-align: justify;\"><img decoding=\"async\" src=\"http:\/\/www.catolicanet.com.br\/images\/stories\/noticias2017\/confissao-sacrilega.jpg\" border=\"0\" align=\"left\" \/>O que significa o dem\u00f4nio mudo de que nos fala o Evangelho?<\/p>\n<p>O dem\u00f4nio mudo de que fala o Evangelho, significa o falso pejo com que o esp\u00edrito infernal, depois de seduzir o crist\u00e3o a ofender seu Deus, procura faz\u00ea-lo ocultar o pecado na confiss\u00e3o. Ah, quantas almas caem todos os dias no inferno por este ardil diab\u00f3lico! Meu irm\u00e3o, se jamais o dem\u00f4nio te vier tentar assim, pensa que, se \u00e9 vergonhoso ofender a Deus t\u00e3o bom, n\u00e3o o \u00e9 o confessar o pecado cometido e o livrar-se dele. Quantos santos s\u00e3o venerados sobre os altares, que at\u00e9 fizeram uma confiss\u00e3o p\u00fablica!<\/p>\n<p>I.<\/p>\n<p>O dem\u00f4nio mudo de que fala o Evangelho \u00e9 o falso pejo com que o esp\u00edrito infernal procura fazer-nos calar na confiss\u00e3o os pecados cometidos, depois de primeiro nos ter cegado para n\u00e3o vermos o mal que cometemos e a ru\u00edna que nos preparamos ofendendo a Deus. \u2014 Com efeito, exclama S\u00e3o Jo\u00e3o Cris\u00f3stomo, o dem\u00f4nio faz em todas as coisas o contr\u00e1rio do que Deus faz. O Senhor p\u00f4s vergonha no pecado, para que n\u00e3o o cometamos; mas depois de o havermos cometido, anima-nos a confess\u00e1-lo, prometendo o perd\u00e3o a quem se acusa. O dem\u00f4nio, ao contr\u00e1rio, inspira confian\u00e7a ao pecador com a esperan\u00e7a do perd\u00e3o; mas cometido o pecado, cobre-o de vergonha, para que se n\u00e3o confesse.<\/p>\n<p>Por este ardil diab\u00f3lico, \u00f3, quantas alma j\u00e1 foram precipitadas e ainda se precipitam cada dia no inferno! Sim, porque os miser\u00e1veis convertem em veneno o rem\u00e9dio que Jesus Cristo nos preparou com seu precios\u00edssimo sangue, e ficam presas com uma dupla cadeia, cometendo depois do primeiro pecado outro mais grave: o sacril\u00e9gio.<\/p>\n<p>Irm\u00e3o meu, se por desgra\u00e7a a tua alma est\u00e1 manchada pelo pecado, escuta o que te diz o Esp\u00edrito Santo: Pro anima tua ne confundaris dicere verum (Eclesi\u00e1stico 4, 24). Sabe, diz ele, que h\u00e1 duas qualidades de vergonha; deves fugir daquele que te faz inimigo de Deus, conduzindo-te ao pecado; mas n\u00e3o da que se sente ao confess\u00e1-lo e te faz receber a gra\u00e7a de Deus nesta vida e a gl\u00f3ria do para\u00edso na outra.<\/p>\n<p>Se, pois, te queres salvar, n\u00e3o te envergonhes de fazer uma boa confiss\u00e3o; ali\u00e1s a tua alma se perder\u00e1. As feridas gangrenosas levam \u00e0 morte, e tais s\u00e3o os pecados calados na confiss\u00e3o; s\u00e3o chagas da alma que se gangrenaram.<\/p>\n<p>II.<\/p>\n<p>Meu filho, vergonhoso \u00e9 o entrar nesta casa, mas n\u00e3o o sair dela. Assim falou S\u00f3crates a um seu disc\u00edpulo que n\u00e3o quis ser visto ao sair de uma casa suspeita. \u00c9 o que digo tamb\u00e9m \u00e0queles que, depois de cometerem um pecado grave, tem pejo de o confessar. Meu irm\u00e3o, coisa vergonhosa \u00e9 ofender a um Deus t\u00e3o grande e t\u00e3o bom; mas n\u00e3o o \u00e9 confessarmos o pecado cometido e livrar-nos dele. Foi porventura coisa vergonhosa para Santa Maria Madalena o confessar em p\u00fablico aos p\u00e9s de Jesus Cristo, que era uma mulher pecadora? Foi motivo de pejo confessar-se uma Santa Maria Egipc\u00edaca, uma Santa Margarida de Cortona, um Santo Agostinho, e tantos outros penitentes, que algum tempo tinham sido grandes pecadores? Por meio de sua confiss\u00e3o fizeram-se santos.<\/p>\n<p>\u00c2nimo, pois, meu irm\u00e3o, \u00e2nimo! (Falo a quem cometeu a falta de ocultar por vergonha um pecado.) Tem \u00e2nimo e dize tudo a um confessor. D\u00e1 gl\u00f3ria a Deus e confunde o dem\u00f4nio que, como diz o Evangelho, quando saiu do homem, anda por lugares secos, buscando repouso, e n\u00e3o o acha. \u2014 Por\u00e9m, depois de teres confessado bem, prepara-te para novos e mais violentos assaltos da parte do inimigo infernal. Ai de quem o deixa entrar novamente, depois de o haver expulso! Et fiunt nov\u00edssima hominis illius peiora prioribus \u2014 \u201cO \u00faltimo estado do homem vir\u00e1 a ser pior do que o primeiro\u201d.<\/p>\n<p>\u00d3 meu amabil\u00edssimo Jesus! Iluminai o meu esp\u00edrito, a fim de que nunca mais me deixe obcecar pelo esp\u00edrito maligno a cometer de novo o pecado. Pesa-me de Vos haver ofendido, e proponho com a vossa gra\u00e7a antes morrer que tornar a ofender-Vos. Mas, se por desgra\u00e7a recair, dai-me for\u00e7a para sempre vencer o dem\u00f4nio mudo e confessar-me sinceramente ao vosso ministro. \u201cPe\u00e7o-Vos, Deus Todo-Poderoso, que atendais prop\u00edcio \u00e0s minhas humildes s\u00faplicas, e que em minha defesa estendais o bra\u00e7o de vossa majestade\u201d.<\/p>\n<p>\u2020 Doce Cora\u00e7\u00e3o de Maria, sede minha salva\u00e7\u00e3o. (*III 413)<\/p>\n<p style=\"text-align: justify;\">\u00a0<\/p>\n<p style=\"text-align: justify;\">Fonte: Aleteia<\/p>\n","protected":false},"excerpt":{"rendered":"<p>O que significa o dem\u00f4nio mudo de que nos fala o Evangelho? O dem\u00f4nio mudo de que fala o Evangelho, significa o falso pejo com que o esp\u00edrito infernal, depois de seduzir o crist\u00e3o a ofender seu Deus, procura faz\u00ea-lo ocultar o pecado na confiss\u00e3o. Ah, quantas almas caem todos os dias no inferno por [&hellip;]<\/p>\n","protected":false},"author":1,"featured_media":30213,"comment_status":"open","ping_status":"open","sticky":false,"template":"","format":"standard","meta":{"footnotes":""},"categories":[4],"tags":[],"class_list":["post-30214","post","type-post","status-publish","format-standard","has-post-thumbnail","hentry","category-cotidiano"],"_links":{"self":[{"href":"https:\/\/catolicanet.net\/wp-cnet\/wp-json\/wp\/v2\/posts\/30214","targetHints":{"allow":["GET"]}}],"collection":[{"href":"https:\/\/catolicanet.net\/wp-cnet\/wp-json\/wp\/v2\/posts"}],"about":[{"href":"https:\/\/catolicanet.net\/wp-cnet\/wp-json\/wp\/v2\/types\/post"}],"author":[{"embeddable":true,"href":"https:\/\/catolicanet.net\/wp-cnet\/wp-json\/wp\/v2\/users\/1"}],"replies":[{"embeddable":true,"href":"https:\/\/catolicanet.net\/wp-cnet\/wp-json\/wp\/v2\/comments?post=30214"}],"version-history":[{"count":1,"href":"https:\/\/catolicanet.net\/wp-cnet\/wp-json\/wp\/v2\/posts\/30214\/revisions"}],"predecessor-version":[{"id":30607,"href":"https:\/\/catolicanet.net\/wp-cnet\/wp-json\/wp\/v2\/posts\/30214\/revisions\/30607"}],"wp:featuredmedia":[{"embeddable":true,"href":"https:\/\/catolicanet.net\/wp-cnet\/wp-json\/wp\/v2\/media\/30213"}],"wp:attachment":[{"href":"https:\/\/catolicanet.net\/wp-cnet\/wp-json\/wp\/v2\/media?parent=30214"}],"wp:term":[{"taxonomy":"category","embeddable":true,"href":"https:\/\/catolicanet.net\/wp-cnet\/wp-json\/wp\/v2\/categories?post=30214"},{"taxonomy":"post_tag","embeddable":true,"href":"https:\/\/catolicanet.net\/wp-cnet\/wp-json\/wp\/v2\/tags?post=30214"}],"curies":[{"name":"wp","href":"https:\/\/api.w.org\/{rel}","templated":true}]}}