{"id":30212,"date":"2017-05-24T16:50:09","date_gmt":"2017-05-24T19:50:09","guid":{"rendered":"http:\/\/catolicanet.net\/wp-cnet\/2017\/05\/24\/vaticano-o-card-filoni-exorta-a-diocese-de-ebebiyin-nao-cansem-jamais-de-dar-testemunho-de-nossa-fe\/"},"modified":"2017-06-08T08:39:20","modified_gmt":"2017-06-08T11:39:20","slug":"vaticano-o-card-filoni-exorta-a-diocese-de-ebebiyin-nao-cansem-jamais-de-dar-testemunho-de-nossa-fe","status":"publish","type":"post","link":"https:\/\/catolicanet.net\/wp-cnet\/vaticano-o-card-filoni-exorta-a-diocese-de-ebebiyin-nao-cansem-jamais-de-dar-testemunho-de-nossa-fe\/","title":{"rendered":"VATICANO &#8211; O Card. Filoni exorta a diocese de Ebebiyin: \u201cn\u00e3o cansem jamais de dar testemunho de nossa f\u00e9\u201d"},"content":{"rendered":"<p style=\"text-align: justify;\"><img decoding=\"async\" src=\"http:\/\/www.catolicanet.com.br\/images\/stories\/noticias2017\/primopiano_4021.jpg\" border=\"0\" align=\"left\" \/>Ebebiyin (Ag\u00eancia Fides) \u2013 Hoje, Dia de Maria Auxiliadora, o Card. Fernando Filoni, Prefeito da Congrega\u00e7\u00e3o para a Evangeliza\u00e7\u00e3o dos Povos, esteve em visita pastoral \u00e0 diocese de Ebebiyin, onde presidiu pela manh\u00e3 na Catedral a Missa solene da tomada de posse do novo Bispo, Dom Miguel Angel Nguema, salesiano, e \u00e0 tarde, encontrou o clero, religiosos e religiosas. \u201cO novo Bispo, Dom Miguel, come\u00e7a seu minist\u00e9rio na Diocese que j\u00e1 existe h\u00e1 35 anos \u2013 disse o Cardeal na homilia \u2013 mas com a cria\u00e7\u00e3o da nova Diocese de Mongomo ter\u00e1 um territ\u00f3rio e o presbit\u00e9rio menor. Isto pode facilitar o novo Pastor a estar mais presente entre voc\u00eas e ter mais tempo para suas necessidades, mas comporta tamb\u00e9m a necessidade de uma maior colabora\u00e7\u00e3o de sua parte\u201d. Comentando a Liturgia da Palavra, que propunha um dos grandes hinos Cristol\u00f3gicos de S\u00e3o Paulo sobre o papel de Jesus no projeto de amor do Padre e sobre a predestina\u00e7\u00e3o dos fi\u00e9is, o Card. Filoni evidenciou: \u201cDesde o in\u00edcio dos tempos, Deus-Pai pensou em voc\u00eas para torn\u00e1-los santos, para faz\u00ea-los seus filhos. Cada um de voc\u00eas \u00e9 chamado a este caminho de santidade, ou seja, manter uma rela\u00e7\u00e3o de amor forte e incondicionado com o Senhor. Cada um de voc\u00eas \u00e9 chamado a fazer parte da verdadeira fam\u00edlia de Jesus, constitu\u00edda por aqueles que obedecem \u00e0 vontade de Deus-Pai\u201d.<br \/>\u201cPara Deus, n\u00e3o \u00e9 importante se nossas a\u00e7\u00f5es ter\u00e3o resultados grandiosos, grandes ou pequenos \u2013 prosseguiu o Cardeal \u2013 mas o importante \u00e9 ter coragem, nunca se cansar de dar testemunho de nossa f\u00e9 e deixar agir a Gra\u00e7a nos cora\u00e7\u00f5es humanos, crendo que ela realmente age. Muitas vezes, n\u00f3s somos tentados pela necessidade de ver os resultados de nossas obras, ao ponto que alguns se questiona se vale a pena fazer algo quando n\u00e3o estamos certos de obter um bom resultado. S\u00e3o Paulo n\u00e3o se desanimou, porque tendo encontrado Cristo, depositou toda a sua confian\u00e7a Nele. \u00c9 verdade que certas vezes os resultados n\u00e3o s\u00e3o vistos logo, mas \u00e9 preciso dar tempo para que cres\u00e7am. S\u00e3o Paulo nos ensina, por\u00e9m, a ir sempre adiante, com generosidade na obra de evangeliza\u00e7\u00e3o, ao proclamar a Palavra de Deus, ao ajudar os pobres e os carentes e \u2013 como nos recorda o Papa Francisco \u2013 na coragem de ir aos lugares mais dif\u00edceis, onde h\u00e1 marginaliza\u00e7\u00e3o. Estes s\u00e3o os meus votos ao Bispo Miguel e a esta jovem Diocese de Ebebiyin\u201d.<br \/>O prefeito do Dicast\u00e9rio Mission\u00e1rio destacou em seguida: \u201cA for\u00e7a dos Ap\u00f3stolos, a for\u00e7a da Igreja, a for\u00e7a do catolicismo na Guin\u00e9 e na Diocese de Ebebiyin \u00e9 a for\u00e7a que prov\u00e9m do Alto. Esta for\u00e7a \u00e9 mais poderosa do que nossas possibilidade, \u00e9 capaz de transformar nossos esfor\u00e7os que \u00e0s vezes parecem pouco promissores em rios de gra\u00e7a&#8230; Tenham, portanto, coragem e deixem-se guiar pela pot\u00eancia dos dons do Esp\u00edrito!\u201d.<br \/>No dia em que a Igreja celebra o Dia de Maria Auxiliadora, Maria, ajuda dos crist\u00e3os, \u201ca quem Jesus na Cruz confia S\u00e3o Jo\u00e3o, e nele todos sonos todos confiados a ela\u201d, o cardeal exortou: \u201cEm nosso agir, podemos sempre invocar a sua ajuda materna, especialmente quando chegam momentos de des\u00e2nimo e de medo, quando nos sentimos fracos diante dos desafios que parecem maiores do que nossas possibilidades\u201d.<br \/>O Card. Filoni concluiu a homilia com estas palavras: \u201cConfiando a Maria a Igreja em Ebebiyin e no in\u00edcio do minist\u00e9rio episcopal de seu Bispo, renovo meus votos a todos voc\u00eas para que sejam testemunhas de Cristo, levando consigo a for\u00e7a do Esp\u00edrito, a aud\u00e1cia de agir com generosidade na miss\u00e3o de bem que lhe \u00e9 confiada\u201d.<\/p>\n<p style=\"text-align: justify;\">\u00a0<\/p>\n<p style=\"text-align: justify;\">Fonte: Ag\u00eancia Fides<\/p>\n","protected":false},"excerpt":{"rendered":"<p>Ebebiyin (Ag\u00eancia Fides) \u2013 Hoje, Dia de Maria Auxiliadora, o Card. Fernando Filoni, Prefeito da Congrega\u00e7\u00e3o para a Evangeliza\u00e7\u00e3o dos Povos, esteve em visita pastoral \u00e0 diocese de Ebebiyin, onde presidiu pela manh\u00e3 na Catedral a Missa solene da tomada de posse do novo Bispo, Dom Miguel Angel Nguema, salesiano, e \u00e0 tarde, encontrou o [&hellip;]<\/p>\n","protected":false},"author":1,"featured_media":30211,"comment_status":"open","ping_status":"open","sticky":false,"template":"","format":"standard","meta":{"footnotes":""},"categories":[4],"tags":[],"class_list":["post-30212","post","type-post","status-publish","format-standard","has-post-thumbnail","hentry","category-cotidiano"],"_links":{"self":[{"href":"https:\/\/catolicanet.net\/wp-cnet\/wp-json\/wp\/v2\/posts\/30212","targetHints":{"allow":["GET"]}}],"collection":[{"href":"https:\/\/catolicanet.net\/wp-cnet\/wp-json\/wp\/v2\/posts"}],"about":[{"href":"https:\/\/catolicanet.net\/wp-cnet\/wp-json\/wp\/v2\/types\/post"}],"author":[{"embeddable":true,"href":"https:\/\/catolicanet.net\/wp-cnet\/wp-json\/wp\/v2\/users\/1"}],"replies":[{"embeddable":true,"href":"https:\/\/catolicanet.net\/wp-cnet\/wp-json\/wp\/v2\/comments?post=30212"}],"version-history":[{"count":1,"href":"https:\/\/catolicanet.net\/wp-cnet\/wp-json\/wp\/v2\/posts\/30212\/revisions"}],"predecessor-version":[{"id":30608,"href":"https:\/\/catolicanet.net\/wp-cnet\/wp-json\/wp\/v2\/posts\/30212\/revisions\/30608"}],"wp:featuredmedia":[{"embeddable":true,"href":"https:\/\/catolicanet.net\/wp-cnet\/wp-json\/wp\/v2\/media\/30211"}],"wp:attachment":[{"href":"https:\/\/catolicanet.net\/wp-cnet\/wp-json\/wp\/v2\/media?parent=30212"}],"wp:term":[{"taxonomy":"category","embeddable":true,"href":"https:\/\/catolicanet.net\/wp-cnet\/wp-json\/wp\/v2\/categories?post=30212"},{"taxonomy":"post_tag","embeddable":true,"href":"https:\/\/catolicanet.net\/wp-cnet\/wp-json\/wp\/v2\/tags?post=30212"}],"curies":[{"name":"wp","href":"https:\/\/api.w.org\/{rel}","templated":true}]}}