{"id":30210,"date":"2017-05-24T16:44:00","date_gmt":"2017-05-24T19:44:00","guid":{"rendered":"http:\/\/catolicanet.net\/wp-cnet\/2017\/05\/24\/africasudao-do-sul-kiir-proclama-cessar-fogo-e-abre-o-dialogo-nacional-mas-seu-principal-adversario-fica-excluido\/"},"modified":"2017-06-08T08:40:13","modified_gmt":"2017-06-08T11:40:13","slug":"africasudao-do-sul-kiir-proclama-cessar-fogo-e-abre-o-dialogo-nacional-mas-seu-principal-adversario-fica-excluido","status":"publish","type":"post","link":"https:\/\/catolicanet.net\/wp-cnet\/africasudao-do-sul-kiir-proclama-cessar-fogo-e-abre-o-dialogo-nacional-mas-seu-principal-adversario-fica-excluido\/","title":{"rendered":"\u00c1FRICA\/SUD\u00c3O DO SUL &#8211; Kiir proclama cessar-fogo e abre o di\u00e1logo nacional, mas seu principal advers\u00e1rio fica exclu\u00eddo"},"content":{"rendered":"<p style=\"text-align: justify;\"><img decoding=\"async\" src=\"http:\/\/www.catolicanet.com.br\/images\/stories\/noticias2017\/primopiano_4019.jpg\" border=\"0\" align=\"left\" \/>Juba (Ag\u00eancia Fides)- \u201cRiek Machar \u00e9 o nosso l\u00edder e comandante, n\u00e3o enviaremos nenhum delegado a Juba sem uma ordem sua\u201d, afirmou Paul Gabriel, porta-voz do Sudan People&#8217;s Liberation Movement-in-Opposition (SPLM-IO), em resposta ao an\u00fancio feito em 22 de maio pelo Presidente do sud\u00e3o do Sul, Salva Kiir, da instaura\u00e7\u00e3o do cessar-fogo unilateral e do in\u00edcio de um di\u00e1logo com todas as for\u00e7as rebeldes, mas com a condi\u00e7\u00e3o de que o SPLM-IO n\u00e3o envie Machar \u00e0 negocia\u00e7\u00e3o. Machar \u00e9 o ex-Vice Presidente do Sud\u00e3o do Sul e principal advers\u00e1rio de Kiir. Sua exclus\u00e3o das negocia\u00e7\u00f5es pode faz\u00ea-la fracassar antes do in\u00edcio.<br \/>Segundo o porta-voz do SPLM-IO, o di\u00e1logo nacional \u00e9 apenas um pretexto para aliviar a press\u00e3o internacional sobre Juba, enquanto \u201cna realidade, as for\u00e7as do governo continuam a explorar os recursos do territ\u00f3rio e matar civis\u201d.<br \/>O principal aliado do Presidente Kiir, o chefe de Estado ugandense Yoweri Kaguta Museveni, o exortou a n\u00e3o desperdi\u00e7ar os votos obtidos em 2011, recordando que a maior parte de seus eleitores pertencem a toda a sociedade sul-sudanesa e n\u00e3o apenas a uma tribo. A guerra civil eclodida em dezembro de 2013 assumiu uma dimens\u00e3o \u00e9tnica e tribal, como denunciaram os Bispos (veja Fides 24\/2\/2017).<\/p>\n<p style=\"text-align: justify;\">\u00a0<\/p>\n<p style=\"text-align: justify;\">Fonte: Ag\u00eancia Fides<\/p>\n","protected":false},"excerpt":{"rendered":"<p>Juba (Ag\u00eancia Fides)- \u201cRiek Machar \u00e9 o nosso l\u00edder e comandante, n\u00e3o enviaremos nenhum delegado a Juba sem uma ordem sua\u201d, afirmou Paul Gabriel, porta-voz do Sudan People&#8217;s Liberation Movement-in-Opposition (SPLM-IO), em resposta ao an\u00fancio feito em 22 de maio pelo Presidente do sud\u00e3o do Sul, Salva Kiir, da instaura\u00e7\u00e3o do cessar-fogo unilateral e do [&hellip;]<\/p>\n","protected":false},"author":1,"featured_media":30209,"comment_status":"open","ping_status":"open","sticky":false,"template":"","format":"standard","meta":{"footnotes":""},"categories":[4],"tags":[],"class_list":["post-30210","post","type-post","status-publish","format-standard","has-post-thumbnail","hentry","category-cotidiano"],"_links":{"self":[{"href":"https:\/\/catolicanet.net\/wp-cnet\/wp-json\/wp\/v2\/posts\/30210","targetHints":{"allow":["GET"]}}],"collection":[{"href":"https:\/\/catolicanet.net\/wp-cnet\/wp-json\/wp\/v2\/posts"}],"about":[{"href":"https:\/\/catolicanet.net\/wp-cnet\/wp-json\/wp\/v2\/types\/post"}],"author":[{"embeddable":true,"href":"https:\/\/catolicanet.net\/wp-cnet\/wp-json\/wp\/v2\/users\/1"}],"replies":[{"embeddable":true,"href":"https:\/\/catolicanet.net\/wp-cnet\/wp-json\/wp\/v2\/comments?post=30210"}],"version-history":[{"count":1,"href":"https:\/\/catolicanet.net\/wp-cnet\/wp-json\/wp\/v2\/posts\/30210\/revisions"}],"predecessor-version":[{"id":30609,"href":"https:\/\/catolicanet.net\/wp-cnet\/wp-json\/wp\/v2\/posts\/30210\/revisions\/30609"}],"wp:featuredmedia":[{"embeddable":true,"href":"https:\/\/catolicanet.net\/wp-cnet\/wp-json\/wp\/v2\/media\/30209"}],"wp:attachment":[{"href":"https:\/\/catolicanet.net\/wp-cnet\/wp-json\/wp\/v2\/media?parent=30210"}],"wp:term":[{"taxonomy":"category","embeddable":true,"href":"https:\/\/catolicanet.net\/wp-cnet\/wp-json\/wp\/v2\/categories?post=30210"},{"taxonomy":"post_tag","embeddable":true,"href":"https:\/\/catolicanet.net\/wp-cnet\/wp-json\/wp\/v2\/tags?post=30210"}],"curies":[{"name":"wp","href":"https:\/\/api.w.org\/{rel}","templated":true}]}}