{"id":30206,"date":"2017-05-24T16:29:21","date_gmt":"2017-05-24T19:29:21","guid":{"rendered":"http:\/\/catolicanet.net\/wp-cnet\/2017\/05\/24\/vaticano-ha-10-anos-o-mundo-reza-em-uniao-especial-com-a-igreja-na-china-no-dia-de-24-de-maio\/"},"modified":"2017-06-08T08:42:34","modified_gmt":"2017-06-08T11:42:34","slug":"vaticano-ha-10-anos-o-mundo-reza-em-uniao-especial-com-a-igreja-na-china-no-dia-de-24-de-maio","status":"publish","type":"post","link":"https:\/\/catolicanet.net\/wp-cnet\/vaticano-ha-10-anos-o-mundo-reza-em-uniao-especial-com-a-igreja-na-china-no-dia-de-24-de-maio\/","title":{"rendered":"VATICANO &#8211; H\u00e1 10 anos, o mundo reza em uni\u00e3o especial com a Igreja na China no dia de 24 de maio"},"content":{"rendered":"<p style=\"text-align: justify;\"><img decoding=\"async\" src=\"http:\/\/www.catolicanet.com.br\/images\/stories\/noticias2017\/primopiano_4006.jpg\" border=\"0\" align=\"left\" \/>Cidade do Vaticano (Ag\u00eancia Fides) \u2013 Em 27 de maio de 2007, Solenidade de Pentecostes, o Santo Padre Bento XVI enviou uma Carta aos Bispos, presb\u00edteros, pessoas consagradas e fi\u00e9is leigos da Igreja cat\u00f3lica na Rep\u00fablica Popular Chinesa oferecendo orienta\u00e7\u00f5es para a vida da Igreja e a obra de evangeliza\u00e7\u00e3o na China, com o fim de ajudar os cat\u00f3licos chineses a descobrir o que deles o Senhor quer (cfr n. 2).<br \/>Na Carta, o Papa Bento XVI propunha tamb\u00e9m uma iniciativa eminentemente espiritual: \u201cno dia 24 de maio, dedicado \u00e0 mem\u00f3ria lit\u00fargica da Beata Virgem Maria, Auxiliadora \u2013 venerada com tanta devo\u00e7\u00e3o no santu\u00e1rio mariano de Sheshan em Xangai \u2013 futuramente pode se tornar uma ocasi\u00e3o para os cat\u00f3licos de todo o mundo se unirem em ora\u00e7\u00e3o com a Igreja que est\u00e1 na China\u201d. Acolhida com entusiasmo e reconhecimento, h\u00e1 10 anos este Dia de ora\u00e7\u00e3o \u00e9 vivido n\u00e3o apenas pelas comunidades cat\u00f3licas na China continental, principalmente no Santu\u00e1rio de Sheshan, mas tamb\u00e9m pelas comunidades chinesas presentes nas diferentes partes do mundo, \u00e0s quais se unem frequentemente os cat\u00f3licos locais. Assim, h\u00e1 10 anos o dia 24 de maio \u00e9 uma ocasi\u00e3o de encontro e testemunho; reza-se em todas as latitudes em especial uni\u00e3o espiritual com a Igreja na China, manifestando a universalidade da Igreja e a comunh\u00e3o com o Sucessor de Pedro.<br \/>Foi o que lembrou o Papa Francisco no fim do Regina Coeli de domingo, 21 de maio: \u201cNo pr\u00f3ximo dia 24 de maio, vamos nos unir todos espiritualmente aos fi\u00e9is cat\u00f3licos na China, na recorr\u00eancia da Beata Virgem Maria Auxiliadora dos Crist\u00e3os\u201d, venerada no santu\u00e1rio de Sheshan em Xangai. Aos cat\u00f3licos chineses, digo: Elevemos o olhar a Maria, nossa M\u00e3e, para que nos ajude a discernir a vontade de Deus sobre o caminho concreto da Igreja na China e nos ajude em acolher com generosidade seu projeto de amor. Maria nos encoraja a oferecer nossa contribui\u00e7\u00e3o pessoal \u00e0 comunh\u00e3o entre os fi\u00e9is e a harmonia de toda a sociedade. N\u00e3o esque\u00e7amos de testemunhar a f\u00e9 com a ora\u00e7\u00e3o e com amor, mantendo-nos sempre abertos ao encontro e ao di\u00e1logo, sempre\u201d.<br \/>\u00c0 Virgem Maria, os fi\u00e9is chineses espalhados no mundo e aqueles que se unem \u00e0 sua ora\u00e7\u00e3o pedir\u00e3o a ajuda e a for\u00e7a para serem sempre e em todo lugar testemunhas do Senhor Jesus, tornando-se instrumentos de paz, conc\u00f3rdia e progresso na sociedade e na Igreja. A intercess\u00e3o de Maria ajude todos a fazer a vontade de Deus para que, seguindo os ensinamentos do Evangelho e do Magist\u00e9rio da Igreja, cada um possa manter sempre acesa aquela chama entregue no dia do Batismo: luz da f\u00e9, da esperan\u00e7a e do amor crist\u00e3o que arde em nossos cora\u00e7\u00f5es, com as quais somos chamados a iluminar o nosso caminho e o de tantos irm\u00e3os e irm\u00e3s.<\/p>\n<p style=\"text-align: justify;\">\u00a0<\/p>\n<p style=\"text-align: justify;\">Fonte: Ag\u00eancia Fides<\/p>\n","protected":false},"excerpt":{"rendered":"<p>Cidade do Vaticano (Ag\u00eancia Fides) \u2013 Em 27 de maio de 2007, Solenidade de Pentecostes, o Santo Padre Bento XVI enviou uma Carta aos Bispos, presb\u00edteros, pessoas consagradas e fi\u00e9is leigos da Igreja cat\u00f3lica na Rep\u00fablica Popular Chinesa oferecendo orienta\u00e7\u00f5es para a vida da Igreja e a obra de evangeliza\u00e7\u00e3o na China, com o fim [&hellip;]<\/p>\n","protected":false},"author":1,"featured_media":30205,"comment_status":"open","ping_status":"open","sticky":false,"template":"","format":"standard","meta":{"footnotes":""},"categories":[4],"tags":[],"class_list":["post-30206","post","type-post","status-publish","format-standard","has-post-thumbnail","hentry","category-cotidiano"],"_links":{"self":[{"href":"https:\/\/catolicanet.net\/wp-cnet\/wp-json\/wp\/v2\/posts\/30206","targetHints":{"allow":["GET"]}}],"collection":[{"href":"https:\/\/catolicanet.net\/wp-cnet\/wp-json\/wp\/v2\/posts"}],"about":[{"href":"https:\/\/catolicanet.net\/wp-cnet\/wp-json\/wp\/v2\/types\/post"}],"author":[{"embeddable":true,"href":"https:\/\/catolicanet.net\/wp-cnet\/wp-json\/wp\/v2\/users\/1"}],"replies":[{"embeddable":true,"href":"https:\/\/catolicanet.net\/wp-cnet\/wp-json\/wp\/v2\/comments?post=30206"}],"version-history":[{"count":1,"href":"https:\/\/catolicanet.net\/wp-cnet\/wp-json\/wp\/v2\/posts\/30206\/revisions"}],"predecessor-version":[{"id":30611,"href":"https:\/\/catolicanet.net\/wp-cnet\/wp-json\/wp\/v2\/posts\/30206\/revisions\/30611"}],"wp:featuredmedia":[{"embeddable":true,"href":"https:\/\/catolicanet.net\/wp-cnet\/wp-json\/wp\/v2\/media\/30205"}],"wp:attachment":[{"href":"https:\/\/catolicanet.net\/wp-cnet\/wp-json\/wp\/v2\/media?parent=30206"}],"wp:term":[{"taxonomy":"category","embeddable":true,"href":"https:\/\/catolicanet.net\/wp-cnet\/wp-json\/wp\/v2\/categories?post=30206"},{"taxonomy":"post_tag","embeddable":true,"href":"https:\/\/catolicanet.net\/wp-cnet\/wp-json\/wp\/v2\/tags?post=30206"}],"curies":[{"name":"wp","href":"https:\/\/api.w.org\/{rel}","templated":true}]}}