{"id":30171,"date":"2017-05-23T18:10:31","date_gmt":"2017-05-23T21:10:31","guid":{"rendered":"http:\/\/catolicanet.net\/wp-cnet\/2017\/05\/23\/africamali-dom-zerbo-ficou-alegremente-surpreso-com-a-nomeacao-para-cardeal\/"},"modified":"2017-06-08T09:18:34","modified_gmt":"2017-06-08T12:18:34","slug":"africamali-dom-zerbo-ficou-alegremente-surpreso-com-a-nomeacao-para-cardeal","status":"publish","type":"post","link":"https:\/\/catolicanet.net\/wp-cnet\/africamali-dom-zerbo-ficou-alegremente-surpreso-com-a-nomeacao-para-cardeal\/","title":{"rendered":"\u00c1FRICA\/MALI &#8211; \u201cDom Zerbo ficou alegremente surpreso com a nomea\u00e7\u00e3o para Cardeal\u201d"},"content":{"rendered":"<p style=\"text-align: justify;\"><img decoding=\"async\" src=\"http:\/\/www.catolicanet.com.br\/images\/stories\/noticias2017\/11.jpg\" border=\"0\" align=\"left\" \/>Bamako (Ag\u00eancia Fides) &#8211; \u201cO Arcebispo ficou alegremente surpreso com a not\u00edcia. Ele n\u00e3o esperava de fato a nomea\u00e7\u00e3o para Cardeal\u201d, disse \u00e0 Ag\u00eancia Fides Pe. Edmond Dembele, Secret\u00e1rio Geral da Confer\u00eancia Episcopal do Mali, referindo-se \u00e0s rea\u00e7\u00f5es no pa\u00eds ao an\u00fancio da parte do Papa Francisco sobre a nomea\u00e7\u00e3o no Consist\u00f3rio de 28 de junho de cinco novos Cardeais, dentre os quais Dom Jean Zerbo, Arcebispo de Bamako.<br \/>\u201cA not\u00edcia foi muito bem acolhida no pa\u00eds. O Presidente Ibrahim Boubacar Ke\u00efta dirigiu uma mensagem de sauda\u00e7\u00e3o ao Arcebispo, expressando sua gratid\u00e3o ao Papa Francisco. Os bispos malianos est\u00e3o felizes assim como os fi\u00e9is cat\u00f3licos. A comunidade de Bamako expressou sua alegria com cantos e aplausos. N\u00e3o somente os cat\u00f3licos est\u00e3o felizes com a nomea\u00e7\u00e3o: em todo o Mali a not\u00edcia foi bem acolhida\u201d.<br \/>Isso porque, explica o sacerdote, os malianos viram esta nomea\u00e7\u00e3o de Dom Zerbo como cardeal uma mensagem do Papa Francisco dirigida em primeiro lugar \u00e0 Igreja local para que continue a miss\u00e3o iniciada tempo atr\u00e1s e sobretudo persevere nos esfor\u00e7os para reconciliar o pa\u00eds. Mas tamb\u00e9m \u00e9 um apelo lan\u00e7ado a todo o Mali para sair da crise iniciada em 2012 e caminhe na estrada da reconcilia\u00e7\u00e3o e da paz\u201d.<br \/>A crise de 2012 viu o norte do pa\u00eds cair nas m\u00e3os de v\u00e1rios grupos jihadistas. A interven\u00e7\u00e3o francesa, marcada pela miss\u00e3o da ONU, permitiu a liberta\u00e7\u00e3o das \u00e1reas ocupadas, mas como disse Pe. Dembele, \u201co Mali deve agora enfrentar um conflito assim\u00e9trico, com ataques de grupos armados contra as localidades do norte e do centro do pa\u00eds que causaram forte inseguran\u00e7a\u201d.<\/p>\n<p style=\"text-align: justify;\">\u00a0<\/p>\n<p style=\"text-align: justify;\">Fonte: Ag\u00eancia Fides<\/p>\n","protected":false},"excerpt":{"rendered":"<p>Bamako (Ag\u00eancia Fides) &#8211; \u201cO Arcebispo ficou alegremente surpreso com a not\u00edcia. Ele n\u00e3o esperava de fato a nomea\u00e7\u00e3o para Cardeal\u201d, disse \u00e0 Ag\u00eancia Fides Pe. Edmond Dembele, Secret\u00e1rio Geral da Confer\u00eancia Episcopal do Mali, referindo-se \u00e0s rea\u00e7\u00f5es no pa\u00eds ao an\u00fancio da parte do Papa Francisco sobre a nomea\u00e7\u00e3o no Consist\u00f3rio de 28 de [&hellip;]<\/p>\n","protected":false},"author":1,"featured_media":30170,"comment_status":"open","ping_status":"open","sticky":false,"template":"","format":"standard","meta":{"footnotes":""},"categories":[4],"tags":[],"class_list":["post-30171","post","type-post","status-publish","format-standard","has-post-thumbnail","hentry","category-cotidiano"],"_links":{"self":[{"href":"https:\/\/catolicanet.net\/wp-cnet\/wp-json\/wp\/v2\/posts\/30171","targetHints":{"allow":["GET"]}}],"collection":[{"href":"https:\/\/catolicanet.net\/wp-cnet\/wp-json\/wp\/v2\/posts"}],"about":[{"href":"https:\/\/catolicanet.net\/wp-cnet\/wp-json\/wp\/v2\/types\/post"}],"author":[{"embeddable":true,"href":"https:\/\/catolicanet.net\/wp-cnet\/wp-json\/wp\/v2\/users\/1"}],"replies":[{"embeddable":true,"href":"https:\/\/catolicanet.net\/wp-cnet\/wp-json\/wp\/v2\/comments?post=30171"}],"version-history":[{"count":1,"href":"https:\/\/catolicanet.net\/wp-cnet\/wp-json\/wp\/v2\/posts\/30171\/revisions"}],"predecessor-version":[{"id":30630,"href":"https:\/\/catolicanet.net\/wp-cnet\/wp-json\/wp\/v2\/posts\/30171\/revisions\/30630"}],"wp:featuredmedia":[{"embeddable":true,"href":"https:\/\/catolicanet.net\/wp-cnet\/wp-json\/wp\/v2\/media\/30170"}],"wp:attachment":[{"href":"https:\/\/catolicanet.net\/wp-cnet\/wp-json\/wp\/v2\/media?parent=30171"}],"wp:term":[{"taxonomy":"category","embeddable":true,"href":"https:\/\/catolicanet.net\/wp-cnet\/wp-json\/wp\/v2\/categories?post=30171"},{"taxonomy":"post_tag","embeddable":true,"href":"https:\/\/catolicanet.net\/wp-cnet\/wp-json\/wp\/v2\/tags?post=30171"}],"curies":[{"name":"wp","href":"https:\/\/api.w.org\/{rel}","templated":true}]}}