{"id":30169,"date":"2017-05-23T18:02:52","date_gmt":"2017-05-23T21:02:52","guid":{"rendered":"http:\/\/catolicanet.net\/wp-cnet\/2017\/05\/23\/ela-adotou-o-bebe-com-microcefalia-que-a-mae-biologica-rejeitou\/"},"modified":"2017-06-08T09:20:22","modified_gmt":"2017-06-08T12:20:22","slug":"ela-adotou-o-bebe-com-microcefalia-que-a-mae-biologica-rejeitou","status":"publish","type":"post","link":"https:\/\/catolicanet.net\/wp-cnet\/ela-adotou-o-bebe-com-microcefalia-que-a-mae-biologica-rejeitou\/","title":{"rendered":"Ela adotou o beb\u00ea com microcefalia que a m\u00e3e biol\u00f3gica rejeitou"},"content":{"rendered":"<p style=\"text-align: justify;\"><img decoding=\"async\" src=\"http:\/\/www.catolicanet.com.br\/images\/stories\/noticias2017\/13.jpg\" border=\"0\" align=\"left\" \/>N\u00e3o, n\u00e3o \u00e9 preciso descart\u00e1-los<\/p>\n<p>Imagine que voc\u00ea \u00e9 pediatra e conhece um beb\u00ea que foi abandonado pela sua m\u00e3e biol\u00f3gica porque nasceu com microcefalia. O que voc\u00ea faz?<\/p>\n<p>A pediatra Alice Almeida Morais, de Goi\u00e2nia, adotou esse beb\u00ea.<\/p>\n<p>A m\u00e3e biol\u00f3gica estava com zika \u2013 e a m\u00e9dica, em entrevista \u00e0 TV Anhanguera, disse que consegue entender a ang\u00fastia dela.<\/p>\n<p>\u201cA gente sempre tem o medo, aquela ansiedade, preocupa\u00e7\u00e3o de saber como ele vai se desenvolver, como vai ser. Somos m\u00e3es escolhidas por Deus e Ele escolhe a gente para ser m\u00e3e de anjo\u201c, acrescentou, emocionada.<\/p>\n<p>Alice frequenta agora, com o filhinho, o Centro de Reabilita\u00e7\u00e3o e Readapta\u00e7\u00e3o Dr. Henrique Santillo (Crer), que presta cuidados a 70 crian\u00e7as portadoras da doen\u00e7a. A unidade promove atividades para ajudar os beb\u00eas a se desenvolverem. As crian\u00e7as atendidas t\u00eam de 8 dias a 1 ano e nove meses de idade.<\/p>\n<p>\u201cO grupo de estimula\u00e7\u00e3o precoce \u00e9 composto por quatro profissionais: fisioterapeuta, fonoaudi\u00f3loga, terapeuta ocupacional e a psic\u00f3loga\u201c, explicou a fisioterapeuta M\u00f4nica Isabella Chagas Moreira \u00e0 mesma emissora.<\/p>\n<p>Os profissionais tamb\u00e9m ajudam a responder \u00e0s muitas d\u00favidas maternas sobre a microcefalia.<\/p>\n<p>\u201cSe voc\u00ea perguntar para uma m\u00e3e qual foi a fase em que ele rolou, quantos meses ele tinha, como ele fez para rolar, as m\u00e3es v\u00e3o falar \u2018n\u00e3o sei\u2019, porque \u00e9 autom\u00e1tico. M\u00e3es de beb\u00eas com microcefalia, que t\u00eam essas altera\u00e7\u00f5es no desenvolvimento, prestam aten\u00e7\u00e3o porque elas querem que aconte\u00e7a isso. \u00c9 preciso que elas estimulem as crian\u00e7as\u201c, comentou M\u00f4nica.<\/p>\n<p>N\u00e3o s\u00e3o raros, infelizmente, os casos de beb\u00eas com microcefalia rejeitados pelos pais biol\u00f3gicos e tamb\u00e9m pelos adultos que desejam adotar uma crian\u00e7a, porque essa condi\u00e7\u00e3o assusta.<\/p>\n<p>Por isso mesmo, a li\u00e7\u00e3o de amor que Alice deu ao mundo \u00e9 ainda mais bela.<\/p>\n<p style=\"text-align: justify;\">\u00a0<\/p>\n<p style=\"text-align: justify;\">Fonte: Aleteia<\/p>\n","protected":false},"excerpt":{"rendered":"<p>N\u00e3o, n\u00e3o \u00e9 preciso descart\u00e1-los Imagine que voc\u00ea \u00e9 pediatra e conhece um beb\u00ea que foi abandonado pela sua m\u00e3e biol\u00f3gica porque nasceu com microcefalia. O que voc\u00ea faz? A pediatra Alice Almeida Morais, de Goi\u00e2nia, adotou esse beb\u00ea. A m\u00e3e biol\u00f3gica estava com zika \u2013 e a m\u00e9dica, em entrevista \u00e0 TV Anhanguera, disse [&hellip;]<\/p>\n","protected":false},"author":1,"featured_media":30168,"comment_status":"open","ping_status":"open","sticky":false,"template":"","format":"standard","meta":{"footnotes":""},"categories":[4],"tags":[],"class_list":["post-30169","post","type-post","status-publish","format-standard","has-post-thumbnail","hentry","category-cotidiano"],"_links":{"self":[{"href":"https:\/\/catolicanet.net\/wp-cnet\/wp-json\/wp\/v2\/posts\/30169","targetHints":{"allow":["GET"]}}],"collection":[{"href":"https:\/\/catolicanet.net\/wp-cnet\/wp-json\/wp\/v2\/posts"}],"about":[{"href":"https:\/\/catolicanet.net\/wp-cnet\/wp-json\/wp\/v2\/types\/post"}],"author":[{"embeddable":true,"href":"https:\/\/catolicanet.net\/wp-cnet\/wp-json\/wp\/v2\/users\/1"}],"replies":[{"embeddable":true,"href":"https:\/\/catolicanet.net\/wp-cnet\/wp-json\/wp\/v2\/comments?post=30169"}],"version-history":[{"count":1,"href":"https:\/\/catolicanet.net\/wp-cnet\/wp-json\/wp\/v2\/posts\/30169\/revisions"}],"predecessor-version":[{"id":30631,"href":"https:\/\/catolicanet.net\/wp-cnet\/wp-json\/wp\/v2\/posts\/30169\/revisions\/30631"}],"wp:featuredmedia":[{"embeddable":true,"href":"https:\/\/catolicanet.net\/wp-cnet\/wp-json\/wp\/v2\/media\/30168"}],"wp:attachment":[{"href":"https:\/\/catolicanet.net\/wp-cnet\/wp-json\/wp\/v2\/media?parent=30169"}],"wp:term":[{"taxonomy":"category","embeddable":true,"href":"https:\/\/catolicanet.net\/wp-cnet\/wp-json\/wp\/v2\/categories?post=30169"},{"taxonomy":"post_tag","embeddable":true,"href":"https:\/\/catolicanet.net\/wp-cnet\/wp-json\/wp\/v2\/tags?post=30169"}],"curies":[{"name":"wp","href":"https:\/\/api.w.org\/{rel}","templated":true}]}}