{"id":3016,"date":"2013-10-07T13:15:32","date_gmt":"2013-10-07T16:15:32","guid":{"rendered":"http:\/\/catolicanet.net\/wp-cnet\/enviado-do-papa-em-lampedusa-para-verificar-necessidades-urgentes\/"},"modified":"2017-03-22T14:51:10","modified_gmt":"2017-03-22T17:51:10","slug":"enviado-do-papa-em-lampedusa-para-verificar-necessidades-urgentes","status":"publish","type":"post","link":"https:\/\/catolicanet.net\/wp-cnet\/enviado-do-papa-em-lampedusa-para-verificar-necessidades-urgentes\/","title":{"rendered":"Enviado do Papa em Lampedusa para verificar necessidades urgentes"},"content":{"rendered":"<p style=\"text-align: justify;\"><span style=\"line-height: 1.3em;\"><br \/><img decoding=\"async\" src=\"http:\/\/catolicanet.com.br\/images\/stories\/lampedusa.jpg\" border=\"0\" align=\"left\" \/>Nas \u00e1guas em torno da ilha de Lampedusa, continua a tentativa recupera\u00e7\u00e3o dos corpos das v\u00edtimas do naufr\u00e1gio de quinta-feira passada. O n\u00famero de mortos chegou a 194.<\/span><\/p>\n<p style=\"text-align: justify;\"><span style=\"line-height: 1.3em;\">Enquanto o governo italiano enfrenta o tema da lei sobre a imigra\u00e7\u00e3o, o Papa Francisco enviou \u00e0 ilha seu Elemosineiro, Dom Konrad Krajewski.<\/span><\/p>\n<p style=\"text-align: justify;\"><span style=\"line-height: 1.3em;\">O Arcebispo, que aben\u00e7oou os corpos, foi encarregado de expressar a solidariedade de Francisco e identificar as necessidades humanit\u00e1rias mais urgentes. Nesse sentido, as autoridades declaram-se preocupadas com o centro onde se realiza o primeiro acolhimento. Com um total de 250 lugares, atualmente est\u00e3o alojadas mais de 950 pessoas. A organiza\u00e7\u00e3o Save the Children fez um apelo para que pelo menos os menores sejam transferidos. <\/span><\/p>\n<p style=\"text-align: justify;\"><span style=\"line-height: 1.3em;\">A ministra italiana para a Integra\u00e7\u00e3o, C\u00e9cile Kyenge, denunciou as \u201ccondi\u00e7\u00f5es vergonhosas\u201d na ilha, e anunciou que ainda esta semana ser\u00e1 discutida a revis\u00e3o da lei Bossi-Fini sobre a imigra\u00e7\u00e3o.<\/span><\/p>\n<p style=\"text-align: justify;\"><span style=\"line-height: 1.3em;\">Nos pr\u00f3ximos dias, chegar\u00e1 a Lampedusa o Presidente da Comiss\u00e3o Europeia, Jos\u00e9 Manuel Dur\u00e3o Barroso, para verificar pessoalmente a situa\u00e7\u00e3o e analisar o que n\u00e3o tem funcionado nas pol\u00edticas migrat\u00f3rias europeias. De fato, nas fronteiras da comunidade, desde 1998 j\u00e1 perderam a vida 19 mil pessoas.<\/span><\/p>\n<p style=\"text-align: justify;\">\u00a0<\/p>\n<p style=\"text-align: justify;\">Fonte: R\u00e1dio Vaticano<\/p>\n","protected":false},"excerpt":{"rendered":"<p>Nas \u00e1guas em torno da ilha de Lampedusa, continua a tentativa recupera\u00e7\u00e3o dos corpos das v\u00edtimas do naufr\u00e1gio de quinta-feira passada. O n\u00famero de mortos chegou a 194. Enquanto o governo italiano enfrenta o tema da lei sobre a imigra\u00e7\u00e3o, o Papa Francisco enviou \u00e0 ilha seu Elemosineiro, Dom Konrad Krajewski. O Arcebispo, que aben\u00e7oou [&hellip;]<\/p>\n","protected":false},"author":1,"featured_media":0,"comment_status":"closed","ping_status":"closed","sticky":false,"template":"","format":"standard","meta":{"footnotes":""},"categories":[3],"tags":[],"class_list":["post-3016","post","type-post","status-publish","format-standard","hentry","category-vaticano"],"_links":{"self":[{"href":"https:\/\/catolicanet.net\/wp-cnet\/wp-json\/wp\/v2\/posts\/3016","targetHints":{"allow":["GET"]}}],"collection":[{"href":"https:\/\/catolicanet.net\/wp-cnet\/wp-json\/wp\/v2\/posts"}],"about":[{"href":"https:\/\/catolicanet.net\/wp-cnet\/wp-json\/wp\/v2\/types\/post"}],"author":[{"embeddable":true,"href":"https:\/\/catolicanet.net\/wp-cnet\/wp-json\/wp\/v2\/users\/1"}],"replies":[{"embeddable":true,"href":"https:\/\/catolicanet.net\/wp-cnet\/wp-json\/wp\/v2\/comments?post=3016"}],"version-history":[{"count":1,"href":"https:\/\/catolicanet.net\/wp-cnet\/wp-json\/wp\/v2\/posts\/3016\/revisions"}],"predecessor-version":[{"id":7344,"href":"https:\/\/catolicanet.net\/wp-cnet\/wp-json\/wp\/v2\/posts\/3016\/revisions\/7344"}],"wp:attachment":[{"href":"https:\/\/catolicanet.net\/wp-cnet\/wp-json\/wp\/v2\/media?parent=3016"}],"wp:term":[{"taxonomy":"category","embeddable":true,"href":"https:\/\/catolicanet.net\/wp-cnet\/wp-json\/wp\/v2\/categories?post=3016"},{"taxonomy":"post_tag","embeddable":true,"href":"https:\/\/catolicanet.net\/wp-cnet\/wp-json\/wp\/v2\/tags?post=3016"}],"curies":[{"name":"wp","href":"https:\/\/api.w.org\/{rel}","templated":true}]}}