{"id":30159,"date":"2017-05-23T13:52:05","date_gmt":"2017-05-23T16:52:05","guid":{"rendered":"http:\/\/catolicanet.net\/wp-cnet\/2017\/05\/23\/papa-converter-se-e-passar-de-um-estilo-de-vida-morno-ao-anuncio-alegre-de-jesus\/"},"modified":"2017-06-08T09:25:37","modified_gmt":"2017-06-08T12:25:37","slug":"papa-converter-se-e-passar-de-um-estilo-de-vida-morno-ao-anuncio-alegre-de-jesus","status":"publish","type":"post","link":"https:\/\/catolicanet.net\/wp-cnet\/papa-converter-se-e-passar-de-um-estilo-de-vida-morno-ao-anuncio-alegre-de-jesus\/","title":{"rendered":"Papa: converter-se \u00e9 passar de um estilo de vida morno ao an\u00fancio alegre de Jesus"},"content":{"rendered":"<p style=\"text-align: justify;\"><img decoding=\"async\" src=\"http:\/\/www.catolicanet.com.br\/images\/stories\/papas\/4.jpg\" border=\"0\" align=\"left\" \/>Cidade do Vaticano (RV) &#8211; Muitas pessoas consagradas foram perseguidas por terem denunciado atitudes de mundanidade: o esp\u00edrito mau prefere uma Igreja sem risco e morna. Foi o que disse o Papa Francisco na homilia da Missa celebrada na Casa Santa Marta.<\/p>\n<p style=\"text-align: justify;\">\u00a0<\/p>\n<p style=\"text-align: justify;\"><a href=\"https:\/\/www.youtube.com\/watch?v=tQi-XnFRds0\">Clique aqui para assistir o v\u00eddeo:<\/a><\/p>\n<p style=\"text-align: justify;\">\u00a0<\/p>\n<p style=\"text-align: justify;\">Em sua homilia, o Pont\u00edfice comentou o cap\u00edtulo 16 dos Atos dos Ap\u00f3stolos, que narra Paulo e Silas em Filipos. Uma escrava que tinha um esp\u00edrito de adivinha\u00e7\u00e3o come\u00e7ou a segui-los e, gritando, os indicou como \u201cservos de Deus\u201d. Era um louvor, mas Paulo, sabendo que esta mulher estava possu\u00edda por um esp\u00edrito maligno, um dia o expulsou. Paulo \u2013 notou o Papa \u2013 entendeu que \u201caquele n\u00e3o era o caminho da convers\u00e3o daquela cidade, porque tudo permanecia tranquilo\u201d. Todos aceitavam a doutrina, mas n\u00e3o havia convers\u00f5es.<\/p>\n<p>Muitos consagrados perseguidos por terem dito a verdade<\/p>\n<p>Isto se repete na hist\u00f3ria da salva\u00e7\u00e3o: quando o povo de Deus estava tranquilo, n\u00e3o arriscava ou servia &#8211; n\u00e3o &#8220;digo aos \u00eddolos&#8221; &#8211; mas &#8220;\u00e0 mundanidade&#8221;, explica Francisco. Ent\u00e3o o Senhor enviava os profetas que eram perseguidos &#8220;porque incomodavam&#8221;, como ocorreu com Paulo: ele entendeu o engano e mandou embora esse esp\u00edrito que, apesar de dizer a verdade \u2013 isto \u00e9, que ele e Silas eram homens de Deus &#8211; no entanto, era &#8220;um esp\u00edrito de torpor, que tornava a igreja morna&#8221;. &#8220;Na Igreja &#8211; afirma &#8211; quando algu\u00e9m denuncia tantos modos de mundanidade \u00e9 encarado com olhos tortos, n\u00e3o deve ser assim, melhor que se distancie&#8221;:<\/p>\n<p>\u201cEu lembro na minha terra, tantos, tantos homens e mulheres, consagrados bons, n\u00e3o ide\u00f3logos, mas que diziam: \u2018N\u00e3o, a Igreja de Jesus\u2026\u2019 \u2013 \u2018Ele \u00e9 comunista, fora!\u2019, e os expulsavam, os perseguiam. Pensemos no beato Romero, n\u00e3o?, o que aconteceu por dizer a verdade. E muitos, muitos na hist\u00f3ria da Igreja, tamb\u00e9m aqui na Europa. Por qu\u00ea? Porque o esp\u00edrito maligno prefere uma Igreja tranquila sem riscos, uma Igreja dos neg\u00f3cios, uma Igreja c\u00f4moda, na comodidade do torpor, morna\u201d.<\/p>\n<p>No cap\u00edtulo 16, se fala ainda dos patr\u00f5es dessa escrava, que ficaram bravos com ela porque n\u00e3o podiam mais ganhar dinheiro \u00e0s suas custas por ter perdido o poder de adivinha\u00e7\u00e3o. O Papa destacou que \u201co esp\u00edrito maligno sempre entra pelo bolso\u201d. \u201cQuando a Igreja est\u00e1 morna, tranquila, toda organizada, n\u00e3o existem problemas, mas olhem onde h\u00e1 neg\u00f3cios\u201d, afirmou Francisco.<\/p>\n<p>Mas al\u00e9m do dinheiro, h\u00e1 outra palavra ressaltado pelo Pont\u00edfice, que \u00e9 a \u201calegria\u201d. Paulo e Silas s\u00e3o arrastados pelos patr\u00f5es da escrava diante dos ju\u00edzes, que ordenaram que fossem a\u00e7oitados e levados \u00e0 pris\u00e3o. O carcereiro os leva para a parte mais escondida da pris\u00e3o. Paulo e Silas cantavam. Por volta da meia-noite, h\u00e1 um forte tremor de terremoto e todas as portas da pris\u00e3o se abrem. O carcereiro est\u00e1 para se matar antes que fosse assassinado por ter deixado os prisioneiros escaparem, mas Paulo o exorta a n\u00e3o se machucar, porque \u2013 disse \u2013 \u201cestamos todos aqui\u201d. Ent\u00e3o o carcereiro pede explica\u00e7\u00f5es e se converte. Lava as feridas deles, \u00e9 batizado e fica cheio de alegria\u201d:<\/p>\n<p>\u201cE este \u00e9 o caminho da nossa convers\u00e3o di\u00e1ria: passar de um estado de vida mundano, tranquilo, sem riscos, cat\u00f3lico, sim, sim, mas assim, morno, a um estado de vida de verdadeiro an\u00fancio de Jesus Cristo, \u00e0 alegria do an\u00fancio de Cristo. Passar de uma religiosidade que olha demasiado para os lucros para uma religiosidade de f\u00e9 e de proclama\u00e7\u00e3o: \u2018Jesus \u00e9 o Senhor\u2019\u201d.<\/p>\n<p>Este \u00e9 o milagre que o Esp\u00edrito Santo faz. O Papa exortou ent\u00e3o a ler o cap\u00edtulo 16 dos Atos para ver como o Senhor \u201ccom os seus m\u00e1rtires\u201d leva a Igreja para frente: <\/p>\n<p>\u201cUma Igreja sem m\u00e1rtires n\u00e3o d\u00e1 nenhuma confian\u00e7a; uma Igreja que n\u00e3o se arrisca provoca desconfian\u00e7a; uma Igreja que tem medo de anunciar Jesus Cristo e afugentar os dem\u00f4nios, os \u00eddolos, o outro senhor, que \u00e9 o dinheiro, n\u00e3o \u00e9 a Igreja de Jesus. Na ora\u00e7\u00e3o pedimos a gra\u00e7a e tamb\u00e9m agradecemos o Senhor pela renovada\u00a0 juventude que nos d\u00e1 com Jesus e pedimos a gra\u00e7a que ele mantenha esta renovada juventude. Esta Igreja de Filipos foi renovada e tornou-se uma Igreja jovem. Que todos n\u00f3s tenhamos isso: uma renovada juventude, uma convers\u00e3o do modo de viver morno ao an\u00fancio alegre que Jesus \u00e9 o Senhor\u201d.<\/p>\n<p style=\"text-align: justify;\">\u00a0<\/p>\n<p style=\"text-align: justify;\">Fonte: R\u00e1dio Vaticano<\/p>\n","protected":false},"excerpt":{"rendered":"<p>Cidade do Vaticano (RV) &#8211; Muitas pessoas consagradas foram perseguidas por terem denunciado atitudes de mundanidade: o esp\u00edrito mau prefere uma Igreja sem risco e morna. Foi o que disse o Papa Francisco na homilia da Missa celebrada na Casa Santa Marta. \u00a0 Clique aqui para assistir o v\u00eddeo: \u00a0 Em sua homilia, o Pont\u00edfice [&hellip;]<\/p>\n","protected":false},"author":1,"featured_media":30158,"comment_status":"open","ping_status":"open","sticky":false,"template":"","format":"standard","meta":{"footnotes":""},"categories":[3],"tags":[],"class_list":["post-30159","post","type-post","status-publish","format-standard","has-post-thumbnail","hentry","category-vaticano"],"_links":{"self":[{"href":"https:\/\/catolicanet.net\/wp-cnet\/wp-json\/wp\/v2\/posts\/30159","targetHints":{"allow":["GET"]}}],"collection":[{"href":"https:\/\/catolicanet.net\/wp-cnet\/wp-json\/wp\/v2\/posts"}],"about":[{"href":"https:\/\/catolicanet.net\/wp-cnet\/wp-json\/wp\/v2\/types\/post"}],"author":[{"embeddable":true,"href":"https:\/\/catolicanet.net\/wp-cnet\/wp-json\/wp\/v2\/users\/1"}],"replies":[{"embeddable":true,"href":"https:\/\/catolicanet.net\/wp-cnet\/wp-json\/wp\/v2\/comments?post=30159"}],"version-history":[{"count":1,"href":"https:\/\/catolicanet.net\/wp-cnet\/wp-json\/wp\/v2\/posts\/30159\/revisions"}],"predecessor-version":[{"id":30636,"href":"https:\/\/catolicanet.net\/wp-cnet\/wp-json\/wp\/v2\/posts\/30159\/revisions\/30636"}],"wp:featuredmedia":[{"embeddable":true,"href":"https:\/\/catolicanet.net\/wp-cnet\/wp-json\/wp\/v2\/media\/30158"}],"wp:attachment":[{"href":"https:\/\/catolicanet.net\/wp-cnet\/wp-json\/wp\/v2\/media?parent=30159"}],"wp:term":[{"taxonomy":"category","embeddable":true,"href":"https:\/\/catolicanet.net\/wp-cnet\/wp-json\/wp\/v2\/categories?post=30159"},{"taxonomy":"post_tag","embeddable":true,"href":"https:\/\/catolicanet.net\/wp-cnet\/wp-json\/wp\/v2\/tags?post=30159"}],"curies":[{"name":"wp","href":"https:\/\/api.w.org\/{rel}","templated":true}]}}