{"id":30150,"date":"2017-05-22T19:45:47","date_gmt":"2017-05-22T22:45:47","guid":{"rendered":"http:\/\/catolicanet.net\/wp-cnet\/2017\/05\/22\/bono-do-u2-pede-a-artistas-cristaos-uma-honestidade-brutal\/"},"modified":"2017-06-08T09:35:14","modified_gmt":"2017-06-08T12:35:14","slug":"bono-do-u2-pede-a-artistas-cristaos-uma-honestidade-brutal","status":"publish","type":"post","link":"https:\/\/catolicanet.net\/wp-cnet\/bono-do-u2-pede-a-artistas-cristaos-uma-honestidade-brutal\/","title":{"rendered":"Bono do U2 pede a artistas crist\u00e3os uma \u201chonestidade brutal\u201d"},"content":{"rendered":"<p style=\"text-align: justify;\"><img decoding=\"async\" src=\"http:\/\/www.catolicanet.com.br\/images\/stories\/noticias2017\/bonoduranteunconc.jpg\" border=\"0\" align=\"left\" \/>NOVA IORQUE, 22 Mai. 17 \/ 04:00 pm (ACI).- Bono, o l\u00edder da banda irlandesa U2, que no passado apoiou causas controversas em sua trajet\u00f3ria como cantor, pediu desta vez aos artistas crist\u00e3os que mostrem uma \u201chonestidade brutal\u201d para n\u00e3o se limitar ao introduzir em suas can\u00e7\u00f5es mensagens de f\u00e9, mas tamb\u00e9m plasmar em suas letras as situa\u00e7\u00f5es reais que enfrentam na vida.<\/p>\n<p>Bono, que em uma entrevista h\u00e1 alguns anos disse se considerar crist\u00e3o \u2013 embora em muitas ocasi\u00f5es suas a\u00e7\u00f5es e declara\u00e7\u00f5es tenham mostrado o contr\u00e1rio \u2013 foi criado em Dublin em meio \u00e0 sangrenta luta entre cat\u00f3licos e protestantes que assolou o norte da Irlanda durante anos. O cantor foi criado por uma m\u00e3e protestante e um pai cat\u00f3lico.<\/p>\n<p>Nesta oportunidade, o cantor aprofundou este tema na s\u00e9rie de cinco epis\u00f3dios Bono &#038; David Taylor: Beyod the Psalms, produzido por Fuller Studio, que \u00e9 conhecido por promover \u201crecursos para uma vida espiritual profundamente formada\u201d.<\/p>\n<p>Em um dos v\u00eddeos, Bono rejeitou a ideia de que a m\u00fasica ou a arte devem ser explicitamente etiquetadas como crist\u00e3os e limitadas a mensagens abertamente crist\u00e3s para glorificar a Deus.<\/p>\n<p>\u201cIsto realmente, realmente tem que parar. Quero escutar uma can\u00e7\u00e3o sobre a crise do seu matrim\u00f4nio, que escutar can\u00e7\u00f5es de justi\u00e7a, quero escutar sobre a raiva contra a injusti\u00e7a e quero escutar uma can\u00e7\u00e3o t\u00e3o boa que fa\u00e7a com que as pessoas queiram fazer algo a respeito\u201d, expressou.<\/p>\n<p>Nesse sentido, Bono ressaltou que a chave para a boa arte \u00e9 a honestidade para expressar as coisas reais que acontecem na vida de cada um.<\/p>\n<p>\u201cQuero discutir sobre o caso de artistas ou de artistas potenciais que possam estar escutando nossa conversa e n\u00e3o est\u00e3o expressando o que realmente acontece em suas vidas porque sentem que podem passar uma m\u00e1 impress\u00e3o sobre eles\u201d, indicou.<\/p>\n<p>\u201cA honestidade brutal \u00e9 a raiz. Esta \u00e9 a raiz para uma grande can\u00e7\u00e3o, n\u00e3o apenas a rela\u00e7\u00e3o com Deus. \u00c9 nisso onde se encontra uma grande can\u00e7\u00e3o. O \u00fanico lugar onde pode encontrar um trabalho de arte, de m\u00e9rito\u201d, manifestou.<\/p>\n<p>Bono indicou que, se um m\u00fasico crist\u00e3o quer \u201ccriar uma verdadeira arte, tem que ser mais honesto do que o t\u00edpico g\u00eanero da \u2018m\u00fasica crist\u00e3\u2019\u201d.<\/p>\n<p>O vocalista do U2 expressou que \u201ctemos um pressentimento de que Deus n\u00e3o est\u00e1 interessado na publicidade, posso estar enganado, mas \u00e9 a arte em vez da publicidade o que impressiona o criador do universo\u201d.<\/p>\n<p>\u201cA cria\u00e7\u00e3o grita o nome de Deus, por isso, n\u00e3o tem que encontrar um sinal em cada \u00e1rvore\u201d, assinalou.<\/p>\n<p>Bono, que manifestou publicamente sua f\u00e9 crist\u00e3 e sua predile\u00e7\u00e3o pelos salmos, destacou a import\u00e2ncia destes para a m\u00fasica e contou que, ap\u00f3s l\u00ea-los durante anos, aprendeu sobre a import\u00e2ncia de escutar sobre a honestidade.<\/p>\n<p>Em outro v\u00eddeo da s\u00e9rie, indicou que os salmos eram \u00fateis e perguntou: \u201cPor que n\u00e3o os encontro na m\u00fasica crist\u00e3?\u201d.<\/p>\n<p>Citou como exemplo o Salmo 82, que \u201cfala sobre defender os direitos dos pobres e \u00f3rf\u00e3os, ser justo com os necessitados e os indefesos, resgat\u00e1-los do poder das m\u00e1s pessoas. Isso n\u00e3o \u00e9 caridade, \u00e9 justi\u00e7a. \u00c9 incr\u00edvel que Jesus come\u00e7a com isso em sua miss\u00e3o\u201d.<\/p>\n<p>Bono indicou que este salmo \u00e9 ideal para inspirar as pessoas que est\u00e3o afastadas de Deus. Tamb\u00e9m destacou o Salmo 9 e o Salmo 12, nos quais se exalta Deus como o ref\u00fagio e a fortaleza dos que sofrem. \u201cEste \u00e9 Jesus\u201d, afirmou.<\/p>\n<p>Por outro lado, Bono ressaltou a figura do rei Davi, a quem se atribui a autoria dos salmos.<\/p>\n<p>No Antigo Testamento, narra-se como o monarca se apaixona por uma mulher casada chamada Betsab\u00e9 e comete adult\u00e9rio com ela. Para cobrir a gravidez de sua amante, ele trama um plano para matar o esposo dela, que era um soldado.<\/p>\n<p>O vocalista do U2 assinalou que as maldades perpetradas pelo rei Davi s\u00e3o \u201cincr\u00edveis\u201d, mas, apesar disso, p\u00f4de encontrar a gra\u00e7a e a reden\u00e7\u00e3o.<\/p>\n<p style=\"text-align: justify;\">\u00a0<\/p>\n<p style=\"text-align: justify;\">Fonte: Acidigital<\/p>\n","protected":false},"excerpt":{"rendered":"<p>NOVA IORQUE, 22 Mai. 17 \/ 04:00 pm (ACI).- Bono, o l\u00edder da banda irlandesa U2, que no passado apoiou causas controversas em sua trajet\u00f3ria como cantor, pediu desta vez aos artistas crist\u00e3os que mostrem uma \u201chonestidade brutal\u201d para n\u00e3o se limitar ao introduzir em suas can\u00e7\u00f5es mensagens de f\u00e9, mas tamb\u00e9m plasmar em suas [&hellip;]<\/p>\n","protected":false},"author":1,"featured_media":30149,"comment_status":"open","ping_status":"open","sticky":false,"template":"","format":"standard","meta":{"footnotes":""},"categories":[4],"tags":[],"class_list":["post-30150","post","type-post","status-publish","format-standard","has-post-thumbnail","hentry","category-cotidiano"],"_links":{"self":[{"href":"https:\/\/catolicanet.net\/wp-cnet\/wp-json\/wp\/v2\/posts\/30150","targetHints":{"allow":["GET"]}}],"collection":[{"href":"https:\/\/catolicanet.net\/wp-cnet\/wp-json\/wp\/v2\/posts"}],"about":[{"href":"https:\/\/catolicanet.net\/wp-cnet\/wp-json\/wp\/v2\/types\/post"}],"author":[{"embeddable":true,"href":"https:\/\/catolicanet.net\/wp-cnet\/wp-json\/wp\/v2\/users\/1"}],"replies":[{"embeddable":true,"href":"https:\/\/catolicanet.net\/wp-cnet\/wp-json\/wp\/v2\/comments?post=30150"}],"version-history":[{"count":1,"href":"https:\/\/catolicanet.net\/wp-cnet\/wp-json\/wp\/v2\/posts\/30150\/revisions"}],"predecessor-version":[{"id":30642,"href":"https:\/\/catolicanet.net\/wp-cnet\/wp-json\/wp\/v2\/posts\/30150\/revisions\/30642"}],"wp:featuredmedia":[{"embeddable":true,"href":"https:\/\/catolicanet.net\/wp-cnet\/wp-json\/wp\/v2\/media\/30149"}],"wp:attachment":[{"href":"https:\/\/catolicanet.net\/wp-cnet\/wp-json\/wp\/v2\/media?parent=30150"}],"wp:term":[{"taxonomy":"category","embeddable":true,"href":"https:\/\/catolicanet.net\/wp-cnet\/wp-json\/wp\/v2\/categories?post=30150"},{"taxonomy":"post_tag","embeddable":true,"href":"https:\/\/catolicanet.net\/wp-cnet\/wp-json\/wp\/v2\/tags?post=30150"}],"curies":[{"name":"wp","href":"https:\/\/api.w.org\/{rel}","templated":true}]}}