{"id":30146,"date":"2017-05-22T19:11:23","date_gmt":"2017-05-22T22:11:23","guid":{"rendered":"http:\/\/catolicanet.net\/wp-cnet\/2017\/05\/22\/aveiro-d-antonio-moiteiro-incentiva-alunos-a-inscrever-se-nas-aulas-de-emrc\/"},"modified":"2017-06-08T09:36:22","modified_gmt":"2017-06-08T12:36:22","slug":"aveiro-d-antonio-moiteiro-incentiva-alunos-a-inscrever-se-nas-aulas-de-emrc","status":"publish","type":"post","link":"https:\/\/catolicanet.net\/wp-cnet\/aveiro-d-antonio-moiteiro-incentiva-alunos-a-inscrever-se-nas-aulas-de-emrc\/","title":{"rendered":"Aveiro: D. Ant\u00f3nio Moiteiro incentiva alunos a inscrever-se nas aulas de EMRC"},"content":{"rendered":"<p style=\"text-align: justify;\"><img decoding=\"async\" src=\"http:\/\/www.catolicanet.com.br\/images\/stories\/noticias2017\/21desdob-snec-vem-.jpg\" border=\"0\" align=\"left\" \/>Bispo apresenta disciplina como \u00abfonte de esperan\u00e7a e humaniza\u00e7\u00e3o\u00bb<\/p>\n<p>Aveiro, 22 mai 2017 (Ecclesia) \u2013 O bispo de Aveiro publicou a nota pastoral para apelar \u00e0 inscri\u00e7\u00e3o dos alunos na disciplina de Educa\u00e7\u00e3o Moral e Religiosa Cat\u00f3lica, sublinhando o papel destas aulas na forma\u00e7\u00e3o das novas gera\u00e7\u00f5es.<\/p>\n<p>\u201cA aula de EMRC apresenta-se como um excelente complemento \u00e0 educa\u00e7\u00e3o recebida em casa e na comunidade paroquial \u2013 uma ferramenta de capital import\u00e2ncia para o preenchimento de muitos dos espa\u00e7os vazios deixados pela educa\u00e7\u00e3o\u201d, refere D. Ant\u00f4nio Moiteiro.<\/p>\n<p>O prelado desafia os jovens a fazer op\u00e7\u00f5es que ajudem a encontrar \u201co caminho da verdadeira realiza\u00e7\u00e3o pessoal\u201d.<\/p>\n<p>Na nota pastoral \u2018A EMRC, fonte de esperan\u00e7a e humaniza\u00e7\u00e3o\u2019, enviada hoje \u00e0 Ag\u00eancia ECCLESIA, o bispo de Aveiro escreve que \u00e9 necess\u00e1rio \u201cestimular, guiar e apoiar\u201d mas tamb\u00e9m \u00e9 preciso \u201csuperar muitas in\u00e9rcias, muitas solicita\u00e7\u00f5es, muitas rotinas\u201d, pedindo a ajuda dos pais.<\/p>\n<p>\u201cA v\u00f3s, pais, \u00e9 pedido que estejais atentos \u00e0 forma\u00e7\u00e3o e \u00e0s escolhas dos vossos filhos\u201d, observa, destacando positivamente os \u201cmuitos pais que continuam atentos e colaborantes\u201d e alertando para as fam\u00edlias, \u201cmesmo ditas crist\u00e3s, que n\u00e3o respiram nem promovem uma educa\u00e7\u00e3o com uma matriz cultural, incluindo a religiosa\u201d.<\/p>\n<p>\u201cSer pessoa \u00e9 um compromisso e um projeto e daqui nasce a import\u00e2ncia de uma educa\u00e7\u00e3o para a forma\u00e7\u00e3o da pessoa. Que este projeto se alicerce sobre o amor pessoal de Deus!\u201d, observa.<\/p>\n<p>D. Ant\u00f4nio Moiteiro, novo presidente da Comiss\u00e3o Episcopal Educa\u00e7\u00e3o Crist\u00e3 e Doutrina da F\u00e9, apresenta a disciplina de EMRC como \u201cfonte de esperan\u00e7a e humaniza\u00e7\u00e3o\u201d, sendo \u201cum direito que n\u00e3o pode ser negado a nenhum aluno\u201d.<\/p>\n<p>\u201cIncarnados neste tempo e nesta cultura, a todos t\u00eam de ser propostos objetivos de refer\u00eancia que inspirem decis\u00f5es e a\u00e7\u00f5es. Qualquer pessoa, e muito mais o crist\u00e3o, deve confrontar-se com o contexto fragment\u00e1rio e ef\u00eamero das novas tend\u00eancias culturais, assumi-las e fazer passar uma mensagem que seja refer\u00eancia\u201d, desenvolve.<\/p>\n<p>Na nota pastoral, dispon\u00edvel no s\u00edtio online da Diocese de Aveiro, \u00e9 incentivado o \u201cacolhimento e dilig\u00eancia\u201d para a disciplina de EMRC aos pais, \u00e0s escolas, aos outros professores e aos p\u00e1rocos, que \u201ct\u00eam tamb\u00e9m uma miss\u00e3o formativa\u201d.<\/p>\n<p style=\"text-align: justify;\">\u00a0<\/p>\n<p style=\"text-align: justify;\">Fonte: Ag\u00eancia Ecclesia<\/p>\n","protected":false},"excerpt":{"rendered":"<p>Bispo apresenta disciplina como \u00abfonte de esperan\u00e7a e humaniza\u00e7\u00e3o\u00bb Aveiro, 22 mai 2017 (Ecclesia) \u2013 O bispo de Aveiro publicou a nota pastoral para apelar \u00e0 inscri\u00e7\u00e3o dos alunos na disciplina de Educa\u00e7\u00e3o Moral e Religiosa Cat\u00f3lica, sublinhando o papel destas aulas na forma\u00e7\u00e3o das novas gera\u00e7\u00f5es. \u201cA aula de EMRC apresenta-se como um excelente [&hellip;]<\/p>\n","protected":false},"author":1,"featured_media":30145,"comment_status":"open","ping_status":"open","sticky":false,"template":"","format":"standard","meta":{"footnotes":""},"categories":[4],"tags":[],"class_list":["post-30146","post","type-post","status-publish","format-standard","has-post-thumbnail","hentry","category-cotidiano"],"_links":{"self":[{"href":"https:\/\/catolicanet.net\/wp-cnet\/wp-json\/wp\/v2\/posts\/30146","targetHints":{"allow":["GET"]}}],"collection":[{"href":"https:\/\/catolicanet.net\/wp-cnet\/wp-json\/wp\/v2\/posts"}],"about":[{"href":"https:\/\/catolicanet.net\/wp-cnet\/wp-json\/wp\/v2\/types\/post"}],"author":[{"embeddable":true,"href":"https:\/\/catolicanet.net\/wp-cnet\/wp-json\/wp\/v2\/users\/1"}],"replies":[{"embeddable":true,"href":"https:\/\/catolicanet.net\/wp-cnet\/wp-json\/wp\/v2\/comments?post=30146"}],"version-history":[{"count":1,"href":"https:\/\/catolicanet.net\/wp-cnet\/wp-json\/wp\/v2\/posts\/30146\/revisions"}],"predecessor-version":[{"id":30644,"href":"https:\/\/catolicanet.net\/wp-cnet\/wp-json\/wp\/v2\/posts\/30146\/revisions\/30644"}],"wp:featuredmedia":[{"embeddable":true,"href":"https:\/\/catolicanet.net\/wp-cnet\/wp-json\/wp\/v2\/media\/30145"}],"wp:attachment":[{"href":"https:\/\/catolicanet.net\/wp-cnet\/wp-json\/wp\/v2\/media?parent=30146"}],"wp:term":[{"taxonomy":"category","embeddable":true,"href":"https:\/\/catolicanet.net\/wp-cnet\/wp-json\/wp\/v2\/categories?post=30146"},{"taxonomy":"post_tag","embeddable":true,"href":"https:\/\/catolicanet.net\/wp-cnet\/wp-json\/wp\/v2\/tags?post=30146"}],"curies":[{"name":"wp","href":"https:\/\/api.w.org\/{rel}","templated":true}]}}