{"id":30144,"date":"2017-05-22T19:05:34","date_gmt":"2017-05-22T22:05:34","guid":{"rendered":"http:\/\/catolicanet.net\/wp-cnet\/2017\/05\/22\/papa-a-religiosas-despertem-o-mundo-e-evitem-cair-na-cultura-do-zapping\/"},"modified":"2017-06-08T09:37:30","modified_gmt":"2017-06-08T12:37:30","slug":"papa-a-religiosas-despertem-o-mundo-e-evitem-cair-na-cultura-do-zapping","status":"publish","type":"post","link":"https:\/\/catolicanet.net\/wp-cnet\/papa-a-religiosas-despertem-o-mundo-e-evitem-cair-na-cultura-do-zapping\/","title":{"rendered":"Papa a religiosas: Despertem o mundo e evitem cair na cultura do zapping!"},"content":{"rendered":"<p style=\"text-align: justify;\"><img decoding=\"async\" src=\"http:\/\/www.catolicanet.com.br\/images\/stories\/noticias2017\/monjasbenedictinas.jpg\" border=\"0\" align=\"left\" \/>VATICANO, 22 Mai. 17 \/ 03:00 pm (ACI).- \u201cDespertem o mundo e iluminem o future!\u201d, convidou o Papa Francisco a centenas de religiosas em uma audi\u00eancia no Vaticano na qual tamb\u00e9m lhes pediu para serem profetas e terem um bom discernimento para evitar serem v\u00edtimas da mundanidade.<\/p>\n<p>\u201cSejam profetas de esperan\u00e7a\u201d para \u201ccontinuar fazendo grandes coisas\u201d, pediu o Papa em um discurso \u00e0s participantes do Cap\u00edtulo Geral das Pias Disc\u00edpulas do Divino Mestre, uma congrega\u00e7\u00e3o da Fam\u00edlia Paulina com presen\u00e7a em todo o mundo.<\/p>\n<p>\u201c\u00c9 necess\u00e1rio manter um clima de discernimento, para reconhecer o que pertence ao Esp\u00edrito e o que \u00e9 contr\u00e1rio a Ele\u201d. \u201cDiante de n\u00f3s se abre um mundo de possibilidades\u201d e \u201ca cultura em que estamos imersos nos apresenta todas como v\u00e1lidas e boas, mas se n\u00e3o quisermos ser v\u00edtimas da cultura do zapping, e \u00e0s vezes de uma cultura de morte, devemos incrementar o h\u00e1bito do discernimento, nos formar e formar para o discernimento\u201d.<\/p>\n<p>O Papa convidou a cultivar \u201ca aten\u00e7\u00e3o e o acolhimento rec\u00edproco\u201d e a praticar \u201ca corre\u00e7\u00e3o fraterna e o respeito pelas irm\u00e3s vulner\u00e1veis\u201d e pediu para lutarem contra \u201cas divis\u00f5es, invejas e fofocas, dizendo as coisas com franqueza e caridade\u201d.<\/p>\n<p>O Santo Padre deu \u00eanfase aos frutos de comunh\u00e3o e afirmou que \u201cnosso Deus \u00e9 o Deus da hist\u00f3ria e nossa f\u00e9 \u00e9 uma f\u00e9 que atua na hist\u00f3ria. Nos questionamentos e nas esperas dos homens e das mulheres de hoje encontramos indica\u00e7\u00f5es importantes para nosso seguimento de Cristo\u201d.<\/p>\n<p>\u201cConvido-as a cultivar o di\u00e1logo e a comunh\u00e3o com os outros carismas e a combater\u00a0 toda forma de autorreferencialidade. \u00c9 feio quando um consagrado ou uma consagrada \u00e9 autorreferencial, que est\u00e1 sempre diante do espelho se olhando\u201d.<\/p>\n<p>Francisco pediu tamb\u00e9m capacidade de \u201cescuta\u201d e de \u201cpartilha\u201d, pois \u201cs\u00e3o atitudes necess\u00e1rias para um bom Cap\u00edtulo e para uma saud\u00e1vel vida fraterna em comunidade, na qual todos d\u00e3o e todos recebem\u201d.<\/p>\n<p>\u201cN\u00e3o se cansem de exercitar continuamente a arte da escuta e da partilha\u201d, sublinhou. \u201cNesse tempo de grandes desafios, que exigem dos consagrados fidelidade criativa e busca apaixonada, a escuta e a partilha s\u00e3o muito necess\u00e1rias, se quisermos que a nossa vida seja plenamente significativa para n\u00f3s mesmos e para as pessoas que encontramos\u201d.<\/p>\n<p>Por outro lado, destacou a import\u00e2ncia de viver \u201ca profecia da alegria, aquela que nasce do encontro com Cristo numa vida de ora\u00e7\u00e3o pessoal e comunit\u00e1ria, de escuta da Palavra, no encontro com os irm\u00e3os e irm\u00e3s\u201d.<\/p>\n<p>\u201cA alegria \u00e9 uma bela realidade na vida de muitos consagrados, mas tamb\u00e9m um desafio para todos n\u00f3s. Um disc\u00edpulo triste \u00e9 um triste disc\u00edpulo!\u201d, comentou, assinalando que \u201ca alegria aut\u00eantica \u00e9 o testemunho mais cr\u00edvel de uma vida plena\u201d.<\/p>\n<p>\u201cN\u00e3o se unam aos profetas da desgra\u00e7a que fazem tanto mal \u00e0 Igreja e \u00e0 vida consagrada, n\u00e3o cedam \u00e0 tenta\u00e7\u00e3o da \u2018sonol\u00eancia\u2019 \u2013 como os ap\u00f3stolos no Gets\u00eamani \u2013 e do desespero\u201d.<\/p>\n<p style=\"text-align: justify;\">\u00a0<\/p>\n<p style=\"text-align: justify;\">Fonte: Acidigital<\/p>\n","protected":false},"excerpt":{"rendered":"<p>VATICANO, 22 Mai. 17 \/ 03:00 pm (ACI).- \u201cDespertem o mundo e iluminem o future!\u201d, convidou o Papa Francisco a centenas de religiosas em uma audi\u00eancia no Vaticano na qual tamb\u00e9m lhes pediu para serem profetas e terem um bom discernimento para evitar serem v\u00edtimas da mundanidade. \u201cSejam profetas de esperan\u00e7a\u201d para \u201ccontinuar fazendo grandes [&hellip;]<\/p>\n","protected":false},"author":1,"featured_media":30143,"comment_status":"open","ping_status":"open","sticky":false,"template":"","format":"standard","meta":{"footnotes":""},"categories":[4],"tags":[],"class_list":["post-30144","post","type-post","status-publish","format-standard","has-post-thumbnail","hentry","category-cotidiano"],"_links":{"self":[{"href":"https:\/\/catolicanet.net\/wp-cnet\/wp-json\/wp\/v2\/posts\/30144","targetHints":{"allow":["GET"]}}],"collection":[{"href":"https:\/\/catolicanet.net\/wp-cnet\/wp-json\/wp\/v2\/posts"}],"about":[{"href":"https:\/\/catolicanet.net\/wp-cnet\/wp-json\/wp\/v2\/types\/post"}],"author":[{"embeddable":true,"href":"https:\/\/catolicanet.net\/wp-cnet\/wp-json\/wp\/v2\/users\/1"}],"replies":[{"embeddable":true,"href":"https:\/\/catolicanet.net\/wp-cnet\/wp-json\/wp\/v2\/comments?post=30144"}],"version-history":[{"count":1,"href":"https:\/\/catolicanet.net\/wp-cnet\/wp-json\/wp\/v2\/posts\/30144\/revisions"}],"predecessor-version":[{"id":30645,"href":"https:\/\/catolicanet.net\/wp-cnet\/wp-json\/wp\/v2\/posts\/30144\/revisions\/30645"}],"wp:featuredmedia":[{"embeddable":true,"href":"https:\/\/catolicanet.net\/wp-cnet\/wp-json\/wp\/v2\/media\/30143"}],"wp:attachment":[{"href":"https:\/\/catolicanet.net\/wp-cnet\/wp-json\/wp\/v2\/media?parent=30144"}],"wp:term":[{"taxonomy":"category","embeddable":true,"href":"https:\/\/catolicanet.net\/wp-cnet\/wp-json\/wp\/v2\/categories?post=30144"},{"taxonomy":"post_tag","embeddable":true,"href":"https:\/\/catolicanet.net\/wp-cnet\/wp-json\/wp\/v2\/tags?post=30144"}],"curies":[{"name":"wp","href":"https:\/\/api.w.org\/{rel}","templated":true}]}}