{"id":30140,"date":"2017-05-22T17:54:32","date_gmt":"2017-05-22T20:54:32","guid":{"rendered":"http:\/\/catolicanet.net\/wp-cnet\/2017\/05\/22\/nao-ha-nada-mais-belo-na-vida-do-que-casar-se-e-formar-uma-familia-disse-o-papa\/"},"modified":"2017-06-08T09:38:37","modified_gmt":"2017-06-08T12:38:37","slug":"nao-ha-nada-mais-belo-na-vida-do-que-casar-se-e-formar-uma-familia-disse-o-papa","status":"publish","type":"post","link":"https:\/\/catolicanet.net\/wp-cnet\/nao-ha-nada-mais-belo-na-vida-do-que-casar-se-e-formar-uma-familia-disse-o-papa\/","title":{"rendered":"N\u00e3o h\u00e1 nada mais belo na vida do que casar-se e formar uma fam\u00edlia, disse o Papa"},"content":{"rendered":"<p style=\"text-align: justify;\"><img decoding=\"async\" src=\"http:\/\/www.catolicanet.com.br\/images\/stories\/noticias2017\/franciscofamilia.jpg\" border=\"0\" align=\"left\" \/>Roma, 22 Mai. 17 \/ 02:00 pm (ACI).- Durante a sua visita na tarde de ontem \u00e0 par\u00f3quia S\u00e3o Pedro Dami\u00e3o, em Roma, o Papa Francisco respondeu as perguntas que v\u00e1rias crian\u00e7as da catequese fizeram em um divertido encontro e afirmou que n\u00e3o h\u00e1 nada mais bonito na vida do que formar uma fam\u00edlia.<\/p>\n<p>\u201cO que as crian\u00e7as podem fazer para salvar o mundo? Como descobriu a sua voca\u00e7\u00e3o sacerdotal? O que podemos fazer para seguir melhor a Jesus? Qual esporte praticava aos 11 anos?\u201d, foram as perguntas que lhe fizeram.<\/p>\n<p>Francisco assegurou em uma das suas respostas que \u201cna vida \u00e9 muito belo casar-se, \u00e9 lindo. \u00c9 belo ter uma fam\u00edlia, um pai e uma m\u00e3e, av\u00f3s, tios&#8230; \u00c9 lindo, \u00e9 uma gra\u00e7a. E cada um de voc\u00eas tem pais, av\u00f3s, tios, t\u00eam uma fam\u00edlia. Aplaudamos todos eles. Seus pais se sacrificaram por voc\u00eas, para ajud\u00e1-los a crescer, e isso \u00e9 algo bonito, \u00e9 uma voca\u00e7\u00e3o: formar uma fam\u00edlia\u201d.<\/p>\n<p>Mas \u201ctamb\u00e9m h\u00e1 outra voca\u00e7\u00e3o: ser freira ou sacerdote\u201d, acrescentou. \u201cEu tinha 16 anos e senti que o Senhor queria que eu fosse sacerdote. E aqui estou! Sou sacerdote. Esta \u00e9 a resposta. Uma pessoa sente no seu cora\u00e7\u00e3o: quando um menino sente no cora\u00e7\u00e3o simpatia e depois essa simpatia continua, e sente amor por uma menina e logo ficam noivos e se casam, assim sente no cora\u00e7\u00e3o quando o Senhor lhe diz: \u2018Deve seguir em frente no caminho para ser sacerdote\u2019. E foi assim que eu senti. Como se sentem as coisas belas da vida\u201d.<\/p>\n<p>O Papa tamb\u00e9m disse \u00e0s crian\u00e7as que \u201ccada um de n\u00f3s tem um lugar na vida\u201d. \u201cJesus quer que alguns se casem, que formem uma fam\u00edlia, e que outros sejam sacerdotes ou religiosas&#8230; Mas todas as pessoas tem um caminho na vida\u201d.<\/p>\n<p>\u201cE para a maioria \u00e9 que sejam como voc\u00eas, como seus pais: fi\u00e9is leigos que formam uma bela fam\u00edlia, que cuidam dos seus filhos, que os ajudam a crescer na f\u00e9. Eu estava em uma fam\u00edlia: com cinco irm\u00e3os felizes. Meu pai trabalhava, quando chegava do trabalho, n\u00f3s brinc\u00e1vamos. Uma vez brincamos de se jogar com o guarda-chuva do balc\u00e3o para brincar de paraquedas. Meu irm\u00e3o est\u00e1 vivo por milagre\u201d.<\/p>\n<p>\u201cEstas brincadeiras s\u00e3o perigosas. Mas \u00e9ramos felizes. Mam\u00e3e e papai nos ajudavam a seguir em frente, na escola, e tamb\u00e9m se preocupavam conosco\u201d, comentou.<\/p>\n<p>Francisco continuou respondendo as perguntas das crian\u00e7as e disse: \u201cO mundo \u00e9 grande\u201d. \u201cUm menino, uma menina, podem ajudar na salva\u00e7\u00e3o do mundo?\u201d.<\/p>\n<p>\u00c9 poss\u00edvel ajudar o mundo \u201crespeitando as pessoas, tamb\u00e9m aquelas que n\u00e3o gostam de n\u00f3s, e se algu\u00e9m me fez mal, o que devo fazer?\u201d. \u201cTamb\u00e9m devemos respeit\u00e1-los. E brincar direito tamb\u00e9m ajuda a salvar o mundo, porque a alegria ajuda Jesus a salvar o mundo\u201d, respondeu.<\/p>\n<p>\u201cQuando eu tinha a tua idade, (11 anos), jogava futebol. Mas, eu n\u00e3o era muito bom jogando futebol, e entre n\u00f3s, aqueles que n\u00e3o jogam bem eram chamados de \u2018perna de pau\u2019. Eu era um \u2018perna de pau\u2019 e, por isso, frequentemente era escalado para ficar no gol, para n\u00e3o precisar me mexer: era o meu papel\u201d.<\/p>\n<p style=\"text-align: justify;\">\u00a0<\/p>\n<p style=\"text-align: justify;\">Fonte: Acidigital<\/p>\n","protected":false},"excerpt":{"rendered":"<p>Roma, 22 Mai. 17 \/ 02:00 pm (ACI).- Durante a sua visita na tarde de ontem \u00e0 par\u00f3quia S\u00e3o Pedro Dami\u00e3o, em Roma, o Papa Francisco respondeu as perguntas que v\u00e1rias crian\u00e7as da catequese fizeram em um divertido encontro e afirmou que n\u00e3o h\u00e1 nada mais bonito na vida do que formar uma fam\u00edlia. \u201cO [&hellip;]<\/p>\n","protected":false},"author":1,"featured_media":30139,"comment_status":"open","ping_status":"open","sticky":false,"template":"","format":"standard","meta":{"footnotes":""},"categories":[4],"tags":[],"class_list":["post-30140","post","type-post","status-publish","format-standard","has-post-thumbnail","hentry","category-cotidiano"],"_links":{"self":[{"href":"https:\/\/catolicanet.net\/wp-cnet\/wp-json\/wp\/v2\/posts\/30140","targetHints":{"allow":["GET"]}}],"collection":[{"href":"https:\/\/catolicanet.net\/wp-cnet\/wp-json\/wp\/v2\/posts"}],"about":[{"href":"https:\/\/catolicanet.net\/wp-cnet\/wp-json\/wp\/v2\/types\/post"}],"author":[{"embeddable":true,"href":"https:\/\/catolicanet.net\/wp-cnet\/wp-json\/wp\/v2\/users\/1"}],"replies":[{"embeddable":true,"href":"https:\/\/catolicanet.net\/wp-cnet\/wp-json\/wp\/v2\/comments?post=30140"}],"version-history":[{"count":1,"href":"https:\/\/catolicanet.net\/wp-cnet\/wp-json\/wp\/v2\/posts\/30140\/revisions"}],"predecessor-version":[{"id":30646,"href":"https:\/\/catolicanet.net\/wp-cnet\/wp-json\/wp\/v2\/posts\/30140\/revisions\/30646"}],"wp:featuredmedia":[{"embeddable":true,"href":"https:\/\/catolicanet.net\/wp-cnet\/wp-json\/wp\/v2\/media\/30139"}],"wp:attachment":[{"href":"https:\/\/catolicanet.net\/wp-cnet\/wp-json\/wp\/v2\/media?parent=30140"}],"wp:term":[{"taxonomy":"category","embeddable":true,"href":"https:\/\/catolicanet.net\/wp-cnet\/wp-json\/wp\/v2\/categories?post=30140"},{"taxonomy":"post_tag","embeddable":true,"href":"https:\/\/catolicanet.net\/wp-cnet\/wp-json\/wp\/v2\/tags?post=30140"}],"curies":[{"name":"wp","href":"https:\/\/api.w.org\/{rel}","templated":true}]}}