{"id":30110,"date":"2017-05-22T11:32:04","date_gmt":"2017-05-22T14:32:04","guid":{"rendered":"http:\/\/catolicanet.net\/wp-cnet\/2017\/05\/22\/levantando-novas-questoes\/"},"modified":"2017-06-08T10:20:27","modified_gmt":"2017-06-08T13:20:27","slug":"levantando-novas-questoes","status":"publish","type":"post","link":"https:\/\/catolicanet.net\/wp-cnet\/levantando-novas-questoes\/","title":{"rendered":"Levantando novas quest\u00f5es"},"content":{"rendered":"<p style=\"text-align: justify;\">Para qualquer pergunta idiota a resposta deveria ser correspondente. Por\u00e9m, \u00e9 na idiotice humana que se escondem as maiores manifesta\u00e7\u00f5es da sabedoria divina. Exemplo: Quem nasceu primeiro, o ovo ou a galinha? Ou: se Deus criou tudo, quem criou Deus? Quest\u00f5es que embaralham nossas l\u00f3gicas e para as quais n\u00e3o encontramos respostas f\u00e1ceis. Ent\u00e3o fica tudo como est\u00e1. Ou n\u00e3o? <br \/> Aqui \u00e9 que s\u00e3o elas. Quando uma quest\u00e3o embaralha a l\u00f3gica do nosso racioc\u00ednio pr\u00e1tico, temos a\u00ed um mist\u00e9rio. E mist\u00e9rio \u00e9 sempre coisa de Deus. Na hist\u00f3ria de Cristo encontramos muitos destes, a come\u00e7ar de sua concep\u00e7\u00e3o biol\u00f3gica sem a participa\u00e7\u00e3o humana, passando por sua ressurrei\u00e7\u00e3o e culminando com sua ascens\u00e3o aos c\u00e9us. Todos esses mist\u00e9rios proclamamos como verdades incontestes. Fazem parte de nossa profiss\u00e3o de f\u00e9, ou seja, dizemos em alto e bom som acreditar num Deus criador de tudo e no seu filho redentor \u201cgerado e n\u00e3o criado, consubstancial ao Pai\u201d que ressuscitou dos mortos e ao terceiro dia \u201csubiu aos c\u00e9us\u201d. Essa tr\u00edade de mist\u00e9rios \u00e9 a ess\u00eancia da f\u00e9 crist\u00e3. Se isso realmente n\u00e3o fizesse parte dos mist\u00e9rios da Revela\u00e7\u00e3o Crist\u00e3, ou, como diria o ap\u00f3stolo Paulo: \u201cse Cristo n\u00e3o ressuscitasse, v\u00e3 seria nossa f\u00e9\u201d. Donde, pois, encontrar respostas para refor\u00e7ar nossas cren\u00e7as ou ao menos prov\u00e1-las com a + b que estamos no caminho certo?<br \/> Esse \u00e9 o grande desafio dos que acreditam.\u00a0 O nascimento, sua morte e ressurrei\u00e7\u00e3o s\u00e3o apenas dois passos dessa Hist\u00f3ria. Ela se completa com a ascens\u00e3o, pois \u00e9 esse o \u00e1pice da vida terrena do Salvador, cuja vis\u00e3o beat\u00edfica o coloca \u201csentado \u00e0 direita do Pai\u201d e cuja miss\u00e3o final ser\u00e1 \u201cjulgar os vivos e os mortos\u201d. Essa vis\u00e3o se desprende do evangelho de Lucas, o m\u00e9dico, cuja descri\u00e7\u00e3o pormenorizada da Ascens\u00e3o refor\u00e7a o mist\u00e9rio da Revela\u00e7\u00e3o. Quem lhe revelou esse acontecimento? \u201cEstava chegando o tempo de Jesus ser levado para o c\u00e9u\u201d (Lc 9,51) e esse fato iria culminar com sua ascens\u00e3o f\u00edsica aos olhos de seus disc\u00edpulos. \u201cEnt\u00e3o ele tomou a firme decis\u00e3o de partir para Jerusal\u00e9m\u201d. Enquanto Jesus re\u00fane os seus \u00e0s portas da cidade santa, eis que outra \u00e9 a cidade que ele lhes aponta, ao subir aos c\u00e9us. A Jerusal\u00e9m ali se apresenta como destino dos que seguiram os passos do Mestre. Atrav\u00e9s de Jesus a humanidade expulsa do Para\u00edso redescobre novo sentido para suas almas sedentas de Deus, o verdadeiro Para\u00edso, a Jerusal\u00e9m Celeste. <br \/> Da\u00ed que a ascens\u00e3o de Cristo \u00e9 mais um passo do seu seguimento. Cristo completa a revela\u00e7\u00e3o do Pai, apontando-nos o caminho da plenitude humana, para o qual devemos nortear nossas vidas: Deus em sua majestade. \u201cEle a manifestou em Cristo, quando o ressuscitou dos mortos e o fez sentar-se \u00e0 sua direita no c\u00e9u, muito acima de qualquer principado, autoridade, poder e soberania, e de qualquer outro nome que se possa nomear, n\u00e3o s\u00f3 no presente, mas tamb\u00e9m no futuro\u201d (Ef 1, 20-21). Essa \u00e9 a glorifica\u00e7\u00e3o da f\u00e9. O destino de quem almeja compensa\u00e7\u00f5es celestiais e n\u00e3o glorifica\u00e7\u00f5es terrenas. Por isso a tais mist\u00e9rios damos o nome de revela\u00e7\u00e3o. Ou seja, s\u00f3 quem acredita tem a resposta, conhece sua profundidade, respeita seus mist\u00e9rios. Isso nos basta. Se o mundo acredita ou n\u00e3o \u00e9 outra quest\u00e3o. O que nos importa \u00e9 a compreens\u00e3o de que se Cristo ressuscitou, um dia chegar\u00e1 nossa vez. Basta seguir seus passos. \u201cProcurem as coisas do alto, onde Cristo est\u00e1 sentado \u00e0 direita de Deus. Pensem nas coisas do alto, e n\u00e3o nas coisas da terra\u201d (Col 3, 1-2). Um dia chegaremos l\u00e1!<\/p>\n","protected":false},"excerpt":{"rendered":"<p>Para qualquer pergunta idiota a resposta deveria ser correspondente. Por\u00e9m, \u00e9 na idiotice humana que se escondem as maiores manifesta\u00e7\u00f5es da sabedoria divina. Exemplo: Quem nasceu primeiro, o ovo ou a galinha? Ou: se Deus criou tudo, quem criou Deus? Quest\u00f5es que embaralham nossas l\u00f3gicas e para as quais n\u00e3o encontramos respostas f\u00e1ceis. Ent\u00e3o fica [&hellip;]<\/p>\n","protected":false},"author":17,"featured_media":0,"comment_status":"open","ping_status":"open","sticky":false,"template":"","format":"standard","meta":{"footnotes":""},"categories":[9],"tags":[],"class_list":["post-30110","post","type-post","status-publish","format-standard","hentry","category-artigos"],"_links":{"self":[{"href":"https:\/\/catolicanet.net\/wp-cnet\/wp-json\/wp\/v2\/posts\/30110","targetHints":{"allow":["GET"]}}],"collection":[{"href":"https:\/\/catolicanet.net\/wp-cnet\/wp-json\/wp\/v2\/posts"}],"about":[{"href":"https:\/\/catolicanet.net\/wp-cnet\/wp-json\/wp\/v2\/types\/post"}],"author":[{"embeddable":true,"href":"https:\/\/catolicanet.net\/wp-cnet\/wp-json\/wp\/v2\/users\/17"}],"replies":[{"embeddable":true,"href":"https:\/\/catolicanet.net\/wp-cnet\/wp-json\/wp\/v2\/comments?post=30110"}],"version-history":[{"count":1,"href":"https:\/\/catolicanet.net\/wp-cnet\/wp-json\/wp\/v2\/posts\/30110\/revisions"}],"predecessor-version":[{"id":30661,"href":"https:\/\/catolicanet.net\/wp-cnet\/wp-json\/wp\/v2\/posts\/30110\/revisions\/30661"}],"wp:attachment":[{"href":"https:\/\/catolicanet.net\/wp-cnet\/wp-json\/wp\/v2\/media?parent=30110"}],"wp:term":[{"taxonomy":"category","embeddable":true,"href":"https:\/\/catolicanet.net\/wp-cnet\/wp-json\/wp\/v2\/categories?post=30110"},{"taxonomy":"post_tag","embeddable":true,"href":"https:\/\/catolicanet.net\/wp-cnet\/wp-json\/wp\/v2\/tags?post=30110"}],"curies":[{"name":"wp","href":"https:\/\/api.w.org\/{rel}","templated":true}]}}