{"id":30106,"date":"2017-05-19T20:02:30","date_gmt":"2017-05-19T23:02:30","guid":{"rendered":"http:\/\/catolicanet.net\/wp-cnet\/2017\/05\/19\/neopentecostalismo-dialogo-ecumenico-acontece-na-vida-cotidiana\/"},"modified":"2017-06-08T10:02:33","modified_gmt":"2017-06-08T13:02:33","slug":"neopentecostalismo-dialogo-ecumenico-acontece-na-vida-cotidiana","status":"publish","type":"post","link":"https:\/\/catolicanet.net\/wp-cnet\/neopentecostalismo-dialogo-ecumenico-acontece-na-vida-cotidiana\/","title":{"rendered":"Neopentecostalismo: di\u00e1logo ecum\u00eanico acontece na vida cotidiana"},"content":{"rendered":"<p style=\"text-align: justify;\"><img decoding=\"async\" src=\"http:\/\/www.catolicanet.com.br\/images\/stories\/noticias2017\/pentecostais-1200x762_c.jpg\" border=\"0\" align=\"left\" \/>A Semana de Ora\u00e7\u00e3o pela Unidade Crist\u00e3 (SOUC), que ter\u00e1 in\u00edcio no domingo da Ascen\u00e7\u00e3o do Senhor, dia 28 de maio, \u00e9 um momento promovido para conclamar crist\u00e3os e crist\u00e3s, de todas as denomina\u00e7\u00f5es, \u00e0 unidade. Para al\u00e9m da ora\u00e7\u00e3o, a\u00e7\u00f5es em vista do di\u00e1logo e da busca pela unidade dos crist\u00e3os t\u00eam sido desenvolvidas pela Comiss\u00e3o Episcopal Pastoral para o Ecumenismo e o Di\u00e1logo Inter-Religioso da Confer\u00eancia Nacional dos Bispos do Brasil (CNBB). Um ambiente \u201cdelicado e desafiador\u201d para promo\u00e7\u00e3o deste trabalho \u00e9 o contexto das igrejas neopentecostais.<\/p>\n<p>De acordo com o assessor da Comiss\u00e3o para o Ecumenismo e Di\u00e1logo Inter-Religioso da CNBB, padre Marcus Barbosa Guimar\u00e3es, o principal trabalho tem sido aprofundar, atrav\u00e9s de leituras e encontros de forma\u00e7\u00e3o \u2013 alguns desses, com a presen\u00e7a de pastores pentecostais -, o crescente e complexo movimento pentecostal e neopentecostal. Para Guimar\u00e3es, o pentecostalismo \u00e9 \u201cuma \u2018nova janela aberta\u2019 para o ecumenismo\u201d.<\/p>\n<p>Padre Marcus considera urgente encontrar caminhos de aproxima\u00e7\u00e3o cat\u00f3lico-pentecostal, promovendo, com as pessoas e comunidades pentecostais que se abrem ao di\u00e1logo, o conhecimento, a amizade e o respeito m\u00fatuos, a conviv\u00eancia e o testemunho comum.<\/p>\n<p>Uma an\u00e1lise de conjuntura eclesial apresentada em fevereiro deste ao Conselho Episcopal Pastoral (Consep) da CNBB aponta esta vertente protestante como \u201ccomunidades de estilo evang\u00e9lico, fundamentalista e espontane\u00edsta, que se distanciam da tradi\u00e7\u00e3o unit\u00e1ria cat\u00f3lica, rompendo o pr\u00f3prio tecido social\u201d predominantes na Am\u00e9rica Latina.<\/p>\n<p>Nem sempre abertos ao di\u00e1logo, muitos dos pentecostais \u201ct\u00eam posturas agressivas e ativamente proselitistas\u201d. Entretanto, segundo o texto, se o di\u00e1logo ecum\u00eanico em sentido pr\u00f3prio \u00e9 pouco vi\u00e1vel, permanece a possibilidade do di\u00e1logo entre sujeitos, inserido nas v\u00e1rias circunst\u00e2ncias da vida cotidiana. \u00c9 o que padre Marcus chama de \u201cecumenismo de amizade\u201d, que est\u00e1 presente no plano local, sobretudo na fam\u00edlia, no trabalho, na vizinhan\u00e7a e na \u00e1rea social.<\/p>\n<p>Fen\u00f4meno crescente<br \/>O pentecostalismo \u00e9 uma realidade no mundo. Atualmente engloba cerca 650 milh\u00f5es de fi\u00e9is de diversas denomina\u00e7\u00f5es. Presente no Brasil desde 1910, com a chegada da igreja Congrega\u00e7\u00e3o Crist\u00e3 no Brasil \u2013 considerada pelos soci\u00f3logos da religi\u00e3o uma igreja cl\u00e1ssica neste contexto -, o movimento pentecostal cresceu no meio do s\u00e9culo e iniciou nas d\u00e9cadas de 1970 e 1980 a \u201cterceira onda\u201d, conhecida como neopentecostalismo.<\/p>\n<p>\u201cUma das particularidades que se tem nas igrejas neopentecostais em rela\u00e7\u00e3o \u00e0s cl\u00e1ssicas, al\u00e9m dos dons da glossolalia, da cura, da profecia e do exorcismo t\u00edpicas do pentecostalismo, \u00e9 a forte \u00eanfase na teologia da prosperidade. Este tem sido um dos principais elementos do maior fen\u00f4meno ocorrido no protestantismo brasileiro nas \u00faltimas d\u00e9cadas que tem a sua m\u00e1xima express\u00e3o a Igreja Universal do Reino de Deus (IURD).<\/p>\n<p>Com base nos dados do Censo Demogr\u00e1fico de 2010, cinco igrejas concentram nada menos que 85% dos pentecostais do pa\u00eds: Assembleia de Deus (12.314.410 adeptos), Congrega\u00e7\u00e3o Crist\u00e3 no Brasil (2.289.634), Igreja Universal do Reino de Deus (1.873.243), Igreja do Evangelho Quadrangular (1.808.389) e Igreja Pentecostal Deus \u00e9 Amor (845.383). Em 2010, a Assembleia de Deus sozinha, j\u00e1 quase centen\u00e1ria e dividida em v\u00e1rias denomina\u00e7\u00f5es, concentrava quase uma ter\u00e7a parte dos neopentecostais (30%) do Brasil.<\/p>\n<p>N\u00fameros das Igrejas Pentecostais<\/p>\n<p>N\u00fameros das Igrejas Pentecostais<\/p>\n<p>A\u00e7\u00e3o de di\u00e1logo<br \/>Diante dos desafios que se apresentam na tentativa de estabelecer um di\u00e1logo, a Igreja, por meio dos grupos que atuam no caminho ecum\u00eanico, reconhece a necessidade de \u201cdar passos realmente importantes para a unidade\u201d.<\/p>\n<p>A an\u00e1lise de conjuntura de fevereiro tamb\u00e9m recordou um documento solicitado \u00e0 CNBB pelo Conselho Episcopal Latino Americano (Celam), de 1984, no qual os bispos afirmaram serem imensos os problemas ecum\u00eanicos que surgem do pentecostalismo, sobretudo porque o pentecostalismo \u201cest\u00e1 marcado, desde o in\u00edcio, por um forte anticatolicismo\u201d.<\/p>\n<p>Por outro lado, os bispos orientaram \u00e0 \u00e9poca, que, como resposta a esse comportamento dos pentecostais, os fi\u00e9is devem \u201cevitar campanhas de ataque; deixar-se interrogar por estes grupos, pois deve haver valores crist\u00e3os nessas vertentes laterais ou at\u00e9 contr\u00e1rias \u00e0 Igreja oficial de uma determinada \u00e9poca\u201d.<\/p>\n<p>\u201cPara n\u00f3s, cat\u00f3licos, penso, n\u00e3o dever\u00edamos falar apenas do que, a nosso ju\u00edzo, existe de falso nas comunidades pentecostais, mas tamb\u00e9m, e principalmente, nos perguntar sobre o que n\u00e3o funciona t\u00e3o bem em nossas Igrejas para que alguns de nossos pr\u00f3prios fi\u00e9is a abandonem\u201d, sugere padre Marcus. Outro questionamento \u00e9 como \u00e9 poss\u00edvel sempre mais e melhor interpelar e atrair as pessoas na evangeliza\u00e7\u00e3o: \u201cSer\u00e1 que do movimento pentecostal podemos aprender algumas coisas?\u201d, indaga.<\/p>\n<p>Encontro fraterno<\/p>\n<p style=\"text-align: justify;\">Uma experi\u00eancia concreta da Comiss\u00e3o para o Ecumenismo da CNBB no di\u00e1logo com as Igrejas pentecostais \u00e9 a realiza\u00e7\u00e3o do Encontro de Crist\u00e3os na busca da Unidade e Santidade (Encristus), evento que procura favorecer o encontro de evang\u00e9licos e cat\u00f3licos com um sentido espiritual, discipular, b\u00edblico e apost\u00f3lico.<\/p>\n<p>\u201cN\u00e3o se trata de uma \u2018comiss\u00e3o interconfessional\u2019, nem de uma inst\u00e2ncia representativa dos dirigentes das comunidades participantes. Trata-se, sobretudo, de um encontro de irm\u00e3os que se reconhecem chamados pelo Senhor Jesus Cristo a uma vida de santidade e unidade, conforme o Evangelho\u201d, destaca padre Marcus.<\/p>\n<p style=\"text-align: justify;\">\u00a0<\/p>\n<p style=\"text-align: justify;\">Fonte: CNBB<\/p>\n","protected":false},"excerpt":{"rendered":"<p>A Semana de Ora\u00e7\u00e3o pela Unidade Crist\u00e3 (SOUC), que ter\u00e1 in\u00edcio no domingo da Ascen\u00e7\u00e3o do Senhor, dia 28 de maio, \u00e9 um momento promovido para conclamar crist\u00e3os e crist\u00e3s, de todas as denomina\u00e7\u00f5es, \u00e0 unidade. Para al\u00e9m da ora\u00e7\u00e3o, a\u00e7\u00f5es em vista do di\u00e1logo e da busca pela unidade dos crist\u00e3os t\u00eam sido desenvolvidas [&hellip;]<\/p>\n","protected":false},"author":1,"featured_media":30105,"comment_status":"open","ping_status":"open","sticky":false,"template":"","format":"standard","meta":{"footnotes":""},"categories":[7],"tags":[],"class_list":["post-30106","post","type-post","status-publish","format-standard","has-post-thumbnail","hentry","category-cnbb"],"_links":{"self":[{"href":"https:\/\/catolicanet.net\/wp-cnet\/wp-json\/wp\/v2\/posts\/30106","targetHints":{"allow":["GET"]}}],"collection":[{"href":"https:\/\/catolicanet.net\/wp-cnet\/wp-json\/wp\/v2\/posts"}],"about":[{"href":"https:\/\/catolicanet.net\/wp-cnet\/wp-json\/wp\/v2\/types\/post"}],"author":[{"embeddable":true,"href":"https:\/\/catolicanet.net\/wp-cnet\/wp-json\/wp\/v2\/users\/1"}],"replies":[{"embeddable":true,"href":"https:\/\/catolicanet.net\/wp-cnet\/wp-json\/wp\/v2\/comments?post=30106"}],"version-history":[{"count":1,"href":"https:\/\/catolicanet.net\/wp-cnet\/wp-json\/wp\/v2\/posts\/30106\/revisions"}],"predecessor-version":[{"id":30664,"href":"https:\/\/catolicanet.net\/wp-cnet\/wp-json\/wp\/v2\/posts\/30106\/revisions\/30664"}],"wp:featuredmedia":[{"embeddable":true,"href":"https:\/\/catolicanet.net\/wp-cnet\/wp-json\/wp\/v2\/media\/30105"}],"wp:attachment":[{"href":"https:\/\/catolicanet.net\/wp-cnet\/wp-json\/wp\/v2\/media?parent=30106"}],"wp:term":[{"taxonomy":"category","embeddable":true,"href":"https:\/\/catolicanet.net\/wp-cnet\/wp-json\/wp\/v2\/categories?post=30106"},{"taxonomy":"post_tag","embeddable":true,"href":"https:\/\/catolicanet.net\/wp-cnet\/wp-json\/wp\/v2\/tags?post=30106"}],"curies":[{"name":"wp","href":"https:\/\/api.w.org\/{rel}","templated":true}]}}