{"id":30071,"date":"2017-05-18T19:50:12","date_gmt":"2017-05-18T22:50:12","guid":{"rendered":"http:\/\/catolicanet.net\/wp-cnet\/2017\/05\/18\/qcaminho-da-sagrada-familiaq-sera-qpatrimonio-da-humanidadeq\/"},"modified":"2017-06-08T10:23:15","modified_gmt":"2017-06-08T13:23:15","slug":"qcaminho-da-sagrada-familiaq-sera-qpatrimonio-da-humanidadeq","status":"publish","type":"post","link":"https:\/\/catolicanet.net\/wp-cnet\/qcaminho-da-sagrada-familiaq-sera-qpatrimonio-da-humanidadeq\/","title":{"rendered":"&#8220;Caminho da Sagrada Fam\u00edlia&#8221; ser\u00e1 &#8220;patrim\u00f4nio da humanidade&#8221;"},"content":{"rendered":"<p style=\"text-align: justify;\"><img decoding=\"async\" src=\"http:\/\/www.catolicanet.com.br\/images\/stories\/noticias2017\/rv48_articolo.jpg\" border=\"0\" align=\"left\" \/>Cairo (RV) &#8211; A Unesco (Organiza\u00e7\u00e3o das Na\u00e7\u00f5es Unidas para Educa\u00e7\u00e3o, Ci\u00eancia e Cultura) prepara-se para reconhecer o \u201cCaminho da Sagrada Fam\u00edlia\u201d patrim\u00f4nio da humanidade. Trata-se, segundo tradi\u00e7\u00f5es milenares, do itiner\u00e1rio que une os lugares por onde Maria, Jos\u00e9 e o Menino Jesus passaram na fuga para o Egito fugindo da viol\u00eancia de Herodes.<\/p>\n<p>Reconhecimento da Unesco poder\u00e1 favorecer peregrina\u00e7\u00e3o<\/p>\n<p>A not\u00edcia foi dada pelo diretor das rela\u00e7\u00f5es internacionais da Autoridade para a promo\u00e7\u00e3o do turismo eg\u00edpcio, Adel al Gindy. Segundo a ag\u00eancia mission\u00e1ria Fides, h\u00e1 tempo os respons\u00e1veis das pol\u00edticas eg\u00edpcias para o turismo t\u00eam insistido no \u201cCaminho da Sagrada Fam\u00edlia\u201d como itiner\u00e1rio a ser proposto \u00e0s ag\u00eancias especializadas na organiza\u00e7\u00e3o de peregrina\u00e7\u00f5es crist\u00e3s. Eles consideram que o reconhecimento da Unesco poder\u00e1 favorecer o aumento dos fluxos de peregrinos.<\/p>\n<p>A recente visita do Papa Francisco ao Egito (28\/29 de abril) foi vista pelos respons\u00e1veis pol\u00edticos do turismo eg\u00edpcio como uma ocasi\u00e3o para repropor o grande pa\u00eds do nordeste da \u00c1frica entre as poss\u00edveis metas de peregrina\u00e7\u00e3o para os crist\u00e3os do mundo inteiro, nas pegadas da Sagrada Fam\u00edlia.<\/p>\n<p>Hospitalidade dada pelo Egito \u00e0 Sagrada Fam\u00edlia<\/p>\n<p>Nos discursos pronunciados durante a visita o Papa Francisco fez v\u00e1rias refer\u00eancias ao acolhimento dado pelo Egito ao Menino Jesus, Jos\u00e9 e Maria, obrigados ao ex\u00edlio.<\/p>\n<p>Antes da visita papal, um dos membros da Comiss\u00e3o ministerial constitu\u00edda para relan\u00e7ar o Caminho da Sagrada Fam\u00edlia, Nader Guirguis, fizera refer\u00eancia tamb\u00e9m a hip\u00f3teses hist\u00f3ricas baseadas na narra\u00e7\u00e3o dos Evangelhos, segundo as quais a perman\u00eancia da Sagrada Fam\u00edlia no Egito pode ter durado alguns anos.<\/p>\n<p>Apresentada no Vaticano programa \u201cA viagem da Sagrada Fam\u00edlia\u201d<\/p>\n<p>No dia 9 de maio, \u00e0 dist\u00e2ncia de menos de duas semanas da visita do Papa, o ministro do Turismo eg\u00edpcio Yahiya Rashid esteve no Vaticano para apresentar o programa \u201cA viagem da Sagrada Fam\u00edlia\u201d. A esse respeito, a m\u00eddia eg\u00edpcia afirma a realiza\u00e7\u00e3o de contatos entre entidades do turismo eg\u00edpcio e a Obra romana peregrina\u00e7\u00f5es.<\/p>\n<p>Atividade institucional do Vicariato de Roma, a Obra romana peregrina\u00e7\u00f5es organiza e promove \u2013 desde 1933 \u2013 peregrina\u00e7\u00f5es e itiner\u00e1rios religiosos-culturais em Roma e no mundo inteiro.<\/p>\n<p style=\"text-align: justify;\">\u00a0<\/p>\n<p style=\"text-align: justify;\">Fonte: R\u00e1dio Vaticano<\/p>\n","protected":false},"excerpt":{"rendered":"<p>Cairo (RV) &#8211; A Unesco (Organiza\u00e7\u00e3o das Na\u00e7\u00f5es Unidas para Educa\u00e7\u00e3o, Ci\u00eancia e Cultura) prepara-se para reconhecer o \u201cCaminho da Sagrada Fam\u00edlia\u201d patrim\u00f4nio da humanidade. Trata-se, segundo tradi\u00e7\u00f5es milenares, do itiner\u00e1rio que une os lugares por onde Maria, Jos\u00e9 e o Menino Jesus passaram na fuga para o Egito fugindo da viol\u00eancia de Herodes. Reconhecimento [&hellip;]<\/p>\n","protected":false},"author":1,"featured_media":30070,"comment_status":"open","ping_status":"open","sticky":false,"template":"","format":"standard","meta":{"footnotes":""},"categories":[3],"tags":[],"class_list":["post-30071","post","type-post","status-publish","format-standard","has-post-thumbnail","hentry","category-vaticano"],"_links":{"self":[{"href":"https:\/\/catolicanet.net\/wp-cnet\/wp-json\/wp\/v2\/posts\/30071","targetHints":{"allow":["GET"]}}],"collection":[{"href":"https:\/\/catolicanet.net\/wp-cnet\/wp-json\/wp\/v2\/posts"}],"about":[{"href":"https:\/\/catolicanet.net\/wp-cnet\/wp-json\/wp\/v2\/types\/post"}],"author":[{"embeddable":true,"href":"https:\/\/catolicanet.net\/wp-cnet\/wp-json\/wp\/v2\/users\/1"}],"replies":[{"embeddable":true,"href":"https:\/\/catolicanet.net\/wp-cnet\/wp-json\/wp\/v2\/comments?post=30071"}],"version-history":[{"count":1,"href":"https:\/\/catolicanet.net\/wp-cnet\/wp-json\/wp\/v2\/posts\/30071\/revisions"}],"predecessor-version":[{"id":30683,"href":"https:\/\/catolicanet.net\/wp-cnet\/wp-json\/wp\/v2\/posts\/30071\/revisions\/30683"}],"wp:featuredmedia":[{"embeddable":true,"href":"https:\/\/catolicanet.net\/wp-cnet\/wp-json\/wp\/v2\/media\/30070"}],"wp:attachment":[{"href":"https:\/\/catolicanet.net\/wp-cnet\/wp-json\/wp\/v2\/media?parent=30071"}],"wp:term":[{"taxonomy":"category","embeddable":true,"href":"https:\/\/catolicanet.net\/wp-cnet\/wp-json\/wp\/v2\/categories?post=30071"},{"taxonomy":"post_tag","embeddable":true,"href":"https:\/\/catolicanet.net\/wp-cnet\/wp-json\/wp\/v2\/tags?post=30071"}],"curies":[{"name":"wp","href":"https:\/\/api.w.org\/{rel}","templated":true}]}}