{"id":3006,"date":"2013-10-03T14:25:19","date_gmt":"2013-10-03T17:25:19","guid":{"rendered":"http:\/\/catolicanet.net\/wp-cnet\/santo-egidio-em-antuerpia-o-proximo-encontro-inter-religioso-pela-paz\/"},"modified":"2017-03-22T15:01:41","modified_gmt":"2017-03-22T18:01:41","slug":"santo-egidio-em-antuerpia-o-proximo-encontro-inter-religioso-pela-paz","status":"publish","type":"post","link":"https:\/\/catolicanet.net\/wp-cnet\/santo-egidio-em-antuerpia-o-proximo-encontro-inter-religioso-pela-paz\/","title":{"rendered":"Santo Eg\u00eddio: Em Antu\u00e9rpia, o pr\u00f3ximo encontro inter-religioso pela paz"},"content":{"rendered":"<p style=\"text-align: justify;\"><span style=\"line-height: 1.3em;\"><img decoding=\"async\" src=\"http:\/\/catolicanet.com.br\/images\/stories\/roma2013.jpg\" border=\"0\" align=\"left\" \/>\u00c9 este o tempo oportuno para uma revolta da esperan\u00e7a, come\u00e7ando pelas religi\u00f5es. \u00c9 quanto indicaram no seu Apelo pela paz os l\u00edderes religiosos reunidos no in\u00edcio da semana em roma para o XXVII Encontro para a paz, organizado pela Comunidade de Santo Eg\u00eddio e que neste ano teve como tema \u201cA coragem da esperan\u00e7a\u201d. Na \u00faltima ter\u00e7a-feira \u00e0 noite ap\u00f3s v\u00e1rios momentos de reflex\u00e3o que atravessaram muitos temas atuais, durante uma cerim\u00f4nia na Pra\u00e7a do Campid\u00f3lio, os l\u00edderes das v\u00e1rias confiss\u00f5es assinaram o Apelo, comprometidos a promover o di\u00e1logo entre os crentes.<\/span><\/p>\n<p style=\"text-align: justify;\"><span style=\"line-height: 1.3em;\">Entretanto, ser\u00e1 a cidade de Antu\u00e9rpia, no norte da B\u00e9lgica, a receber em setembro de 2014 o pr\u00f3ximo Encontro internacional pela Paz, organizado no Esp\u00edrito de Assis pela Comunidade de Santo Eg\u00eddio. O an\u00fancio foi feito pelo fundador da Comunidade, Andrea Riccardi, lembrando que em 2014 recorda-se o centen\u00e1rio do in\u00edcio da Primeira Guerra Mundial que come\u00e7ou em 04 de agosto de 1914 com a invas\u00e3o da B\u00e9lgica. <\/span><\/p>\n<p style=\"text-align: justify;\"><span style=\"line-height: 1.3em;\">\u201cEscolhemos a B\u00e9lgica \u2013 afirmou Riccardi \u2013 porque n\u00e3o se pode esquecer\u201d. \u201cEm 4 anos \u2013 acrescentou \u2013 morreram naquele pa\u00eds centenas de milhares de soldados, n\u00e3o s\u00f3 europeus, mas todas as partes do mundo. Ali foram utilizadas pela primeira vez em grande escala as armas qu\u00edmicas, nas proximidades da cidade de Ypres, assim que foi chamado de g\u00e1s Iprite\u201d.<\/span><\/p>\n<p style=\"text-align: justify;\"><span style=\"line-height: 1.3em;\">Antu\u00e9rpia, ainda, \u00e9 um dos portos mais importantes do mundo, uma encruzilhada de humanidade que se caracteriza por uma presen\u00e7a significativa das tr\u00eas religi\u00f5es monote\u00edstas (juda\u00edsmo, cristianismo e islamismo). \u201cSer\u00e1 tamb\u00e9m \u2013 acrescentou o hist\u00f3rico fundador de Santo Eg\u00eddio \u2013 um jeito de responsabilizar a Europa\u201d. O encontro ser\u00e1 organizado pela Comunidade de Santo Eg\u00eddio em colabora\u00e7\u00e3o com a Diocese de Antu\u00e9rpia e com as autoridades da cidade belga.<\/span><\/p>\n<p style=\"text-align: justify;\">\u00a0<\/p>\n<p style=\"text-align: justify;\">Fonte: R\u00e1dio Vaticano<\/p>\n","protected":false},"excerpt":{"rendered":"<p>\u00c9 este o tempo oportuno para uma revolta da esperan\u00e7a, come\u00e7ando pelas religi\u00f5es. \u00c9 quanto indicaram no seu Apelo pela paz os l\u00edderes religiosos reunidos no in\u00edcio da semana em roma para o XXVII Encontro para a paz, organizado pela Comunidade de Santo Eg\u00eddio e que neste ano teve como tema \u201cA coragem da esperan\u00e7a\u201d. [&hellip;]<\/p>\n","protected":false},"author":1,"featured_media":0,"comment_status":"closed","ping_status":"closed","sticky":false,"template":"","format":"standard","meta":{"footnotes":""},"categories":[4],"tags":[],"class_list":["post-3006","post","type-post","status-publish","format-standard","hentry","category-cotidiano"],"_links":{"self":[{"href":"https:\/\/catolicanet.net\/wp-cnet\/wp-json\/wp\/v2\/posts\/3006","targetHints":{"allow":["GET"]}}],"collection":[{"href":"https:\/\/catolicanet.net\/wp-cnet\/wp-json\/wp\/v2\/posts"}],"about":[{"href":"https:\/\/catolicanet.net\/wp-cnet\/wp-json\/wp\/v2\/types\/post"}],"author":[{"embeddable":true,"href":"https:\/\/catolicanet.net\/wp-cnet\/wp-json\/wp\/v2\/users\/1"}],"replies":[{"embeddable":true,"href":"https:\/\/catolicanet.net\/wp-cnet\/wp-json\/wp\/v2\/comments?post=3006"}],"version-history":[{"count":1,"href":"https:\/\/catolicanet.net\/wp-cnet\/wp-json\/wp\/v2\/posts\/3006\/revisions"}],"predecessor-version":[{"id":7355,"href":"https:\/\/catolicanet.net\/wp-cnet\/wp-json\/wp\/v2\/posts\/3006\/revisions\/7355"}],"wp:attachment":[{"href":"https:\/\/catolicanet.net\/wp-cnet\/wp-json\/wp\/v2\/media?parent=3006"}],"wp:term":[{"taxonomy":"category","embeddable":true,"href":"https:\/\/catolicanet.net\/wp-cnet\/wp-json\/wp\/v2\/categories?post=3006"},{"taxonomy":"post_tag","embeddable":true,"href":"https:\/\/catolicanet.net\/wp-cnet\/wp-json\/wp\/v2\/tags?post=3006"}],"curies":[{"name":"wp","href":"https:\/\/api.w.org\/{rel}","templated":true}]}}