{"id":30034,"date":"2017-05-17T12:01:08","date_gmt":"2017-05-17T15:01:08","guid":{"rendered":"http:\/\/catolicanet.net\/wp-cnet\/2017\/05\/17\/repam-fez-uma-opcao-pelos-pobres-afirma-dom-claudio-hummes\/"},"modified":"2017-06-08T10:48:37","modified_gmt":"2017-06-08T13:48:37","slug":"repam-fez-uma-opcao-pelos-pobres-afirma-dom-claudio-hummes","status":"publish","type":"post","link":"https:\/\/catolicanet.net\/wp-cnet\/repam-fez-uma-opcao-pelos-pobres-afirma-dom-claudio-hummes\/","title":{"rendered":"\u201cRepam fez uma op\u00e7\u00e3o pelos pobres\u201d, afirma dom Claudio Hummes"},"content":{"rendered":"<p style=\"text-align: justify;\"><img decoding=\"async\" src=\"http:\/\/www.catolicanet.com.br\/images\/stories\/noticias2017\/hummes-1200x762_c.jpg\" border=\"0\" align=\"left\" \/>A Comiss\u00e3o Episcopal para a Amaz\u00f4nia da Confer\u00eancia Nacional dos Bispos do Brasil (CNBB) e a Rede Eclesial Pan-Amaz\u00f4nica (Repam) \u2013 provocadas e iluminadas pela Enc\u00edclica Laudato S\u00ed do papa Francisco \u2013, v\u00eam promovendo Semin\u00e1rios sobre a Enc\u00edclica nos regionais da CNBB, na Amaz\u00f4nia Legal.<\/p>\n<p>Em 2016 ocorreram seis Semin\u00e1rios. Para 2017 est\u00e3o previstos dez. Os pr\u00f3ximos ocorrer\u00e3o em Castanhal (PA), de 19 a 21 de maio; Santar\u00e9m (PA), de 22 a 24 de maio e Altamira (PA), de 26 a 28 de maio.<\/p>\n<p>A proposta \u00e9 identificar e fortalecer inciativas socioambientais da Igreja e da sociedade na Amaz\u00f4nia, possibilitando o interc\u00e2mbio de saberes e a\u00e7\u00f5es caracterizando o trabalho em rede, e assim responder ao desafio de proteger a Casa Comum na busca de um desenvolvimento sustent\u00e1vel e integral.<\/p>\n<p>Confira, abaixo, o v\u00eddeo que conta com a participa\u00e7\u00e3o de lideran\u00e7as comunit\u00e1rias e pesquisadores, a respeito do projeto.<\/p>\n<p style=\"text-align: justify;\">\u00a0<\/p>\n<p style=\"text-align: justify;\"><a href=\"https:\/\/www.youtube.com\/watch?v=GQ06Xpc_sJQ\">Clique aqui para assistir o v\u00eddeo:<\/a><\/p>\n<p style=\"text-align: justify;\">\u00a0<\/p>\n<p style=\"text-align: justify;\">Fonte: CNBB<\/p>\n","protected":false},"excerpt":{"rendered":"<p>A Comiss\u00e3o Episcopal para a Amaz\u00f4nia da Confer\u00eancia Nacional dos Bispos do Brasil (CNBB) e a Rede Eclesial Pan-Amaz\u00f4nica (Repam) \u2013 provocadas e iluminadas pela Enc\u00edclica Laudato S\u00ed do papa Francisco \u2013, v\u00eam promovendo Semin\u00e1rios sobre a Enc\u00edclica nos regionais da CNBB, na Amaz\u00f4nia Legal. Em 2016 ocorreram seis Semin\u00e1rios. Para 2017 est\u00e3o previstos dez. [&hellip;]<\/p>\n","protected":false},"author":1,"featured_media":30033,"comment_status":"open","ping_status":"open","sticky":false,"template":"","format":"standard","meta":{"footnotes":""},"categories":[7],"tags":[],"class_list":["post-30034","post","type-post","status-publish","format-standard","has-post-thumbnail","hentry","category-cnbb"],"_links":{"self":[{"href":"https:\/\/catolicanet.net\/wp-cnet\/wp-json\/wp\/v2\/posts\/30034","targetHints":{"allow":["GET"]}}],"collection":[{"href":"https:\/\/catolicanet.net\/wp-cnet\/wp-json\/wp\/v2\/posts"}],"about":[{"href":"https:\/\/catolicanet.net\/wp-cnet\/wp-json\/wp\/v2\/types\/post"}],"author":[{"embeddable":true,"href":"https:\/\/catolicanet.net\/wp-cnet\/wp-json\/wp\/v2\/users\/1"}],"replies":[{"embeddable":true,"href":"https:\/\/catolicanet.net\/wp-cnet\/wp-json\/wp\/v2\/comments?post=30034"}],"version-history":[{"count":1,"href":"https:\/\/catolicanet.net\/wp-cnet\/wp-json\/wp\/v2\/posts\/30034\/revisions"}],"predecessor-version":[{"id":30704,"href":"https:\/\/catolicanet.net\/wp-cnet\/wp-json\/wp\/v2\/posts\/30034\/revisions\/30704"}],"wp:featuredmedia":[{"embeddable":true,"href":"https:\/\/catolicanet.net\/wp-cnet\/wp-json\/wp\/v2\/media\/30033"}],"wp:attachment":[{"href":"https:\/\/catolicanet.net\/wp-cnet\/wp-json\/wp\/v2\/media?parent=30034"}],"wp:term":[{"taxonomy":"category","embeddable":true,"href":"https:\/\/catolicanet.net\/wp-cnet\/wp-json\/wp\/v2\/categories?post=30034"},{"taxonomy":"post_tag","embeddable":true,"href":"https:\/\/catolicanet.net\/wp-cnet\/wp-json\/wp\/v2\/tags?post=30034"}],"curies":[{"name":"wp","href":"https:\/\/api.w.org\/{rel}","templated":true}]}}