{"id":30032,"date":"2017-05-17T11:37:21","date_gmt":"2017-05-17T14:37:21","guid":{"rendered":"http:\/\/catolicanet.net\/wp-cnet\/2017\/05\/17\/projeto-vida-de-mae-apoia-o-desenvolvimento-de-filhos-de-colaboradores-da-cnbb-nacional\/"},"modified":"2017-06-08T10:49:32","modified_gmt":"2017-06-08T13:49:32","slug":"projeto-vida-de-mae-apoia-o-desenvolvimento-de-filhos-de-colaboradores-da-cnbb-nacional","status":"publish","type":"post","link":"https:\/\/catolicanet.net\/wp-cnet\/projeto-vida-de-mae-apoia-o-desenvolvimento-de-filhos-de-colaboradores-da-cnbb-nacional\/","title":{"rendered":"Projeto Vida de M\u00e3e apoia o desenvolvimento de filhos de colaboradores da CNBB Nacional"},"content":{"rendered":"<p style=\"text-align: center;\"><img decoding=\"async\" src=\"http:\/\/www.catolicanet.com.br\/images\/stories\/noticias2017\/fachadaescola-1200x762_c.jpg\" border=\"0\" \/><\/p>\n<p style=\"text-align: justify;\"><img decoding=\"async\" src=\"http:\/\/www.catolicanet.com.br\/images\/stories\/noticias2017\/eu-e-arthur.jpg\" border=\"0\" align=\"left\" \/>\u201cSe o meu filho est\u00e1 bem, eu tamb\u00e9m me sinto bem\u201d, dessa forma a colaboradora da Confer\u00eancia Nacional dos Bispos do Brasil (CNBB), D\u00e9bora de S\u00e1 (ao lado na foto), define seu sentimento em rela\u00e7\u00e3o ao Projeto Vida de M\u00e3e, que permite que seu filho Arthur Martins, com 8 anos, estude mais perto do seu trabalho na Escola Franciscana F\u00e1tima. \u201cAntes do projeto, eu sempre pagava algu\u00e9m para cuidar dele. Eu moro a 70 kil\u00f4metros da CNBB, em Planaltina de Goi\u00e1s. Com meu filho estudando numa escola boa, mais pr\u00f3ximo a mim, fico mais tranquila se acontecer alguma coisa\u201d, disse.<\/p>\n<p>Outro aspecto que a m\u00e3e destaca \u00e9 o desempenho do filho. \u201cN\u00e3o tem nem compara\u00e7\u00e3o. O rendimento do meu filho melhorou muito. No col\u00e9gio \u00e9 oferecido, no per\u00edodo da tarde, nivela\u00e7\u00e3o e refor\u00e7o\u201d, disse. \u201cMais que um presente \u00e9 uma ben\u00e7\u00e3o; muitos colaboradores moram longe; s\u00f3 de vir trabalhar e saber que seu filho est\u00e1 mais pr\u00f3ximo e bem cuidado, \u00e9 uma ben\u00e7\u00e3o\u201d, fala de forma grata a colaborada.<\/p>\n<p>Origem e beneficiados<\/p>\n<p style=\"text-align: justify;\">Para coordenar a a\u00e7\u00e3o e levar o projeto adiante, foi montada uma Comiss\u00e3o na CNBB, composta de colaboradores m\u00e3es e pais. Desde ent\u00e3o, o Projeto Vida de M\u00e3e estabeleceu uma parceria com a escola Cat\u00f3lica Franciscana F\u00e1tima, onde os filhos de colaboradoras e colaboradores estudam em tempo integral. Atualmente o projeto atende a 20 crian\u00e7as em per\u00edodo integral, filhos de 17 colaboradores da CNBB, sendo 10 m\u00e3es e 7 pais.<\/p>\n<p>Segundo a coordenadora da Comiss\u00e3o do Projeto na CNBB, Elis Costa Vellozo, colaboradora da entidade, o projeto come\u00e7ou com a necessidade de as m\u00e3es terem os filhos mais pr\u00f3ximos. \u201cMuitas m\u00e3es moram distantes do trabalho e n\u00e3o tinham com quem deixar seus filhos. A gente come\u00e7ou a pensar num projeto e conseguiu o benef\u00edcio de as crian\u00e7as estarem estudando mais pr\u00f3ximas das m\u00e3es\u201d, disse.<\/p>\n<p>A assistente social da CNBB, Karoline Duarte, lembra que a a\u00e7\u00e3o \u00e9 fruto do projeto social da CNBB, Correndo Atr\u00e1s de um Sonho, que surgiu em 2014. \u201cA partir disto, come\u00e7amos a preocupar com a\u00e7\u00f5es sociais que poderiam ser feitas tamb\u00e9m internamente\u201d, disse. \u201cA partir da constata\u00e7\u00e3o desta realidade social vivida pelos colaboradores, resolvemos atuar com um projeto social elaborado especialmente para as m\u00e3es da CNBB\u201d, relatou.<\/p>\n<p>Rosberg Flores, do setor de Inform\u00e1tica da CNBB, \u00e9 um dos pais contemplados com o projeto. Ele e sua esposa t\u00eam uma filha de 2 anos e n\u00e3o t\u00eam condi\u00e7\u00f5es de pagar algu\u00e9m para cuidar da crian\u00e7a. \u201cQuem ganha mais s\u00e3o nossos filhos. Como pais, a gente sempre pensa no melhor e quer que os filhos sejam melhores que fomos\u201d, disse.<\/p>\n<p style=\"text-align: justify;\">\u00a0<\/p>\n<p style=\"text-align: justify;\">Fonte: CNBB<\/p>\n","protected":false},"excerpt":{"rendered":"<p>\u201cSe o meu filho est\u00e1 bem, eu tamb\u00e9m me sinto bem\u201d, dessa forma a colaboradora da Confer\u00eancia Nacional dos Bispos do Brasil (CNBB), D\u00e9bora de S\u00e1 (ao lado na foto), define seu sentimento em rela\u00e7\u00e3o ao Projeto Vida de M\u00e3e, que permite que seu filho Arthur Martins, com 8 anos, estude mais perto do seu [&hellip;]<\/p>\n","protected":false},"author":1,"featured_media":30031,"comment_status":"open","ping_status":"open","sticky":false,"template":"","format":"standard","meta":{"footnotes":""},"categories":[7],"tags":[],"class_list":["post-30032","post","type-post","status-publish","format-standard","has-post-thumbnail","hentry","category-cnbb"],"_links":{"self":[{"href":"https:\/\/catolicanet.net\/wp-cnet\/wp-json\/wp\/v2\/posts\/30032","targetHints":{"allow":["GET"]}}],"collection":[{"href":"https:\/\/catolicanet.net\/wp-cnet\/wp-json\/wp\/v2\/posts"}],"about":[{"href":"https:\/\/catolicanet.net\/wp-cnet\/wp-json\/wp\/v2\/types\/post"}],"author":[{"embeddable":true,"href":"https:\/\/catolicanet.net\/wp-cnet\/wp-json\/wp\/v2\/users\/1"}],"replies":[{"embeddable":true,"href":"https:\/\/catolicanet.net\/wp-cnet\/wp-json\/wp\/v2\/comments?post=30032"}],"version-history":[{"count":1,"href":"https:\/\/catolicanet.net\/wp-cnet\/wp-json\/wp\/v2\/posts\/30032\/revisions"}],"predecessor-version":[{"id":30705,"href":"https:\/\/catolicanet.net\/wp-cnet\/wp-json\/wp\/v2\/posts\/30032\/revisions\/30705"}],"wp:featuredmedia":[{"embeddable":true,"href":"https:\/\/catolicanet.net\/wp-cnet\/wp-json\/wp\/v2\/media\/30031"}],"wp:attachment":[{"href":"https:\/\/catolicanet.net\/wp-cnet\/wp-json\/wp\/v2\/media?parent=30032"}],"wp:term":[{"taxonomy":"category","embeddable":true,"href":"https:\/\/catolicanet.net\/wp-cnet\/wp-json\/wp\/v2\/categories?post=30032"},{"taxonomy":"post_tag","embeddable":true,"href":"https:\/\/catolicanet.net\/wp-cnet\/wp-json\/wp\/v2\/tags?post=30032"}],"curies":[{"name":"wp","href":"https:\/\/api.w.org\/{rel}","templated":true}]}}