{"id":30030,"date":"2017-05-17T11:20:34","date_gmt":"2017-05-17T14:20:34","guid":{"rendered":"http:\/\/catolicanet.net\/wp-cnet\/2017\/05\/17\/violencia-e-abuso-sexual-de-criancas-e-adolescentes-contam-com-omissao-da-propria-familia\/"},"modified":"2017-06-08T10:50:20","modified_gmt":"2017-06-08T13:50:20","slug":"violencia-e-abuso-sexual-de-criancas-e-adolescentes-contam-com-omissao-da-propria-familia","status":"publish","type":"post","link":"https:\/\/catolicanet.net\/wp-cnet\/violencia-e-abuso-sexual-de-criancas-e-adolescentes-contam-com-omissao-da-propria-familia\/","title":{"rendered":"Viol\u00eancia e abuso sexual de crian\u00e7as e adolescentes contam com omiss\u00e3o da pr\u00f3pria fam\u00edlia"},"content":{"rendered":"<p style=\"text-align: justify;\"><img decoding=\"async\" src=\"http:\/\/www.catolicanet.com.br\/images\/stories\/noticias2017\/crianas-1200x762_c.jpg\" border=\"0\" align=\"left\" \/>Cerca de 76.171 crian\u00e7as e adolescentes podem ter sofrido algum tipo de viol\u00eancia f\u00edsica, psicol\u00f3gica ou neglig\u00eancia em 2016. Os n\u00fameros s\u00e3o relativos \u00e0s den\u00fancias feitas ao Disque-Den\u00fancia, Disque 100, da Secretaria Nacional de Direitos Humanos, do Minist\u00e9rio da Justi\u00e7a e Cidadania do Governo Federal.<\/p>\n<p>Embora esse n\u00famero represente uma queda de 4,23% em rela\u00e7\u00e3o aos dados de 2015, quando foram registradas pelo Disque 100 um total de 80.473 den\u00fancias, n\u00e3o h\u00e1 muito o que comemorar nesse dia 18 de maio, Dia Nacional de Combate ao Abuso e \u00e0 Explora\u00e7\u00e3o Sexual de Crian\u00e7as e Adolescentes.<\/p>\n<p>Segundo a representante da Pastoral do Menor Nacional, M\u00e1rcia Maria de Souza Miranda, de Tef\u00e9 (AM) e tamb\u00e9m membro da Comiss\u00e3o Especial para o Enfrentamento do Tr\u00e1fico Humano da CNBB, nomeada em mar\u00e7o de 2017, \u00e9 vis\u00edvel o aumento da explora\u00e7\u00e3o de crian\u00e7as e adolescentes. \u201cTemos que lamentar a omiss\u00e3o da fam\u00edlia. A maioria dos casos acontece dentro das pr\u00f3prias fam\u00edlias e s\u00e3o silenciadas\u201d, disse.<\/p>\n<p>Para a representante da Pastoral do Menor, \u00e9 necess\u00e1rio mais esclarecimento. \u201cAs pastorais da Igreja, as escolas e os agentes de sa\u00fade podem desempenhar um papel importante no combate \u00e0 viol\u00eancia e explora\u00e7\u00e3o de crian\u00e7as e adolescentes, atuando na preven\u00e7\u00e3o e den\u00fancia\u201d, disse. Esta situa\u00e7\u00e3o, disse, \u00e9 muito agravada na regi\u00e3o Norte do pa\u00eds, onde os casos de viol\u00eancia s\u00e3o at\u00e9 naturalizados.<\/p>\n<p>No Brasil, segundo dados do Instituto Brasileiro de Geografia e Estat\u00edstica (IBGE) de 2010, existem 3 milh\u00f5es de crian\u00e7as e adolescentes. 46% deles vivem em domic\u00edlios com renda per capta at\u00e9 meio sal\u00e1rio m\u00ednimo. Esse fator de vulnerabilidade incide diretamente sobre o problema, aumentando os dados de viola\u00e7\u00e3o de direitos. Conforme a ONG, Childhood Brasil, dentre os principais fatores de viol\u00eancia contra crian\u00e7as est\u00e3o fatores como a pobreza, exclus\u00e3o, desigualdade social, quest\u00f5es ligadas \u00e0 ra\u00e7a, g\u00eanero e etnia.<\/p>\n<p>Cerca de 28.525 das den\u00fancias dizem respeito \u00e0 viol\u00eancia sexual. S\u00e3o Paulo \u00e9 o estado que registra mais den\u00fancias, com 1.024 liga\u00e7\u00f5es, 12,61% dos casos. Roraima \u00e9 o estado que tem menos den\u00fancias para o Disque 100, com 96 liga\u00e7\u00f5es.<\/p>\n<p>As den\u00fancias apontam que as meninas, cerca de 44,34%, s\u00e3o as maiores v\u00edtimas contra 39,22% de meninos. 16,44% das liga\u00e7\u00f5es n\u00e3o identificaram o sexo das v\u00edtimas. Quanto \u00e0 quest\u00e3o da idade, 21.192, 17,61%, das den\u00fancias s\u00e3o de caso entre 0 a 3 anos; 25.492, 21,19%, entre 4 e 7 anos; e 24.647, 20,49%, s\u00e3o de crian\u00e7as entre 8 a 11 anos.<\/p>\n<p>Como denunciar?<\/p>\n<p style=\"text-align: justify;\">Para denunciar qualquer caso de viol\u00eancia sexual infantil, \u00e9 necess\u00e1rio procurar o Conselho Tutelar, delegacias especializadas, autoridades policiais ou ligar para o Disque-Den\u00fancia Nacional, o Disque 100, vinculado \u00e0 Ouvidoria Nacional de Direitos Humanos.<\/p>\n<p>O servi\u00e7o funciona de segunda \u00e0 s\u00e1bado, das 7h \u00e0s 23h30, e t\u00eam parceria com Delegacia da Crian\u00e7a e Adolescente V\u00edtima (DCAV), Delegacia de Prote\u00e7\u00e3o \u00e0 Crian\u00e7a e Adolescente (DPCA) e conselhos tutelares, enviando as den\u00fancias e solicitando provid\u00eancias.<\/p>\n<p>A Data<\/p>\n<p style=\"text-align: justify;\">No dia 18 de maio de 1973, uma menina de 8 anos foi sequestrada, violentada e cruelmente assassinada no Esp\u00edrito Santo. Seu corpo apareceu seis dias depois carbonizado. Os agressores, jovens de classe m\u00e9dia alta, nunca foram punidos. A data ficou institu\u00edda como o Dia Nacional de Combate ao Abuso e \u00e0 Explora\u00e7\u00e3o Sexual de Crian\u00e7as e Adolescentes, a partir da aprova\u00e7\u00e3o da Lei Federal 9.970\/2000.<\/p>\n<p style=\"text-align: justify;\">\u00a0<\/p>\n<p style=\"text-align: justify;\">Fonte: CNBB<\/p>\n","protected":false},"excerpt":{"rendered":"<p>Cerca de 76.171 crian\u00e7as e adolescentes podem ter sofrido algum tipo de viol\u00eancia f\u00edsica, psicol\u00f3gica ou neglig\u00eancia em 2016. Os n\u00fameros s\u00e3o relativos \u00e0s den\u00fancias feitas ao Disque-Den\u00fancia, Disque 100, da Secretaria Nacional de Direitos Humanos, do Minist\u00e9rio da Justi\u00e7a e Cidadania do Governo Federal. Embora esse n\u00famero represente uma queda de 4,23% em rela\u00e7\u00e3o [&hellip;]<\/p>\n","protected":false},"author":1,"featured_media":30029,"comment_status":"open","ping_status":"open","sticky":false,"template":"","format":"standard","meta":{"footnotes":""},"categories":[7],"tags":[],"class_list":["post-30030","post","type-post","status-publish","format-standard","has-post-thumbnail","hentry","category-cnbb"],"_links":{"self":[{"href":"https:\/\/catolicanet.net\/wp-cnet\/wp-json\/wp\/v2\/posts\/30030","targetHints":{"allow":["GET"]}}],"collection":[{"href":"https:\/\/catolicanet.net\/wp-cnet\/wp-json\/wp\/v2\/posts"}],"about":[{"href":"https:\/\/catolicanet.net\/wp-cnet\/wp-json\/wp\/v2\/types\/post"}],"author":[{"embeddable":true,"href":"https:\/\/catolicanet.net\/wp-cnet\/wp-json\/wp\/v2\/users\/1"}],"replies":[{"embeddable":true,"href":"https:\/\/catolicanet.net\/wp-cnet\/wp-json\/wp\/v2\/comments?post=30030"}],"version-history":[{"count":1,"href":"https:\/\/catolicanet.net\/wp-cnet\/wp-json\/wp\/v2\/posts\/30030\/revisions"}],"predecessor-version":[{"id":30706,"href":"https:\/\/catolicanet.net\/wp-cnet\/wp-json\/wp\/v2\/posts\/30030\/revisions\/30706"}],"wp:featuredmedia":[{"embeddable":true,"href":"https:\/\/catolicanet.net\/wp-cnet\/wp-json\/wp\/v2\/media\/30029"}],"wp:attachment":[{"href":"https:\/\/catolicanet.net\/wp-cnet\/wp-json\/wp\/v2\/media?parent=30030"}],"wp:term":[{"taxonomy":"category","embeddable":true,"href":"https:\/\/catolicanet.net\/wp-cnet\/wp-json\/wp\/v2\/categories?post=30030"},{"taxonomy":"post_tag","embeddable":true,"href":"https:\/\/catolicanet.net\/wp-cnet\/wp-json\/wp\/v2\/tags?post=30030"}],"curies":[{"name":"wp","href":"https:\/\/api.w.org\/{rel}","templated":true}]}}