{"id":30028,"date":"2017-05-16T18:33:51","date_gmt":"2017-05-16T21:33:51","guid":{"rendered":"http:\/\/catolicanet.net\/wp-cnet\/2017\/05\/16\/leuropa-nostrar-igreja-e-torre-dos-clerigos-sao-embaixadores-de-lbons-procedimentos-e-boas-intervencoesr\/"},"modified":"2017-06-08T10:51:30","modified_gmt":"2017-06-08T13:51:30","slug":"leuropa-nostrar-igreja-e-torre-dos-clerigos-sao-embaixadores-de-lbons-procedimentos-e-boas-intervencoesr","status":"publish","type":"post","link":"https:\/\/catolicanet.net\/wp-cnet\/leuropa-nostrar-igreja-e-torre-dos-clerigos-sao-embaixadores-de-lbons-procedimentos-e-boas-intervencoesr\/","title":{"rendered":"\u00abEuropa Nostra\u00bb: Igreja e Torre dos Cl\u00e9rigos s\u00e3o embaixadores de \u00abbons procedimentos e boas interven\u00e7\u00f5es\u00bb"},"content":{"rendered":"<p style=\"text-align: justify;\"><img decoding=\"async\" src=\"http:\/\/www.catolicanet.com.br\/images\/stories\/noticias2017\/33874020173_4208970b16_k.jpg\" border=\"0\" align=\"left\" \/>Galard\u00e3o da Uni\u00e3o Europeia para o Patrim\u00f4nio Cultural foi atribu\u00eddo na Finl\u00e2ndia<\/p>\n<p>Hels\u00ednquia, 16 mai 2017 (Ecclesia) \u2013 O presidente da Irmandade dos Cl\u00e9rigos disse que a atribui\u00e7\u00e3o do pr\u00eamio \u2018Europa Nostra 2017\u2019 \u00e9 \u201cimportante\u201d por promover maior \u201cvisibilidade\u201d e exige aos respons\u00e1veis desta institui\u00e7\u00e3o que sejam \u201cproativos\u201d embaixadores dos bons procedimentos.<\/p>\n<p>\u201cFicamos muito contentes pelo facto de, no encontro que tivemos na Finl\u00e2ndia, ver quanto o j\u00fari apreciou a interven\u00e7\u00e3o, apreciou muito aquilo que foi fruto do esfor\u00e7o de tantos e tantos trabalhadores que devolveram os Cl\u00e9rigos \u00e0 cidade, ao pa\u00eds e ao mundo\u201d, referiu hoje o padre Am\u00e9rico Aguiar \u00e0 Ag\u00eancia ECCLESIA.<\/p>\n<p>O respons\u00e1vel recebeu esta segunda-feira na cidade de Turku, Finl\u00e2ndia, o pr\u00eamio \u2018Europa Nostra 2017\u2019, um galard\u00e3o da Uni\u00e3o Europeia para o Patrim\u00f4nio Cultural que distinguiu o projeto de reabilita\u00e7\u00e3o do monumento portuense.<\/p>\n<p>Em 2016, os Cl\u00e9rigos tiveram a visita de mais de 600 mil pessoas, das quais 85% eram estrangeiros.<\/p>\n<p>Segundo o padre Am\u00e9rico Aguiar a distin\u00e7\u00e3o \u201c\u00e9 motivo de alegria\u201d tamb\u00e9m para todos aqueles que \u201cs\u00e3o sens\u00edveis \u00e0 import\u00e2ncia do patrim\u00f4nio cultural, da sua preserva\u00e7\u00e3o, do seu restauro\u201d.<\/p>\n<p>A igreja e Torre dos Cl\u00e9rigos, na Diocese do Porto, foram premiadas na \u2018Categoria Conserva\u00e7\u00e3o\u2019 na edi\u00e7\u00e3o de 2017 do pr\u00eamio \u2018Europa Nostra\u2019, pelo projeto de \u201crestauro abrangente\u201d.<\/p>\n<p>Durante a interven\u00e7\u00e3o foi feita a recupera\u00e7\u00e3o da igreja, do edif\u00edcio central e da torre, permitindo a multiplica\u00e7\u00e3o de ofertas culturais, o acesso \u00e0 \u2018Cole\u00e7\u00e3o Christus\u2019, a abertura do Sal\u00e3o Nobre, Enfermaria, a Sala do Despacho e a sacristia, inacess\u00edveis ao p\u00fablico h\u00e1 250 anos.<\/p>\n<p>O j\u00fari do pr\u00eamio \u2018Europa Nostra\u2019 destacou que a abordagem interdisciplinar aplicada ao projeto \u201cfoi exemplar e recuperou de forma not\u00e1vel\u201d o \u201cimportante marco do centro hist\u00f3rico do Porto\u201d, que \u00e9 Patrim\u00f4nio Mundial da UNESCO, \u201cpara as presentes e futuras gera\u00e7\u00f5es\u201d.<\/p>\n<p>O j\u00fari real\u00e7ou tamb\u00e9m que a equipa do projeto conseguiu um \u201cequil\u00edbrio entre a investiga\u00e7\u00e3o e as t\u00e9cnicas de restauro tradicionais de alta qualidade\u201d, e foi sem d\u00favida uma tarefa complexa.<\/p>\n<p>Para o presidente da Irmandade dos Cl\u00e9rigos \u00e9 \u201cmuito importante\u201d que exista o costume de apresentar Portugal nos contextos europeus do \u2018Europa Nostra\u2019, porque h\u00e1 muitos \u201cbons exemplos\u201d e interven\u00e7\u00f5es que podiam ser refer\u00eancia de norte a sul do pa\u00eds e lembrou que a Catedral e o Museu Diocesano de Santar\u00e9m tamb\u00e9m foram distinguidos em 2016.<\/p>\n<p>Para al\u00e9m do Pr\u00eamio \u2018Europa Nostra\u2019, o ex-l\u00edbris da Diocese do Porto j\u00e1 recebeu, por exemplo, o Pr\u00eamio Vasco Vilalva, da Funda\u00e7\u00e3o Calouste de Gulbenkian.<\/p>\n<p>\u201cDevemos ser embaixadores dos bons procedimentos e das boas interven\u00e7\u00f5es\u201d, real\u00e7a o padre Am\u00e9rico Aguiar.<\/p>\n<p>A Torre dos Cl\u00e9rigos vai assinalar o Dia Internacional dos Museus, esta quinta-feira, e a Noite Europeia dos Museus, dois dias depois.<\/p>\n<p style=\"text-align: justify;\">\u00a0<\/p>\n<p style=\"text-align: justify;\">Fonte: Ag\u00eancia Ecclesia<\/p>\n","protected":false},"excerpt":{"rendered":"<p>Galard\u00e3o da Uni\u00e3o Europeia para o Patrim\u00f4nio Cultural foi atribu\u00eddo na Finl\u00e2ndia Hels\u00ednquia, 16 mai 2017 (Ecclesia) \u2013 O presidente da Irmandade dos Cl\u00e9rigos disse que a atribui\u00e7\u00e3o do pr\u00eamio \u2018Europa Nostra 2017\u2019 \u00e9 \u201cimportante\u201d por promover maior \u201cvisibilidade\u201d e exige aos respons\u00e1veis desta institui\u00e7\u00e3o que sejam \u201cproativos\u201d embaixadores dos bons procedimentos. \u201cFicamos muito contentes [&hellip;]<\/p>\n","protected":false},"author":1,"featured_media":30027,"comment_status":"open","ping_status":"open","sticky":false,"template":"","format":"standard","meta":{"footnotes":""},"categories":[4],"tags":[],"class_list":["post-30028","post","type-post","status-publish","format-standard","has-post-thumbnail","hentry","category-cotidiano"],"_links":{"self":[{"href":"https:\/\/catolicanet.net\/wp-cnet\/wp-json\/wp\/v2\/posts\/30028","targetHints":{"allow":["GET"]}}],"collection":[{"href":"https:\/\/catolicanet.net\/wp-cnet\/wp-json\/wp\/v2\/posts"}],"about":[{"href":"https:\/\/catolicanet.net\/wp-cnet\/wp-json\/wp\/v2\/types\/post"}],"author":[{"embeddable":true,"href":"https:\/\/catolicanet.net\/wp-cnet\/wp-json\/wp\/v2\/users\/1"}],"replies":[{"embeddable":true,"href":"https:\/\/catolicanet.net\/wp-cnet\/wp-json\/wp\/v2\/comments?post=30028"}],"version-history":[{"count":1,"href":"https:\/\/catolicanet.net\/wp-cnet\/wp-json\/wp\/v2\/posts\/30028\/revisions"}],"predecessor-version":[{"id":30707,"href":"https:\/\/catolicanet.net\/wp-cnet\/wp-json\/wp\/v2\/posts\/30028\/revisions\/30707"}],"wp:featuredmedia":[{"embeddable":true,"href":"https:\/\/catolicanet.net\/wp-cnet\/wp-json\/wp\/v2\/media\/30027"}],"wp:attachment":[{"href":"https:\/\/catolicanet.net\/wp-cnet\/wp-json\/wp\/v2\/media?parent=30028"}],"wp:term":[{"taxonomy":"category","embeddable":true,"href":"https:\/\/catolicanet.net\/wp-cnet\/wp-json\/wp\/v2\/categories?post=30028"},{"taxonomy":"post_tag","embeddable":true,"href":"https:\/\/catolicanet.net\/wp-cnet\/wp-json\/wp\/v2\/tags?post=30028"}],"curies":[{"name":"wp","href":"https:\/\/api.w.org\/{rel}","templated":true}]}}