{"id":30026,"date":"2017-05-16T18:15:34","date_gmt":"2017-05-16T21:15:34","guid":{"rendered":"http:\/\/catolicanet.net\/wp-cnet\/2017\/05\/16\/aveiro-diocese-vai-comecar-processo-para-canonizacao-da-beata-joana-princesa\/"},"modified":"2017-06-08T10:52:30","modified_gmt":"2017-06-08T13:52:30","slug":"aveiro-diocese-vai-comecar-processo-para-canonizacao-da-beata-joana-princesa","status":"publish","type":"post","link":"https:\/\/catolicanet.net\/wp-cnet\/aveiro-diocese-vai-comecar-processo-para-canonizacao-da-beata-joana-princesa\/","title":{"rendered":"Aveiro: Diocese vai come\u00e7ar processo para canoniza\u00e7\u00e3o da Beata Joana, princesa"},"content":{"rendered":"<p style=\"text-align: justify;\"><img decoding=\"async\" src=\"http:\/\/www.catolicanet.com.br\/images\/stories\/noticias2017\/111214301.jpg\" border=\"0\" align=\"left\" \/>Aveiro, 16 mai 2017 (Ecclesia) &#8211; O bispo de Aveiro anunciou que a diocese vai instituir um tribunal pr\u00f3prio para dar in\u00edcio \u00e0 fase diocesana do Processo de Canoniza\u00e7\u00e3o da Beata Joana, princesa, por indica\u00e7\u00e3o do Vaticano.<\/p>\n<p>Os respons\u00e1veis v\u00e3o tomar posse no dia da Igreja Diocesana, a 25 de junho, no Santu\u00e1rio de Shcoenstatt.<\/p>\n<p>D. Ant\u00f3nio Moiteiro revelou os pr\u00f3ximos passos para a proclama\u00e7\u00e3o oficial da santidade da Beata Joana durante a festa lit\u00fargica da padroeira de Aveiro, a 12 de maio.<\/p>\n<p>\u201cDepois de ter consultado a Congrega\u00e7\u00e3o das Causas dos Santos, foi-nos comunicado que \u00abimporta promover um processo diocesano para recolher testemunhas e documentos sobre a vida, virtudes e continua\u00e7\u00e3o da fama de santidade para se alcan\u00e7ar a desejada Canoniza\u00e7\u00e3o\u00bb\u201d, adianta o bispo de Aveiro, citando uma carta recebida no \u00faltimo dia 23 de mar\u00e7o.<\/p>\n<p>Em 2015, a Diocese de Aveiro promoveu a reabertura do processo de canoniza\u00e7\u00e3o da beata, que o povo de Aveiro trata por \u2018santa\u2019 e que Paulo VI constituiu sua padroeira, a 5 de janeiro de 1965.<\/p>\n<p>Filha de el-rei D. Afonso V e da rainha D. Isabel, deixou Lisboa e a Corte em 1472 com o fim de se dedicar \u00e0 vida claustral; a beata foi religiosa de clausura no Mosteiro de Jesus das dominicanas, tendo falecido em 12 de maio de 1490.<\/p>\n<p>D. Ant\u00f3nio Moiteiro explica que abertura de um processo diocesano de canoniza\u00e7\u00e3o visa uma maior \u201cconhecimento da vida e obra de \u00abSanta\u00bb Joana\u201d.<\/p>\n<p style=\"text-align: justify;\">\u00a0<\/p>\n<p style=\"text-align: justify;\">Fonte: Ag\u00eancia Ecclesia<\/p>\n","protected":false},"excerpt":{"rendered":"<p>Aveiro, 16 mai 2017 (Ecclesia) &#8211; O bispo de Aveiro anunciou que a diocese vai instituir um tribunal pr\u00f3prio para dar in\u00edcio \u00e0 fase diocesana do Processo de Canoniza\u00e7\u00e3o da Beata Joana, princesa, por indica\u00e7\u00e3o do Vaticano. Os respons\u00e1veis v\u00e3o tomar posse no dia da Igreja Diocesana, a 25 de junho, no Santu\u00e1rio de Shcoenstatt. [&hellip;]<\/p>\n","protected":false},"author":1,"featured_media":30025,"comment_status":"open","ping_status":"open","sticky":false,"template":"","format":"standard","meta":{"footnotes":""},"categories":[4],"tags":[],"class_list":["post-30026","post","type-post","status-publish","format-standard","has-post-thumbnail","hentry","category-cotidiano"],"_links":{"self":[{"href":"https:\/\/catolicanet.net\/wp-cnet\/wp-json\/wp\/v2\/posts\/30026","targetHints":{"allow":["GET"]}}],"collection":[{"href":"https:\/\/catolicanet.net\/wp-cnet\/wp-json\/wp\/v2\/posts"}],"about":[{"href":"https:\/\/catolicanet.net\/wp-cnet\/wp-json\/wp\/v2\/types\/post"}],"author":[{"embeddable":true,"href":"https:\/\/catolicanet.net\/wp-cnet\/wp-json\/wp\/v2\/users\/1"}],"replies":[{"embeddable":true,"href":"https:\/\/catolicanet.net\/wp-cnet\/wp-json\/wp\/v2\/comments?post=30026"}],"version-history":[{"count":1,"href":"https:\/\/catolicanet.net\/wp-cnet\/wp-json\/wp\/v2\/posts\/30026\/revisions"}],"predecessor-version":[{"id":30708,"href":"https:\/\/catolicanet.net\/wp-cnet\/wp-json\/wp\/v2\/posts\/30026\/revisions\/30708"}],"wp:featuredmedia":[{"embeddable":true,"href":"https:\/\/catolicanet.net\/wp-cnet\/wp-json\/wp\/v2\/media\/30025"}],"wp:attachment":[{"href":"https:\/\/catolicanet.net\/wp-cnet\/wp-json\/wp\/v2\/media?parent=30026"}],"wp:term":[{"taxonomy":"category","embeddable":true,"href":"https:\/\/catolicanet.net\/wp-cnet\/wp-json\/wp\/v2\/categories?post=30026"},{"taxonomy":"post_tag","embeddable":true,"href":"https:\/\/catolicanet.net\/wp-cnet\/wp-json\/wp\/v2\/tags?post=30026"}],"curies":[{"name":"wp","href":"https:\/\/api.w.org\/{rel}","templated":true}]}}