{"id":30004,"date":"2017-05-16T12:24:45","date_gmt":"2017-05-16T15:24:45","guid":{"rendered":"http:\/\/catolicanet.net\/wp-cnet\/2017\/05\/16\/papa-a-jogadores-empenhem-se-contra-a-violencia-nos-estadios\/"},"modified":"2017-06-08T11:05:52","modified_gmt":"2017-06-08T14:05:52","slug":"papa-a-jogadores-empenhem-se-contra-a-violencia-nos-estadios","status":"publish","type":"post","link":"https:\/\/catolicanet.net\/wp-cnet\/papa-a-jogadores-empenhem-se-contra-a-violencia-nos-estadios\/","title":{"rendered":"Papa a jogadores: empenhem-se contra a viol\u00eancia nos est\u00e1dios"},"content":{"rendered":"<p style=\"text-align: justify;\"><img decoding=\"async\" src=\"http:\/\/www.catolicanet.com.br\/images\/stories\/noticias2017\/reuters2071966_articolo.jpg\" border=\"0\" align=\"left\" \/>R\u00e1dio Vaticano (RV) \u2013 \u201c\u00c0s vezes nos est\u00e1dios ocorrem, infelizmente, epis\u00f3dios de viol\u00eancia, que turbam o sereno desenrolar das partidas e o divertimento sadio das pessoas. Desejo que, dentro do que \u00e9 poss\u00edvel, voc\u00eas possam ajudar que a atividade esportiva permane\u00e7a como tal e, gra\u00e7as ao empenho pessoal de todos, seja motivo de coes\u00e3o entre os desportistas e em toda sociedade\u201d.<\/p>\n<p style=\"text-align: justify;\">\u00a0<\/p>\n<p style=\"text-align: justify;\"><a href=\"https:\/\/www.youtube.com\/watch?v=0CVKNbC6iFE\">Clique aqui para assistir o v\u00eddeo:<\/a><\/p>\n<p style=\"text-align: justify;\">\u00a0<\/p>\n<p style=\"text-align: justify;\"><a href=\"http:\/\/media02.radiovaticana.va\/audio\/audio2\/mp3\/00581772.mp3\">Clique aqui para ouvir:<\/a><\/p>\n<p style=\"text-align: justify;\">\u00a0<\/p>\n<p style=\"text-align: justify;\">Assim o Papa Francisco convidou os jogadores e comiss\u00e3o t\u00e9cnica da Juventus e da Lazio a \u201cserem testemunhas dos aut\u00eanticos valores do esporte\u201d. As equipes foram recebidas pelo Pont\u00edfice na ter\u00e7a-feira (16\/05) no contexto da final da Copa It\u00e1lia.<\/p>\n<p>Coer\u00eancia<\/p>\n<p>\u201cAqueles que s\u00e3o considerados \u2018campe\u00f5es\u2019 passam facilmente a ser pontos de refer\u00eancia. Por isso, cada partida \u00e9 um teste de equil\u00edbrio, de controle de si e respeito \u00e0s regras. Quem, com o pr\u00f3prio comportamento, sabe dar prova de tudo isso, passa a ser um exemplo a seus admiradores\u201d.<\/p>\n<p>\u201c\u00c9 o que desejo a cada um de voc\u00eas \u2013 finalizou o Papa: serem testemunhas de lealdade, de honestidade, de conc\u00f3rdia e de humanidade\u201d.<\/p>\n<p style=\"text-align: justify;\">\u00a0<\/p>\n<p style=\"text-align: justify;\">Fonte: R\u00e1dio Vaticano<\/p>\n","protected":false},"excerpt":{"rendered":"<p>R\u00e1dio Vaticano (RV) \u2013 \u201c\u00c0s vezes nos est\u00e1dios ocorrem, infelizmente, epis\u00f3dios de viol\u00eancia, que turbam o sereno desenrolar das partidas e o divertimento sadio das pessoas. Desejo que, dentro do que \u00e9 poss\u00edvel, voc\u00eas possam ajudar que a atividade esportiva permane\u00e7a como tal e, gra\u00e7as ao empenho pessoal de todos, seja motivo de coes\u00e3o entre [&hellip;]<\/p>\n","protected":false},"author":1,"featured_media":30003,"comment_status":"open","ping_status":"open","sticky":false,"template":"","format":"standard","meta":{"footnotes":""},"categories":[3],"tags":[],"class_list":["post-30004","post","type-post","status-publish","format-standard","has-post-thumbnail","hentry","category-vaticano"],"_links":{"self":[{"href":"https:\/\/catolicanet.net\/wp-cnet\/wp-json\/wp\/v2\/posts\/30004","targetHints":{"allow":["GET"]}}],"collection":[{"href":"https:\/\/catolicanet.net\/wp-cnet\/wp-json\/wp\/v2\/posts"}],"about":[{"href":"https:\/\/catolicanet.net\/wp-cnet\/wp-json\/wp\/v2\/types\/post"}],"author":[{"embeddable":true,"href":"https:\/\/catolicanet.net\/wp-cnet\/wp-json\/wp\/v2\/users\/1"}],"replies":[{"embeddable":true,"href":"https:\/\/catolicanet.net\/wp-cnet\/wp-json\/wp\/v2\/comments?post=30004"}],"version-history":[{"count":1,"href":"https:\/\/catolicanet.net\/wp-cnet\/wp-json\/wp\/v2\/posts\/30004\/revisions"}],"predecessor-version":[{"id":30719,"href":"https:\/\/catolicanet.net\/wp-cnet\/wp-json\/wp\/v2\/posts\/30004\/revisions\/30719"}],"wp:featuredmedia":[{"embeddable":true,"href":"https:\/\/catolicanet.net\/wp-cnet\/wp-json\/wp\/v2\/media\/30003"}],"wp:attachment":[{"href":"https:\/\/catolicanet.net\/wp-cnet\/wp-json\/wp\/v2\/media?parent=30004"}],"wp:term":[{"taxonomy":"category","embeddable":true,"href":"https:\/\/catolicanet.net\/wp-cnet\/wp-json\/wp\/v2\/categories?post=30004"},{"taxonomy":"post_tag","embeddable":true,"href":"https:\/\/catolicanet.net\/wp-cnet\/wp-json\/wp\/v2\/tags?post=30004"}],"curies":[{"name":"wp","href":"https:\/\/api.w.org\/{rel}","templated":true}]}}