{"id":3000,"date":"2013-10-03T12:38:25","date_gmt":"2013-10-03T15:38:25","guid":{"rendered":"http:\/\/catolicanet.net\/wp-cnet\/prece-missionaria-03-de-outubro\/"},"modified":"2017-03-22T15:04:36","modified_gmt":"2017-03-22T18:04:36","slug":"prece-missionaria-03-de-outubro","status":"publish","type":"post","link":"https:\/\/catolicanet.net\/wp-cnet\/prece-missionaria-03-de-outubro\/","title":{"rendered":"Prece Mission\u00e1ria &#8211; 03 de outubro"},"content":{"rendered":"<p style=\"text-align: justify;\"><span style=\"line-height: 1.3em;\"><img decoding=\"async\" src=\"http:\/\/catolicanet.com.br\/images\/stories\/educadorsocial.jpg\" border=\"0\" align=\"left\" \/>Senhor Jesus, enviai o Esp\u00edrito de Sabedoria a quantos se dedicam \u00e0 nobre miss\u00e3o do ensino e da educa\u00e7\u00e3o das novas gera\u00e7\u00f5es. Que sejam verdadeiros mestres na escola da vida e n\u00e3o meros transmissores de mat\u00e9rias escolares, e se empenhem totalmente na edifica\u00e7\u00e3o do Bem e da Verdade. Am\u00e9m.<\/span><\/p>\n<p style=\"text-align: justify;\">\u00a0<\/p>\n<p style=\"text-align: justify;\">\u00a0<\/p>\n<p style=\"text-align: justify;\">\u00a0<\/p>\n<p style=\"text-align: justify;\"><span style=\"line-height: 1.3em;\">Fonte: R\u00e1dio Vaticano<\/span><\/p>\n<div style=\"text-align: justify;\"><\/div>\n","protected":false},"excerpt":{"rendered":"<p>Senhor Jesus, enviai o Esp\u00edrito de Sabedoria a quantos se dedicam \u00e0 nobre miss\u00e3o do ensino e da educa\u00e7\u00e3o das novas gera\u00e7\u00f5es. Que sejam verdadeiros mestres na escola da vida e n\u00e3o meros transmissores de mat\u00e9rias escolares, e se empenhem totalmente na edifica\u00e7\u00e3o do Bem e da Verdade. Am\u00e9m. \u00a0 \u00a0 \u00a0 Fonte: R\u00e1dio Vaticano<\/p>\n","protected":false},"author":1,"featured_media":0,"comment_status":"closed","ping_status":"closed","sticky":false,"template":"","format":"standard","meta":{"footnotes":""},"categories":[4],"tags":[],"class_list":["post-3000","post","type-post","status-publish","format-standard","hentry","category-cotidiano"],"_links":{"self":[{"href":"https:\/\/catolicanet.net\/wp-cnet\/wp-json\/wp\/v2\/posts\/3000","targetHints":{"allow":["GET"]}}],"collection":[{"href":"https:\/\/catolicanet.net\/wp-cnet\/wp-json\/wp\/v2\/posts"}],"about":[{"href":"https:\/\/catolicanet.net\/wp-cnet\/wp-json\/wp\/v2\/types\/post"}],"author":[{"embeddable":true,"href":"https:\/\/catolicanet.net\/wp-cnet\/wp-json\/wp\/v2\/users\/1"}],"replies":[{"embeddable":true,"href":"https:\/\/catolicanet.net\/wp-cnet\/wp-json\/wp\/v2\/comments?post=3000"}],"version-history":[{"count":1,"href":"https:\/\/catolicanet.net\/wp-cnet\/wp-json\/wp\/v2\/posts\/3000\/revisions"}],"predecessor-version":[{"id":7359,"href":"https:\/\/catolicanet.net\/wp-cnet\/wp-json\/wp\/v2\/posts\/3000\/revisions\/7359"}],"wp:attachment":[{"href":"https:\/\/catolicanet.net\/wp-cnet\/wp-json\/wp\/v2\/media?parent=3000"}],"wp:term":[{"taxonomy":"category","embeddable":true,"href":"https:\/\/catolicanet.net\/wp-cnet\/wp-json\/wp\/v2\/categories?post=3000"},{"taxonomy":"post_tag","embeddable":true,"href":"https:\/\/catolicanet.net\/wp-cnet\/wp-json\/wp\/v2\/tags?post=3000"}],"curies":[{"name":"wp","href":"https:\/\/api.w.org\/{rel}","templated":true}]}}