{"id":29999,"date":"2017-05-19T03:00:00","date_gmt":"2017-05-19T06:00:00","guid":{"rendered":"http:\/\/catolicanet.net\/wp-cnet\/2017\/05\/19\/sexto-domingo-da-pascoa-2\/"},"modified":"2017-06-08T10:22:28","modified_gmt":"2017-06-08T13:22:28","slug":"sexto-domingo-da-pascoa-2","status":"publish","type":"post","link":"https:\/\/catolicanet.net\/wp-cnet\/sexto-domingo-da-pascoa-2\/","title":{"rendered":"Sexto domingo da p\u00e1scoa"},"content":{"rendered":"<p style=\"text-align: justify;\">Quem sabe que \u00e9 amado evangeliza. Foi essa a experi\u00eancia da comunidade helenista, cujos l\u00edderes eram Est\u00eav\u00e3o e Felipe(vamos conferir a primeira leitura At 5,8,14-17).<\/p>\n<p style=\"text-align: justify;\">Felipe n\u00e3o era ap\u00f3stolo. Era um di\u00e1cono. Havia sido escolhido pelos ap\u00f3stolos para servir \u00e0s mesas, para atender as vi\u00favas dos imigrantes helenistas da comunidade de Jerusal\u00e9m. Esse homem aparece como o segundo dos di\u00e1conos, depois de Est\u00eav\u00e3o. Mas os que pareciam ter sido escolhidos unicamente para quest\u00f5es administrativas e servi\u00e7os de amor dentro da comunidade convertem-se logo em grandes proclamadores da f\u00e9.<\/p>\n<p style=\"text-align: justify;\">A juventude imigrante da comunidade de Jerusal\u00e9m manifesta carismas ins\u00f3litos. Est\u00eav\u00e3o falava como um anjo. Tinha uma inquietante compreens\u00e3o do Antigo Testamento que deixava todos sem palavra e explicava a figura de Jesus como quase ningu\u00e9m. Tornou-se t\u00e3o perigoso para as autoridades judaicas que estas decidiram sacrific\u00e1-lo, como haviam feito a Jesus: por isso, o primeiro m\u00e1rtir da comunidade crist\u00e3 foi \u2013 por assim dizer \u2013 um n\u00e3o judeu. Tamb\u00e9m o grupo helenista da comunidade de Jerusal\u00e9m parecia perigoso. Por isso o grupo foi perseguido. Expulsaram-no de Jerusal\u00e9m. Felipe ficou ent\u00e3o como l\u00edder do grupo.<\/p>\n<p style=\"text-align: justify;\">Em sua fuga for\u00e7ada de Jerusal\u00e9m, Felipe aproveitava a oportunidade para pregar. Quem tinha como miss\u00e3o principal atender \u00e0s necessidades materiais da comunidade transformou-se tamb\u00e9m em um pregador \u00fanico que fascinava os samaritanos e os atra\u00eda irresistivelmente para a f\u00e9. N\u00e3o lhe era f\u00e1cil porque havia um mago que seduzia todo mundo. Mas em Felipe estava o Esp\u00edrito de Deus, de Jesus, que vencia todos os esp\u00edritos imundos.<\/p>\n<p style=\"text-align: justify;\">Foi tal o \u00eaxito e o n\u00famero dos que abra\u00e7aram a f\u00e9, que as autoridades crist\u00e3s de Jerusal\u00e9m receavam: pode um di\u00e1cono ser fundador de uma comunidade crist\u00e3? E uma comunidade crist\u00e3 com os hereges samaritanos?\u00a0 Pedro e Jo\u00e3o decidiram ir \u00e0 Samaria. E viram \u2013 maravilhados \u2013 a obra de Deus. O Esp\u00edrito Santo se derramava por toda parte. E, por isso, impunham as m\u00e3os e aben\u00e7oavam.<\/p>\n<p style=\"text-align: justify;\">N\u00e3o nos preocupemos. A f\u00e9 se propaga para al\u00e9m de nossos planos pastorais, para al\u00e9m de nossas previs\u00f5es. H\u00e1 pessoas que se deixam possuir pelo Esp\u00edrito e que na humildade e na marginaliza\u00e7\u00e3o s\u00e3o capazes de realizar as grandes obras de Deus.<\/p>\n","protected":false},"excerpt":{"rendered":"<p>Quem sabe que \u00e9 amado evangeliza. Foi essa a experi\u00eancia da comunidade helenista, cujos l\u00edderes eram Est\u00eav\u00e3o e Felipe(vamos conferir a primeira leitura At 5,8,14-17). Felipe n\u00e3o era ap\u00f3stolo. Era um di\u00e1cono. Havia sido escolhido pelos ap\u00f3stolos para servir \u00e0s mesas, para atender as vi\u00favas dos imigrantes helenistas da comunidade de Jerusal\u00e9m. Esse homem aparece [&hellip;]<\/p>\n","protected":false},"author":10,"featured_media":0,"comment_status":"open","ping_status":"open","sticky":false,"template":"","format":"standard","meta":{"footnotes":""},"categories":[9],"tags":[],"class_list":["post-29999","post","type-post","status-publish","format-standard","hentry","category-artigos"],"_links":{"self":[{"href":"https:\/\/catolicanet.net\/wp-cnet\/wp-json\/wp\/v2\/posts\/29999","targetHints":{"allow":["GET"]}}],"collection":[{"href":"https:\/\/catolicanet.net\/wp-cnet\/wp-json\/wp\/v2\/posts"}],"about":[{"href":"https:\/\/catolicanet.net\/wp-cnet\/wp-json\/wp\/v2\/types\/post"}],"author":[{"embeddable":true,"href":"https:\/\/catolicanet.net\/wp-cnet\/wp-json\/wp\/v2\/users\/10"}],"replies":[{"embeddable":true,"href":"https:\/\/catolicanet.net\/wp-cnet\/wp-json\/wp\/v2\/comments?post=29999"}],"version-history":[{"count":1,"href":"https:\/\/catolicanet.net\/wp-cnet\/wp-json\/wp\/v2\/posts\/29999\/revisions"}],"predecessor-version":[{"id":30682,"href":"https:\/\/catolicanet.net\/wp-cnet\/wp-json\/wp\/v2\/posts\/29999\/revisions\/30682"}],"wp:attachment":[{"href":"https:\/\/catolicanet.net\/wp-cnet\/wp-json\/wp\/v2\/media?parent=29999"}],"wp:term":[{"taxonomy":"category","embeddable":true,"href":"https:\/\/catolicanet.net\/wp-cnet\/wp-json\/wp\/v2\/categories?post=29999"},{"taxonomy":"post_tag","embeddable":true,"href":"https:\/\/catolicanet.net\/wp-cnet\/wp-json\/wp\/v2\/tags?post=29999"}],"curies":[{"name":"wp","href":"https:\/\/api.w.org\/{rel}","templated":true}]}}