{"id":2998,"date":"2013-10-03T11:39:03","date_gmt":"2013-10-03T14:39:03","guid":{"rendered":"http:\/\/catolicanet.net\/wp-cnet\/papa-em-assis-peregrino-para-reencontrar-s-francisco\/"},"modified":"2017-03-22T15:40:33","modified_gmt":"2017-03-22T18:40:33","slug":"papa-em-assis-peregrino-para-reencontrar-s-francisco","status":"publish","type":"post","link":"https:\/\/catolicanet.net\/wp-cnet\/papa-em-assis-peregrino-para-reencontrar-s-francisco\/","title":{"rendered":"Papa em Assis: peregrino para reencontrar S. Francisco."},"content":{"rendered":"<p><span style=\"line-height: 1.3em;\"><img decoding=\"async\" src=\"http:\/\/catolicanet.com.br\/images\/stories\/papaassis.jpg\" border=\"0\" align=\"left\" \/>Uma peregrina\u00e7\u00e3o para reencontrar S. Francisco e, com ele, o Evangelho de Jesus Cristo: assim o Secret\u00e1rio-Geral para a Evangeliza\u00e7\u00e3o da Ordem dos Frades Menores, Fr. Nestro Schwerz, define a viagem que o Papa realiza esta sexta-feira a Assis.<\/span><\/p>\n<p><span style=\"line-height: 1.3em;\">Para Fr. Nestor, um Papa que tem essa forte devo\u00e7\u00e3o a S\u00e3o Francisco tem um significado especial para os franciscanos \u2013 o implica numa revitaliza\u00e7\u00e3o de toda a Ordem: <a href=\"http:\/\/pt.radiovaticana.va\/news\/2013\/10\/03\/papa_em_assis:_peregrino_para_reencontrar_s._francisco._ou%C3%A7a!\/bra-733896\"> Real MP3 <\/a><\/span><\/p>\n<p>\u00a0<\/p>\n<p>\u00a0<\/p>\n<p>\u00a0<\/p>\n<p>\u00a0<\/p>\n<p>\u00a0<\/p>\n<p>\u00a0<\/p>\n<p>Fonte: R\u00e1dio Vaticano<\/p>\n<p>\u00a0<\/p>\n","protected":false},"excerpt":{"rendered":"<p>Uma peregrina\u00e7\u00e3o para reencontrar S. Francisco e, com ele, o Evangelho de Jesus Cristo: assim o Secret\u00e1rio-Geral para a Evangeliza\u00e7\u00e3o da Ordem dos Frades Menores, Fr. Nestro Schwerz, define a viagem que o Papa realiza esta sexta-feira a Assis. Para Fr. Nestor, um Papa que tem essa forte devo\u00e7\u00e3o a S\u00e3o Francisco tem um significado [&hellip;]<\/p>\n","protected":false},"author":1,"featured_media":0,"comment_status":"closed","ping_status":"closed","sticky":false,"template":"","format":"standard","meta":{"footnotes":""},"categories":[3],"tags":[],"class_list":["post-2998","post","type-post","status-publish","format-standard","hentry","category-vaticano"],"_links":{"self":[{"href":"https:\/\/catolicanet.net\/wp-cnet\/wp-json\/wp\/v2\/posts\/2998","targetHints":{"allow":["GET"]}}],"collection":[{"href":"https:\/\/catolicanet.net\/wp-cnet\/wp-json\/wp\/v2\/posts"}],"about":[{"href":"https:\/\/catolicanet.net\/wp-cnet\/wp-json\/wp\/v2\/types\/post"}],"author":[{"embeddable":true,"href":"https:\/\/catolicanet.net\/wp-cnet\/wp-json\/wp\/v2\/users\/1"}],"replies":[{"embeddable":true,"href":"https:\/\/catolicanet.net\/wp-cnet\/wp-json\/wp\/v2\/comments?post=2998"}],"version-history":[{"count":1,"href":"https:\/\/catolicanet.net\/wp-cnet\/wp-json\/wp\/v2\/posts\/2998\/revisions"}],"predecessor-version":[{"id":7361,"href":"https:\/\/catolicanet.net\/wp-cnet\/wp-json\/wp\/v2\/posts\/2998\/revisions\/7361"}],"wp:attachment":[{"href":"https:\/\/catolicanet.net\/wp-cnet\/wp-json\/wp\/v2\/media?parent=2998"}],"wp:term":[{"taxonomy":"category","embeddable":true,"href":"https:\/\/catolicanet.net\/wp-cnet\/wp-json\/wp\/v2\/categories?post=2998"},{"taxonomy":"post_tag","embeddable":true,"href":"https:\/\/catolicanet.net\/wp-cnet\/wp-json\/wp\/v2\/tags?post=2998"}],"curies":[{"name":"wp","href":"https:\/\/api.w.org\/{rel}","templated":true}]}}