{"id":29957,"date":"2017-05-13T03:00:00","date_gmt":"2017-05-13T06:00:00","guid":{"rendered":"http:\/\/catolicanet.net\/wp-cnet\/2017\/05\/13\/virgem-da-paz\/"},"modified":"2017-06-08T11:50:18","modified_gmt":"2017-06-08T14:50:18","slug":"virgem-da-paz","status":"publish","type":"post","link":"https:\/\/catolicanet.net\/wp-cnet\/virgem-da-paz\/","title":{"rendered":"Virgem da Paz"},"content":{"rendered":"<p style=\"text-align: justify;\">No m\u00eas de maio, celebramos no dia 13 a festa de Nossa Senhora de F\u00e1tima. Trata-se de uma das maiores devo\u00e7\u00f5es espalhada pelo mundo e venerada por este t\u00edtulo. No dia 13 de maio de 1917, tr\u00eas crian\u00e7as cuidavam de um pequeno rebanho na Cova da Iria, em F\u00e1tima, Portugal. Os pastorinhos chamavam-se: L\u00facia de Jesus, 10 anos, Francisco e Jacinta Marto, seus primos de 9 e 7 anos (ambos canonizados neste dia em F\u00e1tima, pelo Papa Francisco). Estamos h\u00e1 100 anos desse grande acontecimento!<\/p>\n<p style=\"text-align: justify;\"> Por volta do meio-dia, depois de rezarem o ter\u00e7o, como sempre faziam, foram surpreendidos por uma luz muito brilhante e forte.<\/p>\n<p style=\"text-align: justify;\">Em cima de uma azinheira (uma esp\u00e9cie de carvalho), viram uma senhora vestida toda de branco, mais brilhante que o Sol. &#8220;Ela emanava uma luz mais clara e intensa que um copo de cristal, cheio de \u00e1gua cristalina, atravessado pelos raios do sol mais ardente&#8221;, relatava L\u00facia.<\/p>\n<p style=\"text-align: justify;\"> Ela n\u00e3o esquece: a Senhora disse \u00e0s crian\u00e7as que era necess\u00e1rio rezar muito e convidou-as a voltarem \u00e0 Cova da Iria durante mais cinco meses consecutivos, sempre no dia 13 e \u00e0quela mesma hora. L\u00facia, que era a mais velha, recomendou aos outros dois que n\u00e3o contassem nada a ningu\u00e9m. Mas Jacinta n\u00e3o soube guardar o segredo. E no dia 13 de junho, data da segunda apari\u00e7\u00e3o, os tr\u00eas pastorinhos n\u00e3o estavam mais sozinhos no encontro. Dessa vez, L\u00facia quase n\u00e3o compareceu. V\u00edtima de maus tratos em casa, seus pais a tomavam por mentirosa e n\u00e3o acreditavam naquela hist\u00f3ria de apari\u00e7\u00e3o. Com medo, ela relutava em ir, mas foi convencida por uma prima. Durante muito tempo lhe pesou a acusa\u00e7\u00e3o de mentirosa e de querer se promover \u00e0 custa de Nossa Senhora de F\u00e1tima.<\/p>\n<p style=\"text-align: justify;\"> Na terceira apari\u00e7\u00e3o, em 13 de julho, Nossa Senhora parece ter se sensibilizado com a injusti\u00e7a contra L\u00facia: prometeu um milagre para que o povo acreditasse na hist\u00f3ria das tr\u00eas crian\u00e7as. No m\u00eas seguinte, entretanto, os tr\u00eas pequenos videntes n\u00e3o puderam ir ao encontro na Cova da Iria porque estavam presos. Foram pressionados a contar o que conversavam com Nossa Senhora. As crian\u00e7as resistiram e, no dia 19, Nossa Senhora provou, mais uma vez, seu poder. Apareceu para as crian\u00e7as em Valinhos, ali por perto, na mesma regi\u00e3o portuguesa, e continuou a fazer revela\u00e7\u00f5es. Uma quinta apari\u00e7\u00e3o aconteceu em setembro.<\/p>\n<p style=\"text-align: justify;\">O grande milagre, por\u00e9m, ocorreu em 13 de outubro, data da sexta e \u00faltima apari\u00e7\u00e3o. Setenta mil pessoas lotavam o lugar e foram testemunhas do feito extraordin\u00e1rio prometido. Chovia! De repente, do meio das nuvens negras e carregadas, o sol surgiu e come\u00e7ou a girar sobre si mesmo, iniciando uma dan\u00e7a no firmamento. Como uma imensa bola de fogo, parecia querer precipitar-se sobre a terra.<\/p>\n<p style=\"text-align: justify;\"> Quanto ao segredo de F\u00e1tima vale a pena esclarecer que somente os tr\u00eas pastorinhos tiveram contato com F\u00e1tima em suas apari\u00e7\u00f5es. E com a morte prematura de seus primos Jacinta e Francisco, ficou somente com L\u00facia o t\u00e3o famoso Segredo de F\u00e1tima. As duas primeiras partes do segredo s\u00e3o conhecidas desde 1941, e constam de documentos oficiais da Igreja Cat\u00f3lica.<\/p>\n<p style=\"text-align: justify;\">A primeira parte: Nossa Senhora fala dos castigos impostos por Deus pelos nossos pecados. Nesta vida, aqui na terra, haveria uma guerra horr\u00edvel, precedida por uma luz desconhecida no meio da noite; haveria fome, persegui\u00e7\u00e3o religiosa, erros espalhados no mundo pela R\u00fassia e v\u00e1rias na\u00e7\u00f5es aniquiladas. A n\u00f3s, pecadores, na outra vida, estariam reservados supl\u00edcios do inferno, dos quais os pastorinhos tiveram pavorosa vis\u00e3o.<\/p>\n<p style=\"text-align: justify;\"> A segunda parte do Segredo revela os meios para evitar esses castigos: a devo\u00e7\u00e3o ao Imaculado Cora\u00e7\u00e3o de Maria atrav\u00e9s da pr\u00e1tica reparadora de rezar o Ter\u00e7o, meditar nos mist\u00e9rios do Ros\u00e1rio, confessar-se e receber a Sagrada Comunh\u00e3o.<\/p>\n<p style=\"text-align: justify;\">A \u00faltima parte foi revelada em 2001. F\u00e1tima falou de um papa que sofreria um atentado. Os fatos parecem confirmar o mist\u00e9rio: em 1981, Jo\u00e3o Paulo II foi baleado justamente num outro dia 13 de maio, dia da primeira apari\u00e7\u00e3o de F\u00e1tima. Nossa Senhora de F\u00e1tima ensinou aos videntes (e, por seu interm\u00e9dio, a todos n\u00f3s), que todas as a\u00e7\u00f5es devem estar assentadas num profundo e incondicional amor a Deus. Se n\u00e3o for assim, n\u00e3o haver\u00e1 reden\u00e7\u00e3o para nossas almas. Foi somente depois de ser salvo por milagre de um atentado em 13 de maio de 1981, anivers\u00e1rio das apari\u00e7\u00f5es, que S\u00e3o Jo\u00e3o Paulo II se ocupou com as revela\u00e7\u00f5es de F\u00e1tima. Quando em 1984, ele foi at\u00e9 F\u00e1tima para fazer a consagra\u00e7\u00e3o solene nos moldes prescritos por Nossa Senhora. O milagre ficou comprovado, tanto que Nossa Senhora traz em sua coroa o proj\u00e9til que atingiu S\u00e3o Jo\u00e3o Paulo II.<\/p>\n<p style=\"text-align: justify;\">Neste centen\u00e1rio das apari\u00e7\u00f5es em F\u00e1tima, no dia da canoniza\u00e7\u00e3o dos dois pastorzinhos Francisco e Jacinta, como Arcebispo desta querida Arquidiocese, consagro esta cidade de S\u00e3o Sebasti\u00e3o do Rio de Janeiro \u00e0 branca virgem de F\u00e1tima, pedindo o dom da paz e da caridade:<\/p>\n<p style=\"text-align: justify;\">\u201c\u00d3 Maria, Virgem de F\u00e1tima, doce M\u00e3e de Jesus Cristo \u201cPr\u00edncipe da Paz\u201d, a vossos p\u00e9s pedimos que intercedais por esta cidade, que hoje n\u00f3s vos consagramos, para que gozemos a paz em nossos dias. Ajudai-nos a nos encontrar com Deus e com o nosso pr\u00f3ximo, por vosso Filho Jesus Cristo. Sabemos que ningu\u00e9m pode dar a paz, a n\u00e3o ser o Filho que trouxestes em vosso ventre e o entregastes para n\u00f3s. Quando nasceu em Bel\u00e9m, os anjos nos anunciaram a paz\u201d.<\/p>\n<p style=\"text-align: justify;\">\u201cVirgem Sant\u00edssima do Ros\u00e1rio de F\u00e1tima, Rainha da Paz, pedi a Jesus para que se estabele\u00e7a entre n\u00f3s o Reino de Deus e intercedei junto ao vosso Filho pelo nosso povo e pela nossa cidade de S\u00e3o Sebasti\u00e3o do Rio de Janeiro, hoje consagrada a v\u00f3s. N\u00f3s vos pedimos, cheios de confian\u00e7a, a vossa intercess\u00e3o. Afastai para longe de n\u00f3s os sentimentos ego\u00edstas, intolerantes, malvados, violentos; expulsai de n\u00f3s o esp\u00edrito de inveja, maldi\u00e7\u00e3o, de disc\u00f3rdia. Fazei-nos humildes, fortes nos sofrimentos, em paci\u00eancia e caridade, firmes e confiantes na Divina Provid\u00eancia. Aben\u00e7oai-nos, dirigindo os nossos passos no caminho da paz, <br \/>da uni\u00e3o e m\u00fatua caridade, para que, formando aqui a fam\u00edlia de Deus,<\/p>\n<p style=\"text-align: justify;\">possamos no c\u00e9u bendizer o vosso divino Filho por toda a eternidade. Assim seja. Am\u00e9m\u201d!<\/p>\n<p style=\"text-align: justify;\">Com este ato de amor e de entrega a v\u00f3s, M\u00e3e querida, deixo-vos em vossos p\u00e9s o meu solid\u00e9u, como ato de me consagrar a v\u00f3s e de entregar todo o amado povo que Deus me confiou, suplicando a paz para esta cidade do Rio de Janeiro.<\/p>\n<p style=\"text-align: justify;\">\u00a0<\/p>\n","protected":false},"excerpt":{"rendered":"<p>No m\u00eas de maio, celebramos no dia 13 a festa de Nossa Senhora de F\u00e1tima. Trata-se de uma das maiores devo\u00e7\u00f5es espalhada pelo mundo e venerada por este t\u00edtulo. No dia 13 de maio de 1917, tr\u00eas crian\u00e7as cuidavam de um pequeno rebanho na Cova da Iria, em F\u00e1tima, Portugal. Os pastorinhos chamavam-se: L\u00facia de [&hellip;]<\/p>\n","protected":false},"author":5,"featured_media":0,"comment_status":"open","ping_status":"open","sticky":false,"template":"","format":"standard","meta":{"footnotes":""},"categories":[9],"tags":[],"class_list":["post-29957","post","type-post","status-publish","format-standard","hentry","category-artigos"],"_links":{"self":[{"href":"https:\/\/catolicanet.net\/wp-cnet\/wp-json\/wp\/v2\/posts\/29957","targetHints":{"allow":["GET"]}}],"collection":[{"href":"https:\/\/catolicanet.net\/wp-cnet\/wp-json\/wp\/v2\/posts"}],"about":[{"href":"https:\/\/catolicanet.net\/wp-cnet\/wp-json\/wp\/v2\/types\/post"}],"author":[{"embeddable":true,"href":"https:\/\/catolicanet.net\/wp-cnet\/wp-json\/wp\/v2\/users\/5"}],"replies":[{"embeddable":true,"href":"https:\/\/catolicanet.net\/wp-cnet\/wp-json\/wp\/v2\/comments?post=29957"}],"version-history":[{"count":1,"href":"https:\/\/catolicanet.net\/wp-cnet\/wp-json\/wp\/v2\/posts\/29957\/revisions"}],"predecessor-version":[{"id":30746,"href":"https:\/\/catolicanet.net\/wp-cnet\/wp-json\/wp\/v2\/posts\/29957\/revisions\/30746"}],"wp:attachment":[{"href":"https:\/\/catolicanet.net\/wp-cnet\/wp-json\/wp\/v2\/media?parent=29957"}],"wp:term":[{"taxonomy":"category","embeddable":true,"href":"https:\/\/catolicanet.net\/wp-cnet\/wp-json\/wp\/v2\/categories?post=29957"},{"taxonomy":"post_tag","embeddable":true,"href":"https:\/\/catolicanet.net\/wp-cnet\/wp-json\/wp\/v2\/tags?post=29957"}],"curies":[{"name":"wp","href":"https:\/\/api.w.org\/{rel}","templated":true}]}}