{"id":29949,"date":"2017-05-12T19:36:16","date_gmt":"2017-05-12T22:36:16","guid":{"rendered":"http:\/\/catolicanet.net\/wp-cnet\/2017\/05\/12\/mulher-eis-o-teu-filho-filho-eis-a-tua-mae-jo-19-26-27\/"},"modified":"2017-06-08T11:53:52","modified_gmt":"2017-06-08T14:53:52","slug":"mulher-eis-o-teu-filho-filho-eis-a-tua-mae-jo-19-26-27","status":"publish","type":"post","link":"https:\/\/catolicanet.net\/wp-cnet\/mulher-eis-o-teu-filho-filho-eis-a-tua-mae-jo-19-26-27\/","title":{"rendered":"\u201cMulher, eis o teu filho! Filho \u201cEis a tua m\u00e3e\u201d (Jo 19, 26-27)"},"content":{"rendered":"<p style=\"text-align: justify;\"><img decoding=\"async\" src=\"http:\/\/www.catolicanet.com.br\/images\/stories\/artigos\/dom rodolfo 3.jpg\" border=\"0\" align=\"left\" \/>A significativa data do Dia das M\u00e3es abre um amplo espa\u00e7o de reflex\u00e3o. Parto de um fato b\u00edblico. Jesus, pregado na cruz, v\u00ea diante dele sua m\u00e3e Maria, o disc\u00edpulo Jo\u00e3o e outras pessoas. Nesta cena horrorosa, o olhar amoroso de Jesus recai sobre a m\u00e3e Maria. \u00c9 a \u00faltima manifesta\u00e7\u00e3o de carinho e cuidado confiando-a aos cuidados do ap\u00f3stolo Jo\u00e3o. Tamb\u00e9m, Maria v\u00ea Jesus, seu filho amado, que passou pelo mundo s\u00f3 fazendo bem, sendo executado inocentemente. Sofre diante daquela situa\u00e7\u00e3o, sem poder fazer nada.<\/p>\n<p style=\"text-align: justify;\">Este fato b\u00edblico traz elementos para a reflex\u00e3o sobre a rela\u00e7\u00e3o m\u00e3e e filho, filho e m\u00e3e. As realidades destas rela\u00e7\u00f5es existenciais s\u00e3o m\u00faltiplas e \u00fanicas, portanto, \u00e9 imposs\u00edvel generalizar. <br \/>O filho desejado, planejado e esperado pela m\u00e3e, a faz criar um universo de sonhos e expectativas. Acontece uma idealiza\u00e7\u00e3o para a vida daquele que est\u00e1 vindo. Espera-se sempre o ideal, o perfeito, sem nada de dor, de conflito ou imprevistos tr\u00e1gicos. Como \u00e9 pr\u00f3prio da natureza humana, projetos s\u00e3o idealizados e vai-se tomando medidas para a sua realiza\u00e7\u00e3o. \u00c9 a virtude da esperan\u00e7a que n\u00e3o se conforma com uma vis\u00e3o pequena da vida. In\u00fameras hist\u00f3rias felizes podem ser contadas e cantadas. M\u00e3e, eis o teu filho.<\/p>\n<p style=\"text-align: justify;\">Entre tantos sonhos e idealiza\u00e7\u00f5es existe o outro lado da moeda, que \u00e9 a presen\u00e7a da dor, do sofrimento e da amargura. \u00c9 sonho que se esvai paulatina ou repentinamente. \u00c9 a m\u00e3e que recebe, em seu colo, o filho morto inocentemente na trag\u00e9dia da viol\u00eancia, seja do tr\u00e2nsito, do latroc\u00ednio, da bala perdida, da guerra promovida por loucos, etc. Outras m\u00e3es choram os filhos vendo-os tomando rumos de degrada\u00e7\u00e3o f\u00edsica ou moral. O filho sonhado e desejado transforma-se em cont\u00ednua dor. M\u00e3e, eis o teu filho.<\/p>\n<p style=\"text-align: justify;\">Filho, eis a tua m\u00e3e. \u00c9 o olhar do filho em rela\u00e7\u00e3o \u00e0 m\u00e3e. O in\u00edcio da vida do filho \u00e9 marcado pela total depend\u00eancia biol\u00f3gica da m\u00e3e e com o passar dos anos chega \u00e0 progressiva independ\u00eancia. N\u00e3o \u00e9 raro que a m\u00e3e v\u00e1 se tornando dependente do filho. A conviv\u00eancia e os sentimentos v\u00e3o passando por diversas situa\u00e7\u00f5es na medida em que passam os anos. De um lado cresce o amor, a admira\u00e7\u00e3o, o carinho, a amizade, o respeito e o cuidado. Como tamb\u00e9m, em outros casos se desenvolvem sentimentos de desencanto, indiferen\u00e7a, at\u00e9 de abandono em situa\u00e7\u00f5es extremas.<\/p>\n<p style=\"text-align: justify;\">No Dia das M\u00e3es celebramos situa\u00e7\u00f5es ideais e felizes. Somos solid\u00e1rios com as m\u00e3es que tem poucas raz\u00f5es para sorrir e se alegrar. A imagem emblem\u00e1tica do calv\u00e1rio revela que o amor e o cuidado s\u00e3o poss\u00edveis em qualquer situa\u00e7\u00e3o.<\/p>\n<p style=\"text-align: justify;\">Um abra\u00e7o \u00e0s m\u00e3es e que Deus as aben\u00e7oe.<\/p>\n<p style=\"text-align: justify;\">Dom Rodolfo Lu\u00eds Weber<br \/>Arcebispo de Passo Fundo<br \/>12 de maio de 2017<\/p>\n","protected":false},"excerpt":{"rendered":"<p>A significativa data do Dia das M\u00e3es abre um amplo espa\u00e7o de reflex\u00e3o. Parto de um fato b\u00edblico. Jesus, pregado na cruz, v\u00ea diante dele sua m\u00e3e Maria, o disc\u00edpulo Jo\u00e3o e outras pessoas. Nesta cena horrorosa, o olhar amoroso de Jesus recai sobre a m\u00e3e Maria. \u00c9 a \u00faltima manifesta\u00e7\u00e3o de carinho e cuidado [&hellip;]<\/p>\n","protected":false},"author":18,"featured_media":18023,"comment_status":"open","ping_status":"open","sticky":false,"template":"","format":"standard","meta":{"footnotes":""},"categories":[9],"tags":[],"class_list":["post-29949","post","type-post","status-publish","format-standard","has-post-thumbnail","hentry","category-artigos"],"_links":{"self":[{"href":"https:\/\/catolicanet.net\/wp-cnet\/wp-json\/wp\/v2\/posts\/29949","targetHints":{"allow":["GET"]}}],"collection":[{"href":"https:\/\/catolicanet.net\/wp-cnet\/wp-json\/wp\/v2\/posts"}],"about":[{"href":"https:\/\/catolicanet.net\/wp-cnet\/wp-json\/wp\/v2\/types\/post"}],"author":[{"embeddable":true,"href":"https:\/\/catolicanet.net\/wp-cnet\/wp-json\/wp\/v2\/users\/18"}],"replies":[{"embeddable":true,"href":"https:\/\/catolicanet.net\/wp-cnet\/wp-json\/wp\/v2\/comments?post=29949"}],"version-history":[{"count":1,"href":"https:\/\/catolicanet.net\/wp-cnet\/wp-json\/wp\/v2\/posts\/29949\/revisions"}],"predecessor-version":[{"id":30749,"href":"https:\/\/catolicanet.net\/wp-cnet\/wp-json\/wp\/v2\/posts\/29949\/revisions\/30749"}],"wp:featuredmedia":[{"embeddable":true,"href":"https:\/\/catolicanet.net\/wp-cnet\/wp-json\/wp\/v2\/media\/18023"}],"wp:attachment":[{"href":"https:\/\/catolicanet.net\/wp-cnet\/wp-json\/wp\/v2\/media?parent=29949"}],"wp:term":[{"taxonomy":"category","embeddable":true,"href":"https:\/\/catolicanet.net\/wp-cnet\/wp-json\/wp\/v2\/categories?post=29949"},{"taxonomy":"post_tag","embeddable":true,"href":"https:\/\/catolicanet.net\/wp-cnet\/wp-json\/wp\/v2\/tags?post=29949"}],"curies":[{"name":"wp","href":"https:\/\/api.w.org\/{rel}","templated":true}]}}