{"id":29948,"date":"2017-05-12T19:31:25","date_gmt":"2017-05-12T22:31:25","guid":{"rendered":"http:\/\/catolicanet.net\/wp-cnet\/2017\/05\/12\/presentao-de-dia-das-maes-jornalista-brasileira-gravida-e-abencoada-pelo-papa-francisco\/"},"modified":"2017-06-08T11:54:56","modified_gmt":"2017-06-08T14:54:56","slug":"presentao-de-dia-das-maes-jornalista-brasileira-gravida-e-abencoada-pelo-papa-francisco","status":"publish","type":"post","link":"https:\/\/catolicanet.net\/wp-cnet\/presentao-de-dia-das-maes-jornalista-brasileira-gravida-e-abencoada-pelo-papa-francisco\/","title":{"rendered":"Present\u00e3o de Dia das M\u00e3es: jornalista brasileira gr\u00e1vida \u00e9 aben\u00e7oada pelo papa Francisco"},"content":{"rendered":"<p style=\"text-align: justify;\"><img decoding=\"async\" src=\"http:\/\/www.catolicanet.com.br\/images\/stories\/noticias2017\/anna-ferreira-abenc.jpg\" border=\"0\" align=\"left\" \/>Foi durante o voo para F\u00e1tima<\/p>\n<p>O papa Francisco aben\u00e7oou o ventre de uma jovem jornalista brasileira gr\u00e1vida de cinco meses. Foi durante o voo para F\u00e1tima. Um momento de muita ternura, que tem como marco o in\u00edcio da peregrina\u00e7\u00e3o do pont\u00edfice ao santu\u00e1rio mariano.<\/p>\n<p>A mam\u00e3e sortuda integra o grupo de 63 jornalistas de diversos meios de comunica\u00e7\u00e3o que cobrem a 19.\u00aa viagem apost\u00f3lica de Francisco.<\/p>\n<p>\u201cEu fiquei muito emocionada e queria dizer ao papa tudo o que eu tinha em mente\u201d, disse Anna Ferreira \u00e0 Aleteia, logo depois que o Airbus A321 da Alitalia pousou na base a\u00e9rea portuguesa de Monte Real, a 40 quil\u00f4metros da pequena cidade de F\u00e1tima, que tem 10.900 habitantes.<\/p>\n<p>Anna \u00e9 correspondente da Rede Vida de Televis\u00e3o em Roma e produz reportagens para o canal brasileiro. \u201cO papa me perguntou quando vai nascer meu beb\u00ea. Eu disse que ser\u00e1 uma doce espera at\u00e9 o fim de setembro\u201d, contou Anna, emocionada.<\/p>\n<p>Em seu perfil no Facebook, a jornalista postou uma foto deste momento \u00fanico e contou um pouco mais sobre este present\u00e3o que ela ganhou nas v\u00e9speras do Dia das M\u00e3es: \u201cQue emo\u00e7\u00e3o sentir o carinho do Papa! Rezei junto com ele pedindo pela sa\u00fade do meu beb\u00ea e de todas as mam\u00e3es que, como eu, est\u00e3o vivendo a melhor espera do mundo\u201d, diz Anna no post.<\/p>\n<p style=\"text-align: justify;\">\u00a0<\/p>\n<p style=\"text-align: justify;\">Fonte: Aleteia<\/p>\n","protected":false},"excerpt":{"rendered":"<p>Foi durante o voo para F\u00e1tima O papa Francisco aben\u00e7oou o ventre de uma jovem jornalista brasileira gr\u00e1vida de cinco meses. Foi durante o voo para F\u00e1tima. Um momento de muita ternura, que tem como marco o in\u00edcio da peregrina\u00e7\u00e3o do pont\u00edfice ao santu\u00e1rio mariano. A mam\u00e3e sortuda integra o grupo de 63 jornalistas de [&hellip;]<\/p>\n","protected":false},"author":1,"featured_media":29947,"comment_status":"open","ping_status":"open","sticky":false,"template":"","format":"standard","meta":{"footnotes":""},"categories":[4],"tags":[],"class_list":["post-29948","post","type-post","status-publish","format-standard","has-post-thumbnail","hentry","category-cotidiano"],"_links":{"self":[{"href":"https:\/\/catolicanet.net\/wp-cnet\/wp-json\/wp\/v2\/posts\/29948","targetHints":{"allow":["GET"]}}],"collection":[{"href":"https:\/\/catolicanet.net\/wp-cnet\/wp-json\/wp\/v2\/posts"}],"about":[{"href":"https:\/\/catolicanet.net\/wp-cnet\/wp-json\/wp\/v2\/types\/post"}],"author":[{"embeddable":true,"href":"https:\/\/catolicanet.net\/wp-cnet\/wp-json\/wp\/v2\/users\/1"}],"replies":[{"embeddable":true,"href":"https:\/\/catolicanet.net\/wp-cnet\/wp-json\/wp\/v2\/comments?post=29948"}],"version-history":[{"count":1,"href":"https:\/\/catolicanet.net\/wp-cnet\/wp-json\/wp\/v2\/posts\/29948\/revisions"}],"predecessor-version":[{"id":30750,"href":"https:\/\/catolicanet.net\/wp-cnet\/wp-json\/wp\/v2\/posts\/29948\/revisions\/30750"}],"wp:featuredmedia":[{"embeddable":true,"href":"https:\/\/catolicanet.net\/wp-cnet\/wp-json\/wp\/v2\/media\/29947"}],"wp:attachment":[{"href":"https:\/\/catolicanet.net\/wp-cnet\/wp-json\/wp\/v2\/media?parent=29948"}],"wp:term":[{"taxonomy":"category","embeddable":true,"href":"https:\/\/catolicanet.net\/wp-cnet\/wp-json\/wp\/v2\/categories?post=29948"},{"taxonomy":"post_tag","embeddable":true,"href":"https:\/\/catolicanet.net\/wp-cnet\/wp-json\/wp\/v2\/tags?post=29948"}],"curies":[{"name":"wp","href":"https:\/\/api.w.org\/{rel}","templated":true}]}}